{"id":662426,"date":"2026-01-14T07:36:11","date_gmt":"2026-01-14T07:36:11","guid":{"rendered":"https:\/\/www.europesays.com\/fr\/662426\/"},"modified":"2026-01-14T07:36:11","modified_gmt":"2026-01-14T07:36:11","slug":"un-accident-perturbe-le-trafic-sur-la55-a-marseille","status":"publish","type":"post","link":"https:\/\/www.europesays.com\/fr\/662426\/","title":{"rendered":"Un accident perturbe le trafic sur l&rsquo;A55 \u00e0 Marseille"},"content":{"rendered":"<p>Une voiture seule est impliqu\u00e9e. <a href=\"https:\/\/www.laprovence.com\/article\/societe\/39145466954013\/travaux-de-nuit-dans-les-bouches-du-rhone-la-l2-et-la50-fermees-cette-semaine-des-tunnels-boucles-a-marseille\" target=\"_blank\" rel=\"noopener\">Sur l&rsquo;autoroute A55<\/a>, un accident a eu lieu ce mercredi matin. Et ce \u00e0 hauteur de Saint-Andr\u00e9, dans le sens Fos-Marseille. Le v\u00e9hicule accident\u00e9 se trouve sur la voie de gauche, la voie dite \u00ab\u00a0rapide\u00a0\u00bb. Il est immobilis\u00e9 et apparemment a heurt\u00e9 la glissi\u00e8re de s\u00e9curit\u00e9.<\/p>\n<p>Les airbags ont \u00e9t\u00e9 d\u00e9clench\u00e9s. On continue de circuler sur les voies du milieu et de droite. La police est sur place et sans doute les patrouilleurs de la Dirmed. Un bouchon de pr\u00e8s de deux kilom\u00e8tres.<\/p>\n<p>Dans l&rsquo;autre sens tout va bien. Aucun bouchon n&rsquo;est en cours.<\/p>\n","protected":false},"excerpt":{"rendered":"Une voiture seule est impliqu\u00e9e. Sur l&rsquo;autoroute A55, un accident a eu lieu ce mercredi matin. Et ce&hellip;\n","protected":false},"author":2,"featured_media":662427,"comment_status":"","ping_status":"","sticky":false,"template":"","format":"standard","meta":{"footnotes":""},"categories":[2814],"tags":[5734,119,1111,11,1777,674,1011,27,28014,884,12,9777,882,16,25,3356,1097],"class_list":{"0":"post-662426","1":"post","2":"type-post","3":"status-publish","4":"format-standard","5":"has-post-thumbnail","7":"category-marseille","8":"tag-5734","9":"tag-accident","10":"tag-actu","11":"tag-actualites","12":"tag-eu","13":"tag-europe","14":"tag-fr","15":"tag-france","16":"tag-la55","17":"tag-marseille","18":"tag-news","19":"tag-perturbe","20":"tag-provence-alpes-cote-dazur","21":"tag-region","22":"tag-republique-francaise","23":"tag-sur","24":"tag-trafic"},"share_on_mastodon":{"url":"https:\/\/pubeurope.com\/@fr\/115892308191352341","error":""},"_links":{"self":[{"href":"https:\/\/www.europesays.com\/fr\/wp-json\/wp\/v2\/posts\/662426","targetHints":{"allow":["GET"]}}],"collection":[{"href":"https:\/\/www.europesays.com\/fr\/wp-json\/wp\/v2\/posts"}],"about":[{"href":"https:\/\/www.europesays.com\/fr\/wp-json\/wp\/v2\/types\/post"}],"author":[{"embeddable":true,"href":"https:\/\/www.europesays.com\/fr\/wp-json\/wp\/v2\/users\/2"}],"replies":[{"embeddable":true,"href":"https:\/\/www.europesays.com\/fr\/wp-json\/wp\/v2\/comments?post=662426"}],"version-history":[{"count":0,"href":"https:\/\/www.europesays.com\/fr\/wp-json\/wp\/v2\/posts\/662426\/revisions"}],"wp:featuredmedia":[{"embeddable":true,"href":"https:\/\/www.europesays.com\/fr\/wp-json\/wp\/v2\/media\/662427"}],"wp:attachment":[{"href":"https:\/\/www.europesays.com\/fr\/wp-json\/wp\/v2\/media?parent=662426"}],"wp:term":[{"taxonomy":"category","embeddable":true,"href":"https:\/\/www.europesays.com\/fr\/wp-json\/wp\/v2\/categories?post=662426"},{"taxonomy":"post_tag","embeddable":true,"href":"https:\/\/www.europesays.com\/fr\/wp-json\/wp\/v2\/tags?post=662426"}],"curies":[{"name":"wp","href":"https:\/\/api.w.org\/{rel}","templated":true}]}}