{"id":662428,"date":"2026-01-14T07:37:17","date_gmt":"2026-01-14T07:37:17","guid":{"rendered":"https:\/\/www.europesays.com\/fr\/662428\/"},"modified":"2026-01-14T07:37:17","modified_gmt":"2026-01-14T07:37:17","slug":"marseille-saint-charles-le-trafic-des-trains-arrete-sur-cette-ligne-ce-quil-se-passe","status":"publish","type":"post","link":"https:\/\/www.europesays.com\/fr\/662428\/","title":{"rendered":"Marseille Saint-Charles. Le trafic des trains arr\u00eat\u00e9 sur cette ligne : ce qu&rsquo;il se passe"},"content":{"rendered":"<p>                    Par<br \/>\n        <strong><br \/>\n            <a href=\"https:\/\/actu.fr\/auteur\/fabien-binacchi\" title=\"Consulter tous les articles de Fabien Binacchi\" target=\"_blank\" rel=\"noopener\">Fabien Binacchi<\/a><br \/>\n                    <\/strong><\/p>\n<p>        Publi\u00e9 le<\/p>\n<p>            14 janv. 2026 \u00e0 8h18        <\/p>\n<p>Des retards importants sont \u00e0 pr\u00e9voir. Ce mercredi 14\u00a0janvier 2026, un peu avant 8h, le trafic ferroviaire a \u00e9t\u00e9 mis \u00e0 l\u2019arr\u00eat de Toulon aux Arcs, impactant <strong>les d\u00e9parts et les arriv\u00e9s<\/strong> entre les gares de <a href=\"https:\/\/actu.fr\/marseille\/\" target=\"_blank\" rel=\"noopener\">Marseille<\/a> <a href=\"https:\/\/actu.fr\/tag\/gare-saint-charles\" target=\"_blank\" rel=\"noopener\">Saint-Charles<\/a> et <a href=\"https:\/\/actu.fr\/nice\/\" target=\"_blank\" rel=\"noopener\">Nice.<\/a><\/p>\n<p class=\" wall-content\">Voici ce qu\u2019il se passe.<\/p>\n<p>Une \u00ab\u2009d\u00e9faillance\u2009\u00bb \u00e9lectrique en cause<\/p>\n<p class=\" wall-content\">L\u2019incident est intervenu vers 7h45, selon le service r\u00e9gional de transports Zou\u2009! Un \u00ab\u2009d\u00e9faut d\u2019alimentation \u00e9lectrique\u2009\u00bb <strong>au niveau de la gare de Le-Luc-Le-Cannet (Var)<\/strong> a entra\u00een\u00e9 une interruption de la circulation \u00ab\u2009entre Toulon et Les Arcs dans le sens Toulon Les Arcs\u2009\u00bb.<\/p>\n<blockquote class=\"ac-article-quote wall-content\">\n<p>Une d\u00e9faillance du syst\u00e8me d&rsquo;alimentation \u00e9lectrique occasionne un ralentissement des circulations<\/p>\n<p>    <strong>SNCF<\/strong>\n            <\/p><\/blockquote>\n<p class=\" wall-content\"><strong>\u00ab\u2009Des retards et des suppressions sont \u00e0 pr\u00e9voir\u2009\u00bb,<\/strong> indique \u00e9galement la SNCF.<\/p>\n<p class=\" wall-content\">\n<p>La reprise du trafic estim\u00e9e \u00e0 10h20<\/p>\n<p class=\" wall-content\">Des trains en direction de Nice et au d\u00e9part de Marseille affichent d\u00e9j\u00e0 <strong>des retards de 30\u00a0minutes, voire 45\u00a0minutes.<\/strong> Et la perturbation pourrait durer.<\/p>\n<p class=\" wall-content\">Pour le moment, une reprise normale de la circulation est annonc\u00e9e pour 10h20.<\/p>\n<p class=\" wall-content\"><strong>\u00bb Plus d\u2019infos \u00e0 venir.<\/strong><\/p>\n<p class=\" wall-content\">Personnalisez votre actualit\u00e9 en ajoutant vos villes et m\u00e9dias en favori avec <a href=\"https:\/\/moncompte.actu.fr\" title=\"D\u00e9couvez Mon Actu\" rel=\"nofollow noopener\" data-trk=\"{&quot;cta&quot;:{&quot;action&quot;:&quot;https:\\\/\\\/moncompte.actu.fr&quot;,&quot;category&quot;:&quot;mon compte&quot;,&quot;from&quot;:&quot;article footer&quot;,&quot;name&quot;:&quot;Mon actu&quot;,&quot;type&quot;:&quot;cta&quot;}}\" target=\"_blank\">Mon Actu<\/a>.<\/p>\n","protected":false},"excerpt":{"rendered":"Par Fabien Binacchi Publi\u00e9 le 14 janv. 2026 \u00e0 8h18 Des retards importants sont \u00e0 pr\u00e9voir. Ce mercredi&hellip;\n","protected":false},"author":2,"featured_media":662429,"comment_status":"","ping_status":"","sticky":false,"template":"","format":"standard","meta":{"footnotes":""},"categories":[2814],"tags":[1111,11,1777,674,1011,27,6305,884,12,882,25,2215,104],"class_list":{"0":"post-662428","1":"post","2":"type-post","3":"status-publish","4":"format-standard","5":"has-post-thumbnail","7":"category-marseille","8":"tag-actu","9":"tag-actualites","10":"tag-eu","11":"tag-europe","12":"tag-fr","13":"tag-france","14":"tag-gare-saint-charles","15":"tag-marseille","16":"tag-news","17":"tag-provence-alpes-cote-dazur","18":"tag-republique-francaise","19":"tag-sncf","20":"tag-societe"},"share_on_mastodon":{"url":"https:\/\/pubeurope.com\/@fr\/115892312083850542","error":""},"_links":{"self":[{"href":"https:\/\/www.europesays.com\/fr\/wp-json\/wp\/v2\/posts\/662428","targetHints":{"allow":["GET"]}}],"collection":[{"href":"https:\/\/www.europesays.com\/fr\/wp-json\/wp\/v2\/posts"}],"about":[{"href":"https:\/\/www.europesays.com\/fr\/wp-json\/wp\/v2\/types\/post"}],"author":[{"embeddable":true,"href":"https:\/\/www.europesays.com\/fr\/wp-json\/wp\/v2\/users\/2"}],"replies":[{"embeddable":true,"href":"https:\/\/www.europesays.com\/fr\/wp-json\/wp\/v2\/comments?post=662428"}],"version-history":[{"count":0,"href":"https:\/\/www.europesays.com\/fr\/wp-json\/wp\/v2\/posts\/662428\/revisions"}],"wp:featuredmedia":[{"embeddable":true,"href":"https:\/\/www.europesays.com\/fr\/wp-json\/wp\/v2\/media\/662429"}],"wp:attachment":[{"href":"https:\/\/www.europesays.com\/fr\/wp-json\/wp\/v2\/media?parent=662428"}],"wp:term":[{"taxonomy":"category","embeddable":true,"href":"https:\/\/www.europesays.com\/fr\/wp-json\/wp\/v2\/categories?post=662428"},{"taxonomy":"post_tag","embeddable":true,"href":"https:\/\/www.europesays.com\/fr\/wp-json\/wp\/v2\/tags?post=662428"}],"curies":[{"name":"wp","href":"https:\/\/api.w.org\/{rel}","templated":true}]}}