{"id":662436,"date":"2026-01-14T07:42:11","date_gmt":"2026-01-14T07:42:11","guid":{"rendered":"https:\/\/www.europesays.com\/fr\/662436\/"},"modified":"2026-01-14T07:42:11","modified_gmt":"2026-01-14T07:42:11","slug":"paris-avec-le-demontage-de-ses-celebres-gradins-le-parvis-de-la-cathedrale-notre-dame-entame-sa-metamorphose","status":"publish","type":"post","link":"https:\/\/www.europesays.com\/fr\/662436\/","title":{"rendered":"Paris. Avec le d\u00e9montage de ses c\u00e9l\u00e8bres gradins, le parvis de la cath\u00e9drale Notre-Dame entame sa m\u00e9tamorphose"},"content":{"rendered":"<p>                    Par<br \/>\n        <strong><br \/>\n            <a href=\"https:\/\/actu.fr\/auteur\/antoine-grotteria02\" title=\"Consulter tous les articles de Antoine Grotteria\" target=\"_blank\" rel=\"noopener\">Antoine Grotteria<\/a><br \/>\n                    <\/strong><\/p>\n<p>        Publi\u00e9 le<\/p>\n<p>            14 janv. 2026 \u00e0 6h32        <\/p>\n<p>Tout \u00e9bahis devant cette montagne de pierre, flanqu\u00e9e de ses deux tours, les touristes ne d\u00e9tournent pas le regard. En ce mardi 13\u00a0janvier 2026, une belle lumi\u00e8re inonde le <strong>parvis Jean-Paul II<\/strong>, dans le 4e arrondissement de <a href=\"https:\/\/actu.fr\/paris\/\" target=\"_blank\" rel=\"noopener\">Paris<\/a>. Un flux incessant de visiteurs entrent et sortent de la <a href=\"https:\/\/actu.fr\/tag\/cathedrale-notre-dame-de-paris\" target=\"_blank\" rel=\"noopener\">cath\u00e9drale Notre-Dame de Paris<\/a>, dans une atmosph\u00e8re douce et \u00e0 la fois bruyante. Ce bruit \u00e9mane des scies \u00e9lectriques utilis\u00e9es \u00e0 divers endroits de la place. Parmi eux, la tribune \u00e9ph\u00e9m\u00e8re install\u00e9e au-dessus de la crypte arch\u00e9ologique de l\u2019\u00eele de la Cit\u00e9. \u00c9difi\u00e9e en 2019 apr\u00e8s l\u2019incendie du monument historique, la structure de <strong>300 places<\/strong> est en phase de <strong>d\u00e9montage<\/strong>, comme l\u2019a constat\u00e9 actu Paris. Une lettre d\u2019information \u00e9crite par la mairie de Paris Centre a \u00e9t\u00e9 adress\u00e9e en ce sens aux habitants, selon des \u00e9l\u00e9ments r\u00e9v\u00e9l\u00e9s par <a href=\"https:\/\/www.leparisien.fr\/paris-75\/notre-dame-de-paris-toujours-pleins-les-gradins-ephemeres-sur-le-parvis-de-la-cathedrale-vont-etre-demontes-12-01-2026-JTF4CTXNGZDIZJJOWC5CR7XKSQ.php?at_variant=photo&amp;at_creation=Le%20Parisien%20%7C%20Paris&amp;at_campaign=Partage%20Twitter%20CM&amp;at_medium=Social%20media\" target=\"_blank\" rel=\"noopener\">Le Parisien<\/a>.<\/p>\n<p>Quatre semaines de d\u00e9montage<\/p>\n<p class=\" wall-content\">Les travaux ont d\u00e9but\u00e9 ce lundi 12\u00a0janvier et dureront quatre semaines, jusqu\u2019au <strong>6\u00a0f\u00e9vrier<\/strong>. Ils marquent la fin d\u2019une installation \u00e9ph\u00e9m\u00e8re qui plaisait aux touristes en raison du point de vue <strong>spectaculaire<\/strong> qu\u2019il offrait sur la principale fa\u00e7ade du lieu de culte. L\u2019ouvrage avait \u00e9galement une fonction de repos. Son existence temporaire avait \u00e9t\u00e9 act\u00e9e par la maire de Paris <a href=\"https:\/\/actu.fr\/ile-de-france\/paris_75056\/c-est-du-tripatouillage-anne-hidalgo-vent-debout-contre-la-reforme-du-scrutin-des-municipales-a-paris_62216788.html\" target=\"_blank\" rel=\"noopener\">Anne Hidalgo<\/a>, laquelle avait acc\u00e9d\u00e9 \u00e0 la requ\u00eate du recteur de Notre-Dame, <strong>Mgr Patrick Chauvet<\/strong>, en poste jusqu\u2019en 2022.<\/p>\n<p class=\" wall-content\">Le lieu est d\u00e9sormais entour\u00e9 de grilles. Une poign\u00e9e d\u2019ouvriers s\u2019att\u00e8le \u00e0 fendre les morceaux de bois. Autour, le sens de la circulation et le stationnement ont \u00e9t\u00e9 modifi\u00e9s, selon un arr\u00eat\u00e9 placard\u00e9 par la voisine <a href=\"https:\/\/actu.fr\/tag\/prefecture-de-police-de-paris\" target=\"_blank\" rel=\"noopener\">pr\u00e9fecture de Police<\/a> sur un panneau situ\u00e9 \u00e0 proximit\u00e9 de la tribune, rue de la Cit\u00e9. Cette \u00e9tape pose un jalon symbolique dans le <strong>r\u00e9am\u00e9nagement du parvis et des abords<\/strong> de Notre-Dame.<\/p>\n<p>    <img   decoding=\"async\" loading=\"lazy\" src=\"https:\/\/www.europesays.com\/fr\/wp-content\/uploads\/2026\/01\/notre-dame-6-960x640.jpg\" alt=\"Les ouvriers s'att\u00e8lent \u00e0 couper les morceaux de bois utilis\u00e9s pour l'\u00e9difice. \" width=\"960\" height=\"640\"\/><br \/>\n    Les ouvriers s\u2019att\u00e8lent \u00e0 couper les morceaux de bois utilis\u00e9s pour l\u2019\u00e9difice. (\u00a9AG\/ actu Paris)<\/p>\n<p class=\" wall-content\">Un an apr\u00e8s la <a href=\"https:\/\/actu.fr\/ile-de-france\/paris_75056\/c-est-sublime-les-premieres-images-saisissantes-de-l-interieur-de-notre-dame-de-paris-entierement-restauree_61934470.html\" target=\"_blank\" rel=\"noopener\">r\u00e9ouverture<\/a> de la cath\u00e9drale, en d\u00e9cembre\u00a02024, la ville. Des <strong>fouilles pr\u00e9ventives<\/strong> sont effectu\u00e9es depuis plusieurs mois. Une op\u00e9ration replac\u00e9e dans le contexte historique de la transformation de Notre-Dame et pr\u00e9sent\u00e9e sous la forme d\u2019une <strong>fresque<\/strong>. Cette exploration du sous-sol avait d\u00e9j\u00e0 permis dans les ann\u00e9es 1970 la d\u00e9couverte de vestiges antiques et m\u00e9di\u00e9vaux. Autant de tr\u00e9sors r\u00e9unis dans une crypte dont les secrets restent encore entiers \u00e0 certains endroits.<\/p>\n<p>Une v\u00e9g\u00e9talisation \u00e0 venir<\/p>\n<p class=\" wall-content\">Dans un <a href=\"https:\/\/www.apur.org\/sites\/default\/files\/abords_notre_dame_paris_analyse_urbaine.pdf?openfile_analytics=4584\" target=\"_blank\" rel=\"noopener\">rapport<\/a> publi\u00e9 en 2020, l\u2019Atelier parisien d\u2019urbanisme (Apur) avait indiqu\u00e9 qu\u2019une \u00ab\u2009r\u00e9flexion sur des modifications de la crypte afin d\u2019augmenter son attractivit\u00e9 [\u2026] (\u00e9tait) en cours\u2009\u00bb. En ce moment, une <strong>exposition<\/strong> sur les objets retrouv\u00e9s dans la Seine \u00e0 la Pr\u00e9histoire d\u00e9voile une partie des myst\u00e8res du fleuve, de ses berges et de son lit.<\/p>\n<p class=\" wall-content\">En attendant d\u2019autres r\u00e9v\u00e9lations, les fouilles pr\u00e9ventives pr\u00e9c\u00e8dent la conduite d\u2019autres travaux. Objectif, v\u00e9g\u00e9taliser l\u2019espace public. Anne Hidalgo l\u2019avait esquiss\u00e9 en octobre\u00a02024. Chapeaut\u00e9 par l\u2019architecture paysagiste Bas Smets, le projet de <strong>50\u00a0millions d\u2019euros<\/strong> doit permettre le r\u00e9am\u00e9nagement de 4,7 hectares de la point de <a href=\"https:\/\/actu.fr\/tag\/ile-de-la-cite\" target=\"_blank\" rel=\"noopener\">l\u2019\u00cele de la Cit\u00e9<\/a> avec 1\u2009800\u00a0m\u00e8tres carr\u00e9s d\u2019espaces verts suppl\u00e9mentaires. Les jardins situ\u00e9s au sud du monument int\u00e9greront un parc des berges de 400\u00a0m\u00e8tres.<\/p>\n<p>Votre r\u00e9gion, votre actu !<\/p>\n<p>Recevez chaque jour les infos qui comptent pour vous.<\/p>\n<p>\t<a href=\"https:\/\/actu.fr\/newsletter\" class=\"ac-btn ac-btn--corner ac-btn--medium ac-btn--blue800\" target=\"_blank\" rel=\"noopener\">S&rsquo;incrire<\/a><\/p>\n<p class=\" wall-content\">Sous le parvis, l\u2019ancien parking, autrefois d\u2019une capacit\u00e9 de 238 places, sera r\u00e9am\u00e9nag\u00e9 en promenade. Enfin, un abri sera am\u00e9nag\u00e9 sous le parvis. Une volont\u00e9 de la ville pour affronter la pluie et les fortes chaleurs, qui vont s\u2019accentuer dans les prochaines ann\u00e9es avec le <a href=\"https:\/\/actu.fr\/ile-de-france\/paris_75056\/rechauffement-climatique-inexorablement-le-recours-a-la-climatisation-progresse-a-paris_62539930.html\" target=\"_blank\" rel=\"noopener\">r\u00e9chauffement climatique<\/a>. La fin des travaux sur le parvis est pr\u00e9vue en 2028.<\/p>\n<p class=\" wall-content\">Personnalisez votre actualit\u00e9 en ajoutant vos villes et m\u00e9dias en favori avec <a href=\"https:\/\/moncompte.actu.fr\" title=\"D\u00e9couvez Mon Actu\" rel=\"nofollow noopener\" data-trk=\"{&quot;cta&quot;:{&quot;action&quot;:&quot;https:\\\/\\\/moncompte.actu.fr&quot;,&quot;category&quot;:&quot;mon compte&quot;,&quot;from&quot;:&quot;article footer&quot;,&quot;name&quot;:&quot;Mon actu&quot;,&quot;type&quot;:&quot;cta&quot;}}\" target=\"_blank\">Mon Actu<\/a>.<\/p>\n","protected":false},"excerpt":{"rendered":"Par Antoine Grotteria Publi\u00e9 le 14 janv. 2026 \u00e0 6h32 Tout \u00e9bahis devant cette montagne de pierre, flanqu\u00e9e&hellip;\n","protected":false},"author":2,"featured_media":662437,"comment_status":"","ping_status":"","sticky":false,"template":"","format":"standard","meta":{"footnotes":""},"categories":[1888],"tags":[1111,1928,11,1927,8777,1777,674,1011,27,1310,12,1926,626,1925,25,104,2086],"class_list":{"0":"post-662436","1":"post","2":"type-post","3":"status-publish","4":"format-standard","5":"has-post-thumbnail","7":"category-paris","8":"tag-actu","9":"tag-actu-paris","10":"tag-actualites","11":"tag-actualites-paris","12":"tag-cathedrale-notre-dame-de-paris","13":"tag-eu","14":"tag-europe","15":"tag-fr","16":"tag-france","17":"tag-incendie","18":"tag-news","19":"tag-news-paris","20":"tag-paris","21":"tag-paris-news","22":"tag-republique-francaise","23":"tag-societe","24":"tag-travaux"},"share_on_mastodon":{"url":"https:\/\/pubeurope.com\/@fr\/115892331738056544","error":""},"_links":{"self":[{"href":"https:\/\/www.europesays.com\/fr\/wp-json\/wp\/v2\/posts\/662436","targetHints":{"allow":["GET"]}}],"collection":[{"href":"https:\/\/www.europesays.com\/fr\/wp-json\/wp\/v2\/posts"}],"about":[{"href":"https:\/\/www.europesays.com\/fr\/wp-json\/wp\/v2\/types\/post"}],"author":[{"embeddable":true,"href":"https:\/\/www.europesays.com\/fr\/wp-json\/wp\/v2\/users\/2"}],"replies":[{"embeddable":true,"href":"https:\/\/www.europesays.com\/fr\/wp-json\/wp\/v2\/comments?post=662436"}],"version-history":[{"count":0,"href":"https:\/\/www.europesays.com\/fr\/wp-json\/wp\/v2\/posts\/662436\/revisions"}],"wp:featuredmedia":[{"embeddable":true,"href":"https:\/\/www.europesays.com\/fr\/wp-json\/wp\/v2\/media\/662437"}],"wp:attachment":[{"href":"https:\/\/www.europesays.com\/fr\/wp-json\/wp\/v2\/media?parent=662436"}],"wp:term":[{"taxonomy":"category","embeddable":true,"href":"https:\/\/www.europesays.com\/fr\/wp-json\/wp\/v2\/categories?post=662436"},{"taxonomy":"post_tag","embeddable":true,"href":"https:\/\/www.europesays.com\/fr\/wp-json\/wp\/v2\/tags?post=662436"}],"curies":[{"name":"wp","href":"https:\/\/api.w.org\/{rel}","templated":true}]}}