{"id":662438,"date":"2026-01-14T07:43:22","date_gmt":"2026-01-14T07:43:22","guid":{"rendered":"https:\/\/www.europesays.com\/fr\/662438\/"},"modified":"2026-01-14T07:43:22","modified_gmt":"2026-01-14T07:43:22","slug":"linde-nouvel-eldorado-de-la-beaute-hec-alumni-paris-75008-sortir-a-paris","status":"publish","type":"post","link":"https:\/\/www.europesays.com\/fr\/662438\/","title":{"rendered":"L&rsquo;Inde, nouvel eldorado de la beaut\u00e9 ? &#8211; HEC Alumni &#8211; Paris, 75008 &#8211; Sortir \u00e0 Paris"},"content":{"rendered":"<p>Cher(e) camarade,<\/p>\n<p>Le march\u00e9 indien de la beaut\u00e9 et des soins personnels qui p\u00e8se d\u00e9j\u00e0 1 milliard de dollars, est sur une trajectoire exponentielle, avec des projections atteignant les 4 milliards de dollars d\u2019ici 2035. Ce n&rsquo;est plus une simple opportunit\u00e9, mais un vrai r\u00e9servoir de croissance.<\/p>\n<p>Mais l&rsquo;Inde est un pays aux \u00ab\u00a0multiples Indes\u00a0\u00bb : complexe, et fragment\u00e9.<br \/>Le Club HEC Alumni Parfum &amp; Beaut\u00e9 te propose une soir\u00e9e de d\u00e9cryptage avec l&rsquo;institut BrainValue pour t&rsquo;aider \u00e0 comprendre les mutations de ce g\u00e9ant.<\/p>\n<p>Au programme de cette immersion :<br \/>La tendance Indo-Western : pourquoi le m\u00e9tissage de la culture indienne et occidentale est aspirationnel dans toutes les sph\u00e8res du luxe et jusque dans la beaut\u00e9 ? <br \/>Le sacre de la beaut\u00e9 holistique : bien plus qu&rsquo;une tendance, un art de vivre.<br \/>Le panorama sectoriel : standards de beaut\u00e9 et les marques aspirationnelles sur tous types de segments (la peau, les cheveux, le corps, le maquillage, le parfumage<\/p>\n<p>La conf\u00e9rence sera anim\u00e9e par des experts : Nicolas Riou, CEO de l\u2019institut d\u2019\u00e9tudes BrainValue, et son \u00e9quipe, Nathalie Ternisien, Partner, Noa Mintz, Research Consultant.<\/p>\n<p>Programme du mercredi 14 janvier :<br \/>Accueil : \u00e0 partir de 18h30<br \/>D\u00e9but de la conf\u00e9rence : 19h00 pr\u00e9cises<br \/>Cocktail de networking : \u00e0 partir de 20h15<\/p>\n<p>Les places sont limit\u00e9es et la table ronde se tiendra en fran\u00e7ais. <\/p>\n<p>Nous vous attendons nombreux pour cette conversation \u00e9clairante autour d\u2019un march\u00e9 aussi fascinant que complexe \u00e0 p\u00e9n\u00e9trer.<\/p>\n<p>Jessica de Lacour Sussac (H04) &amp; Jill Schleicher (H14), membres du Bureau du Club HEC Alumni Parfum &amp; Beaut\u00e9<\/p>\n<p>Ang\u00e9lique Marlot (MUST19) &amp; Elisabetta Portioli (MBA19), Co-Pr\u00e9sidentes du Club HEC Alumni Parfum &amp; Beaut\u00e9<\/p>\n","protected":false},"excerpt":{"rendered":"Cher(e) camarade, Le march\u00e9 indien de la beaut\u00e9 et des soins personnels qui p\u00e8se d\u00e9j\u00e0 1 milliard de&hellip;\n","protected":false},"author":2,"featured_media":662439,"comment_status":"","ping_status":"","sticky":false,"template":"","format":"standard","meta":{"footnotes":""},"categories":[1888],"tags":[1111,1928,11,1927,1777,674,1011,27,12,1926,626,1925,25],"class_list":{"0":"post-662438","1":"post","2":"type-post","3":"status-publish","4":"format-standard","5":"has-post-thumbnail","7":"category-paris","8":"tag-actu","9":"tag-actu-paris","10":"tag-actualites","11":"tag-actualites-paris","12":"tag-eu","13":"tag-europe","14":"tag-fr","15":"tag-france","16":"tag-news","17":"tag-news-paris","18":"tag-paris","19":"tag-paris-news","20":"tag-republique-francaise"},"share_on_mastodon":{"url":"https:\/\/pubeurope.com\/@fr\/115892335715705746","error":""},"_links":{"self":[{"href":"https:\/\/www.europesays.com\/fr\/wp-json\/wp\/v2\/posts\/662438","targetHints":{"allow":["GET"]}}],"collection":[{"href":"https:\/\/www.europesays.com\/fr\/wp-json\/wp\/v2\/posts"}],"about":[{"href":"https:\/\/www.europesays.com\/fr\/wp-json\/wp\/v2\/types\/post"}],"author":[{"embeddable":true,"href":"https:\/\/www.europesays.com\/fr\/wp-json\/wp\/v2\/users\/2"}],"replies":[{"embeddable":true,"href":"https:\/\/www.europesays.com\/fr\/wp-json\/wp\/v2\/comments?post=662438"}],"version-history":[{"count":0,"href":"https:\/\/www.europesays.com\/fr\/wp-json\/wp\/v2\/posts\/662438\/revisions"}],"wp:featuredmedia":[{"embeddable":true,"href":"https:\/\/www.europesays.com\/fr\/wp-json\/wp\/v2\/media\/662439"}],"wp:attachment":[{"href":"https:\/\/www.europesays.com\/fr\/wp-json\/wp\/v2\/media?parent=662438"}],"wp:term":[{"taxonomy":"category","embeddable":true,"href":"https:\/\/www.europesays.com\/fr\/wp-json\/wp\/v2\/categories?post=662438"},{"taxonomy":"post_tag","embeddable":true,"href":"https:\/\/www.europesays.com\/fr\/wp-json\/wp\/v2\/tags?post=662438"}],"curies":[{"name":"wp","href":"https:\/\/api.w.org\/{rel}","templated":true}]}}