{"id":662440,"date":"2026-01-14T07:44:15","date_gmt":"2026-01-14T07:44:15","guid":{"rendered":"https:\/\/www.europesays.com\/fr\/662440\/"},"modified":"2026-01-14T07:44:15","modified_gmt":"2026-01-14T07:44:15","slug":"obesite-viols-masculinisme-fabrice-eboue-jongle-avec-les-sujets-sensibles-dans-son-nouveau-one-man-show","status":"publish","type":"post","link":"https:\/\/www.europesays.com\/fr\/662440\/","title":{"rendered":"Ob\u00e9sit\u00e9, viols, masculinisme\u2026 Fabrice \u00c9bou\u00e9 jongle avec les sujets sensibles dans son nouveau one-man-show"},"content":{"rendered":"<p class=\"paragraph text_align_left lp-f-body-02\">\u00ab Toujours aussi trash, \u00c9bou\u00e9. \u00bb Sign\u00e9 d\u2019un spectateur sortant des Folies Berg\u00e8re (<a href=\"https:\/\/www.leparisien.fr\/paris-75\/paris-75009\/\" target=\"_blank\" rel=\"noreferrer noopener\">Paris IXe<\/a>), le verdict est ass\u00e9n\u00e9 avec un sourire gourmand aux l\u00e8vres. \u00ab Trash \u00bb, oui, mais pas grand-chose \u00e0 mettre \u00e0 la poubelle. Dans son cinqui\u00e8me spectacle baptis\u00e9 \u00ab Solitudes \u00bb, <a href=\"https:\/\/www.leparisien.fr\/culture-loisirs\/fabrice-eboue-de-retour-avec-un-nouveau-spectacle-corrosif-la-scene-ma-sauve-la-vie-18-01-2022-7NVAIHO2ZJAOLDHBNJBBDB4FFI.php\" target=\"_blank\" rel=\"noreferrer noopener\">Fabrice \u00c9bou\u00e9<\/a>, 48 ans, \u00e9gratigne la terre enti\u00e8re, ou presque, pendant une heure et demie. Aucune vache sacr\u00e9e, aucun tabou ne r\u00e9siste \u00e0 la fausse nonchalance de l\u2019humoriste r\u00e9v\u00e9l\u00e9 dans la premi\u00e8re saison du Jamel Comedy Club. Il y a d\u00e9j\u00e0 vingt ans.<\/p>\n<p class=\"\">Depuis, la calvitie a grignot\u00e9 du terrain. \u00ab Profitez, c\u2019est le dernier spectacle que je fais avec cette coupe de cheveux \u00bb, balance-t-il d\u2019entr\u00e9e de jeu au public, se moquant d\u2019abord copieusement de lui-m\u00eame \u2014 \u00ab on m\u2019a propos\u00e9 d\u2019\u00eatre l\u2019\u00e9g\u00e9rie de la bi\u00e8re 8.6 \u00bb \u2014 comme pour mieux s\u2019autoriser ensuite \u00e0 vanner les autres. L\u2019humoriste, n\u00e9 dans une famille de gyn\u00e9cologues, revient aussi sur son statut de canard boiteux, renvoy\u00e9 sept fois d\u2019\u00e9tablissements scolaires avant de se faire virer de son job de bagagiste \u00e0 Disneyland. \u00ab Tu n\u2019as pas l\u2019esprit Mickey \u00bb, lui aurait ass\u00e9n\u00e9 son manager.<\/p>\n","protected":false},"excerpt":{"rendered":"\u00ab Toujours aussi trash, \u00c9bou\u00e9. \u00bb Sign\u00e9 d\u2019un spectateur sortant des Folies Berg\u00e8re (Paris IXe), le verdict est&hellip;\n","protected":false},"author":2,"featured_media":662441,"comment_status":"","ping_status":"","sticky":false,"template":"","format":"standard","meta":{"footnotes":""},"categories":[1888],"tags":[11,1687,1777,674,1011,27,708,12,626,25],"class_list":{"0":"post-662440","1":"post","2":"type-post","3":"status-publish","4":"format-standard","5":"has-post-thumbnail","7":"category-paris","8":"tag-actualites","9":"tag-culture-loisirs","10":"tag-eu","11":"tag-europe","12":"tag-fr","13":"tag-france","14":"tag-humour","15":"tag-news","16":"tag-paris","17":"tag-republique-francaise"},"share_on_mastodon":{"url":"https:\/\/pubeurope.com\/@fr\/115892339691992829","error":""},"_links":{"self":[{"href":"https:\/\/www.europesays.com\/fr\/wp-json\/wp\/v2\/posts\/662440","targetHints":{"allow":["GET"]}}],"collection":[{"href":"https:\/\/www.europesays.com\/fr\/wp-json\/wp\/v2\/posts"}],"about":[{"href":"https:\/\/www.europesays.com\/fr\/wp-json\/wp\/v2\/types\/post"}],"author":[{"embeddable":true,"href":"https:\/\/www.europesays.com\/fr\/wp-json\/wp\/v2\/users\/2"}],"replies":[{"embeddable":true,"href":"https:\/\/www.europesays.com\/fr\/wp-json\/wp\/v2\/comments?post=662440"}],"version-history":[{"count":0,"href":"https:\/\/www.europesays.com\/fr\/wp-json\/wp\/v2\/posts\/662440\/revisions"}],"wp:featuredmedia":[{"embeddable":true,"href":"https:\/\/www.europesays.com\/fr\/wp-json\/wp\/v2\/media\/662441"}],"wp:attachment":[{"href":"https:\/\/www.europesays.com\/fr\/wp-json\/wp\/v2\/media?parent=662440"}],"wp:term":[{"taxonomy":"category","embeddable":true,"href":"https:\/\/www.europesays.com\/fr\/wp-json\/wp\/v2\/categories?post=662440"},{"taxonomy":"post_tag","embeddable":true,"href":"https:\/\/www.europesays.com\/fr\/wp-json\/wp\/v2\/tags?post=662440"}],"curies":[{"name":"wp","href":"https:\/\/api.w.org\/{rel}","templated":true}]}}