{"id":662448,"date":"2026-01-14T07:48:11","date_gmt":"2026-01-14T07:48:11","guid":{"rendered":"https:\/\/www.europesays.com\/fr\/662448\/"},"modified":"2026-01-14T07:48:11","modified_gmt":"2026-01-14T07:48:11","slug":"ice-la-police-americaine-anti-immigration-qui-fait-penser-dans-le-principe-a-lallemagne-de-1933","status":"publish","type":"post","link":"https:\/\/www.europesays.com\/fr\/662448\/","title":{"rendered":"ICE, la police am\u00e9ricaine anti-immigration qui \u00ab\u00a0fait penser dans le principe \u00e0 l\u2019Allemagne de\u00a01933\u00a0\u00bb"},"content":{"rendered":"<p>ICE. L\u2019acronyme n\u2019\u00e9voquait pas grand-chose jusqu\u2019\u00e0 l\u2019an dernier, lorsque cette agence a \u00e9t\u00e9 transform\u00e9e en outil du pouvoir. Et l<a href=\"https:\/\/www.20minutes.fr\/monde\/4195342-20260110-etats-unis-cagnotte-renee-femme-tuee-police-immigration-atteint-1-5-million-dollars\" target=\"_blank\" class=\"c-link c-link--is-underlined\" rel=\"noopener\">a mort de Ren\u00e9e Good<\/a>, tu\u00e9e lors d\u2019une op\u00e9ration de l\u2019Immigration and Customs Enforcement \u00e0 <a href=\"https:\/\/www.20minutes.fr\/dossier\/minneapolis\" class=\"c-link c-link--is-underlined\" target=\"_blank\" rel=\"noopener\">Minneapolis<\/a> (Minnesota) la semaine derni\u00e8re, a agi comme un r\u00e9v\u00e9lateur brutal d\u2019une question qui hante les Etats-Unis\u00a0: a-t-on d\u00e9j\u00e0 vu, dans une d\u00e9mocratie lib\u00e9rale, une police disposer d\u2019un pouvoir aussi \u00e9tendu, aussi peu contr\u00f4l\u00e9, aussi l\u00e9tal\u00a0?<\/p>\n<p>Cr\u00e9\u00e9e en\u00a02003 dans le sillage des r\u00e9ponses aux attentats du 11-Septembre, l\u2019US Immigration and Customs Enforcement (ICE) devait appliquer des lois sur l\u2019<a href=\"https:\/\/www.20minutes.fr\/dossier\/immigration\" class=\"c-link c-link--is-underlined\" target=\"_blank\" rel=\"noopener\">immigration<\/a> et le travail tout en respectant les droits fondamentaux. Mais depuis le retour de Donald Trump au pouvoir d\u00e9but\u00a02025, ses missions ont \u00e9t\u00e9 \u00e9largies, ses effectifs doubl\u00e9s pour d\u00e9passer les 20.000 agents. Et ses arrestations ont explos\u00e9 jusqu\u2019\u00e0 viser des zones urbaines enti\u00e8res, de Los Angeles \u00e0 Chicago. En\u00a02025, pr\u00e8s de 69.000 personnes \u00e9taient d\u00e9tenues, et les d\u00e9c\u00e8s en d\u00e9tention ont atteint un pic record depuis vingt ans, avec au moins 30 morts.<\/p>\n<p>ICE cr\u00e9e les conditions pour la violence<\/p>\n<p>\u00ab\u00a0Des atrocit\u00e9s comme le meurtre de Renee Good par un agent de l&rsquo;ICE \u00e0 Minneapolis s\u2019inscrivent dans une application cruelle et autoritaire des lois sur l\u2019immigration de l\u2019administration Trump, d\u00e9nonce James Nolan, ancien policier du <a href=\"https:\/\/www.20minutes.fr\/dossier\/fbi\" class=\"c-link c-link--is-underlined\" target=\"_blank\" rel=\"noopener\">FBI<\/a> et d\u00e9sormais sociologue \u00e0 l\u2019universit\u00e9 de Virginie-Occidentale. C\u2019est une nouvelle incarnation d\u2019une strat\u00e9gie politique qui commence par un mensonge, ici le danger des immigr\u00e9s. La peur, combin\u00e9e \u00e0 des \u00e9l\u00e9ments comme le port de masque pour cacher l\u2019identit\u00e9 des agents, cr\u00e9e les conditions pour la violence par et contre les autorit\u00e9s.\u00a0\u00bb Selon lui, il s\u2019agit de la m\u00eame strat\u00e9gie de d\u00e9signation d\u2019un ennemi int\u00e9rieur que lors des campagnes de \u00ab\u00a0guerre contre la drogue\u00a0\u00bb de Richard Nixon dans les ann\u00e9es\u00a01970 et de \u00ab\u00a0guerre contre le terrorisme\u00a0\u00bb de Georges W. Bush dans les ann\u00e9es\u00a02000.<\/p>\n<p>En plus de l\u2019aboutissement de la rh\u00e9torique guerri\u00e8re de Donald Trump, C\u00e9cile Coquet-Mokoko, professeur de civilisation des Etats-Unis \u00e0 l\u2019universit\u00e9 de Versailles-Saint-Quentin-en-Yvelines, y voit un d\u00e9voiement du syst\u00e8me politique am\u00e9ricain. \u00ab\u00a0On assiste \u00e0 une militarisation de villes am\u00e9ricaines, alors m\u00eame que le stationnement de troupes f\u00e9d\u00e9rales y est constitutionnellement encadr\u00e9, rappelle-t-elle. C\u2019est une vision du pouvoir f\u00e9d\u00e9ral qui court-circuite le Congr\u00e8s et les contre-pouvoirs.\u00a0\u00bb<\/p>\n<p>Elle souligne un point central\u00a0: l\u2019absence de contr\u00f4le ind\u00e9pendant. \u00ab\u00a0Il y a des contre-pouvoirs \u00e0 la police dans les Etats, mais pas d\u2019instance f\u00e9d\u00e9rale qui serait un \u00e9quivalent \u00e0 l\u2019<a href=\"https:\/\/www.20minutes.fr\/dossier\/igpn\" class=\"c-link c-link--is-underlined\" target=\"_blank\" rel=\"noopener\">IGPN<\/a>\u00a0\u00bb, rel\u00e8ve C\u00e9cile Coquet-Mokoko. Par ailleurs, plusieurs m\u00e9dias am\u00e9ricains font \u00e9tat d\u2019objectifs chiffr\u00e9s d\u2019arrestations et d\u2019un recrutement acc\u00e9l\u00e9r\u00e9. Certains ont alert\u00e9 sur la baisse des standards, voire sur la pr\u00e9sence d\u2019agents avec un casier judiciaire, comme le montre un journaliste de <a href=\"https:\/\/slate.com\/news-and-politics\/2026\/01\/ice-recruitment-minneapolis-shooting.html\" target=\"_blank\" class=\"c-link c-link--is-underlined\" rel=\"noopener\">Slate<\/a> qui a essay\u00e9 de se faire recruter.<\/p>\n<p>Une police qui r\u00e9pond \u00e0 des objectifs politiques<\/p>\n<p>Au vu du tableau, difficile de ne pas penser tr\u00e8s fort au point Godwin\u00a0: ICE ne rappelle-t-elle pas les polices secr\u00e8tes ou politiques des heures sombres de notre Histoire contemporaine\u00a0? Pour les experts et expertes interrog\u00e9es, ce n\u2019est pas une exag\u00e9ration. \u00ab\u00a0C\u2019est exactement ce qu\u2019elles sont, d\u00e9nonce James Nolan. Mais vous n\u2019avez pas \u00e0 remonter si loin dans le pass\u00e9 pour voir des forces de l\u2019ordre locales et f\u00e9d\u00e9rales se montrer agressive pour s\u2019accrocher au pouvoir\u00a0\u00bb, explique-t-il, faisant r\u00e9f\u00e9rence aux nombreux \u00e9pisodes de violences polici\u00e8res aux Etats-Unis.<\/p>\n<p>\u00ab\u00a0C\u2019est une police officielle, f\u00e9d\u00e9rale, qui r\u00e9pond \u00e0 des objectifs politiques &#8211; l\u2019Am\u00e9rique blanche &#8211; et non juridiques, ajoute S\u00e9bastian Roch\u00e9, politologue et coauteur de La police contre la rue. Elle ne r\u00e9pond pas \u00e0 un magistrat, vise des personnes sans motif juridique mais \u00e0 l\u2019aide de la couleur de peau ou de l\u2019accent. [\u2026] Le gouvernement lui promet l\u2019immunit\u00e9, ce qui est une violation du droit \u00e0 la vie d\u00e8s lors qu\u2019on ne regarde plus les circonstances d\u2019usage mortel des armes. Cela fait penser dans le principe \u00e0 l\u2019Allemagne de\u00a01933 o\u00f9, selon les historiens, la police du r\u00e9gime <a href=\"https:\/\/www.20minutes.fr\/dossier\/nazi\" class=\"c-link c-link--is-underlined\" target=\"_blank\" rel=\"noopener\">nazi<\/a> \u00e9tait couverte par une immunit\u00e9 lorsqu\u2019elle commettait des violences sur les juifs et autres minorit\u00e9s.\u00a0\u00bb<\/p>\n<p>Le vice-pr\u00e9sident am\u00e9ricain, J. D.\u00a0Vance, a assur\u00e9 que l\u2019agent qui a abattu Renee Good de trois balles \u00e0 bout portant dispose d\u2019une \u00ab\u00a0immunit\u00e9 absolue\u00a0\u00bb dans le cadre de son travail. \u00ab\u00a0Je pense que ce n\u2019est pas exag\u00e9r\u00e9 de comparer ICE \u00e0 des polices secr\u00e8tes ou politiques, et le Congr\u00e8s est muet \u00e0 ce sujet, reprend C\u00e9cile Coquet-Mokoko. On n\u2019en est pas encore \u00e0 l\u2019arrestation d\u2019opposants politiques, quoique\u2026\u00a0\u00bb <a href=\"https:\/\/www.20minutes.fr\/monde\/4164182-20250718-etats-unis-demandeurs-asile-pieges-interpelles-apres-audiences-new-york\" target=\"_blank\" class=\"c-link c-link--is-underlined\" rel=\"noopener\">En juin, ICE a par exemple menott\u00e9 Brad Lander, candidat \u00e0 la mairie de New-York, en plein tribunal<\/a>.<\/p>\n","protected":false},"excerpt":{"rendered":"ICE. L\u2019acronyme n\u2019\u00e9voquait pas grand-chose jusqu\u2019\u00e0 l\u2019an dernier, lorsque cette agence a \u00e9t\u00e9 transform\u00e9e en outil du pouvoir.&hellip;\n","protected":false},"author":2,"featured_media":662449,"comment_status":"","ping_status":"","sticky":false,"template":"","format":"standard","meta":{"footnotes":""},"categories":[1589],"tags":[47,11,75,73,1866,1061,74,12,1864,1865,1863,308],"class_list":{"0":"post-662448","1":"post","2":"type-post","3":"status-publish","4":"format-standard","5":"has-post-thumbnail","7":"category-etats-unis","8":"tag-actualite","9":"tag-actualites","10":"tag-donald-trump","11":"tag-etats-unis","12":"tag-etats-unis-damerique","13":"tag-immigration","14":"tag-monde","15":"tag-news","16":"tag-united-states","17":"tag-united-states-of-america","18":"tag-us","19":"tag-usa"},"share_on_mastodon":{"url":"https:\/\/pubeurope.com\/@fr\/115892355353972432","error":""},"_links":{"self":[{"href":"https:\/\/www.europesays.com\/fr\/wp-json\/wp\/v2\/posts\/662448","targetHints":{"allow":["GET"]}}],"collection":[{"href":"https:\/\/www.europesays.com\/fr\/wp-json\/wp\/v2\/posts"}],"about":[{"href":"https:\/\/www.europesays.com\/fr\/wp-json\/wp\/v2\/types\/post"}],"author":[{"embeddable":true,"href":"https:\/\/www.europesays.com\/fr\/wp-json\/wp\/v2\/users\/2"}],"replies":[{"embeddable":true,"href":"https:\/\/www.europesays.com\/fr\/wp-json\/wp\/v2\/comments?post=662448"}],"version-history":[{"count":0,"href":"https:\/\/www.europesays.com\/fr\/wp-json\/wp\/v2\/posts\/662448\/revisions"}],"wp:featuredmedia":[{"embeddable":true,"href":"https:\/\/www.europesays.com\/fr\/wp-json\/wp\/v2\/media\/662449"}],"wp:attachment":[{"href":"https:\/\/www.europesays.com\/fr\/wp-json\/wp\/v2\/media?parent=662448"}],"wp:term":[{"taxonomy":"category","embeddable":true,"href":"https:\/\/www.europesays.com\/fr\/wp-json\/wp\/v2\/categories?post=662448"},{"taxonomy":"post_tag","embeddable":true,"href":"https:\/\/www.europesays.com\/fr\/wp-json\/wp\/v2\/tags?post=662448"}],"curies":[{"name":"wp","href":"https:\/\/api.w.org\/{rel}","templated":true}]}}