{"id":662460,"date":"2026-01-14T07:55:20","date_gmt":"2026-01-14T07:55:20","guid":{"rendered":"https:\/\/www.europesays.com\/fr\/662460\/"},"modified":"2026-01-14T07:55:20","modified_gmt":"2026-01-14T07:55:20","slug":"patrimoine-sur-france-3-stephane-bern-veut-sauver-les-fetes-traditionnelles","status":"publish","type":"post","link":"https:\/\/www.europesays.com\/fr\/662460\/","title":{"rendered":"Patrimoine\u201d sur France 3, St\u00e9phane Bern veut sauver les f\u00eates traditionnelles"},"content":{"rendered":"<p>Journaliste, animateur, il est le Monsieur patrimoine du PAF, le sp\u00e9cialiste de l\u2019histoire et de la sauvegarde du patrimoine en France. <a href=\"https:\/\/www.ledauphine.com\/p\/stephane-bern\" target=\"_blank\" rel=\"noopener\">St\u00e9phane Bern<\/a> a popularis\u00e9 la m\u00e9moire collective \u00e0 travers des \u00e9missions embl\u00e9matiques comme \u00ab\u00a0Secrets d\u2019Histoire\u00a0\u00bb, qui raconte la vie de grands personnages et met en lumi\u00e8re des lieux historiques \u00e0 travers la France et le monde, et \u00ab\u00a0Le Monument pr\u00e9f\u00e9r\u00e9 des Fran\u00e7ais\u00a0\u00bb, qui invite les t\u00e9l\u00e9spectateurs \u00e0 \u00e9lire <a href=\"https:\/\/www.ledauphine.com\/culture-loisirs\/2024\/09\/02\/loto-du-patrimoine-2024-voici-la-liste-des-100-sites-selectionnes\" target=\"_blank\" rel=\"noopener\">leur monument favori<\/a> chaque ann\u00e9e. Personne d\u2019autre que lui n\u2019aurait pu mieux incarner le nouveau programme de France 3 \u00ab\u00a0Op\u00e9ration\u00a0: Patrimoine\u00a0\u00bb, diffus\u00e9 ce mercredi 14 janvier, sur la cha\u00eene.<\/p>\n<p>Avec son manteau en cuir tel Tom Cruise dans Mission Impossible et une mise en sc\u00e8ne moderne, St\u00e9phane Bern aura une mission\u00a0: sauver la f\u00eate du pain de Ch\u00e2teauneuf-Villevieille, \u00e0 quelques kilom\u00e8tres de Nice. Pour la r\u00e9ussir, il va sillonner la France et partir \u00e0 la d\u00e9couverte de ceux qui, gr\u00e2ce \u00e0 leur investissement, font vivre ces <a href=\"https:\/\/www.ledauphine.com\/societe\/2022\/08\/28\/stephane-bern-la-france-est-le-pays-le-plus-riche-en-termes-de-patrimoine\" target=\"_blank\" rel=\"noopener\">f\u00eates traditionnelles<\/a> : b\u00e9n\u00e9voles, musiciens, danseurs. Il plongera le t\u00e9l\u00e9spectateur au c\u0153ur de ces manifestations populaires et des savoir-faire autour de la danse, du chant et des costumes folkloriques. Il ira \u00e0 la rencontre des fanfares du nord de la France, des jeunes Bretons qui revitalisent les costumes traditionnels, de ceux qui ont sauv\u00e9 la polyphonie de l\u2019oubli en Corse et d\u00e9couvrir la f\u00eate du riz en Camargue et les bals traditionnels du Berry.<\/p>\n<p>Ce contenu est bloqu\u00e9 car vous n&rsquo;avez pas accept\u00e9 les cookies et autres traceurs.<\/p>\n<p>En cliquant sur \u00ab J\u2019accepte \u00bb, les cookies et autres traceurs seront d\u00e9pos\u00e9s et vous pourrez visualiser les contenus  (<a href=\"\" class=\"consentModule_policy\" target=\"_blank\" title=\"Consulter la politique de protection des donn\u00e9es du fournisseur\">plus d&rsquo;informations<\/a>).<\/p>\n<p>En cliquant sur \u00ab J\u2019accepte tous les cookies \u00bb, vous autorisez des d\u00e9p\u00f4ts de cookies et autres traceurs pour le stockage de vos donn\u00e9es sur nos sites et applications \u00e0 des fins de personnalisation et de ciblage publicitaire.<\/p>\n<p class=\"consentModule_secondaryText\">Vous gardez la possibilit\u00e9 de retirer votre consentement \u00e0 tout moment en consultant notre <a href=\"https:\/\/www.ledauphine.com\/protection-des-donnees\" target=\"_blank\" title=\"Consulter notre politique de protection des donn\u00e9es\" rel=\"noopener\">politique de protection des donn\u00e9es<\/a>. <br \/>&#13;<br \/>\n            <a href=\"https:\/\/www.ledauphine.com\/societe\/2026\/01\/14\/javascript:Didomi.notice.show()\" class=\"consentModule_cmp\" target=\"_blank\" rel=\"noopener\">G\u00e9rer mes choix<\/a>&#13;\n        <\/p>\n<p>&#13;<br \/>\n                        J&rsquo;accepte&#13;<br \/>\n            J&rsquo;accepte tous les cookies&#13;\n        <\/p>\n<p>St\u00e9phane Bern fera \u00e9galement de dr\u00f4les de rencontres et mouillera la chemise\u00a0: il apprendra notamment \u00e0 danser la bourr\u00e9e ou chanter en langue corse. Conseill\u00e9 par Stromae, il va retrouver un jeune homme sp\u00e9cialiste de la cornemuse, qui a jou\u00e9 sur la chanson de l\u2019article intitul\u00e9e \u00ab\u00a0Invaincu\u00a0\u00bb. L\u2019animateur quittera son costume institutionnel d\u2019historien pour incarner ce programme vivant, m\u00ealant d\u00e9couverte et images d\u2019archives, pour offrir un nouveau regard sur ces f\u00eates traditionnelles qui animent nos villages et participent \u00e0 la pr\u00e9servation du patrimoine.<\/p>\n<p class=\"note\">\u00ab\u00a0Op\u00e9ration\u00a0: Patrimoine\u00a0\u00bb, ce mercredi 14 janvier, \u00e0 partir de 21 h 10, sur France 3.<\/p>\n","protected":false},"excerpt":{"rendered":"Journaliste, animateur, il est le Monsieur patrimoine du PAF, le sp\u00e9cialiste de l\u2019histoire et de la sauvegarde du&hellip;\n","protected":false},"author":2,"featured_media":662461,"comment_status":"","ping_status":"","sticky":false,"template":"","format":"standard","meta":{"footnotes":""},"categories":[4],"tags":[11,1687,107,1011,27,329,12,2661,25,104,2205],"class_list":{"0":"post-662460","1":"post","2":"type-post","3":"status-publish","4":"format-standard","5":"has-post-thumbnail","7":"category-france","8":"tag-actualites","9":"tag-culture-loisirs","10":"tag-fil-info","11":"tag-fr","12":"tag-france","13":"tag-france-monde","14":"tag-news","15":"tag-patrimoine-culturel","16":"tag-republique-francaise","17":"tag-societe","18":"tag-television-medias"},"share_on_mastodon":{"url":"https:\/\/pubeurope.com\/@fr\/115892382808289554","error":""},"_links":{"self":[{"href":"https:\/\/www.europesays.com\/fr\/wp-json\/wp\/v2\/posts\/662460","targetHints":{"allow":["GET"]}}],"collection":[{"href":"https:\/\/www.europesays.com\/fr\/wp-json\/wp\/v2\/posts"}],"about":[{"href":"https:\/\/www.europesays.com\/fr\/wp-json\/wp\/v2\/types\/post"}],"author":[{"embeddable":true,"href":"https:\/\/www.europesays.com\/fr\/wp-json\/wp\/v2\/users\/2"}],"replies":[{"embeddable":true,"href":"https:\/\/www.europesays.com\/fr\/wp-json\/wp\/v2\/comments?post=662460"}],"version-history":[{"count":0,"href":"https:\/\/www.europesays.com\/fr\/wp-json\/wp\/v2\/posts\/662460\/revisions"}],"wp:featuredmedia":[{"embeddable":true,"href":"https:\/\/www.europesays.com\/fr\/wp-json\/wp\/v2\/media\/662461"}],"wp:attachment":[{"href":"https:\/\/www.europesays.com\/fr\/wp-json\/wp\/v2\/media?parent=662460"}],"wp:term":[{"taxonomy":"category","embeddable":true,"href":"https:\/\/www.europesays.com\/fr\/wp-json\/wp\/v2\/categories?post=662460"},{"taxonomy":"post_tag","embeddable":true,"href":"https:\/\/www.europesays.com\/fr\/wp-json\/wp\/v2\/tags?post=662460"}],"curies":[{"name":"wp","href":"https:\/\/api.w.org\/{rel}","templated":true}]}}