{"id":662464,"date":"2026-01-14T07:58:10","date_gmt":"2026-01-14T07:58:10","guid":{"rendered":"https:\/\/www.europesays.com\/fr\/662464\/"},"modified":"2026-01-14T07:58:10","modified_gmt":"2026-01-14T07:58:10","slug":"tommaso-menoncello-brise-le-silence-concernant-son-avenir-et-dement-avoir-signe-a-toulouse","status":"publish","type":"post","link":"https:\/\/www.europesays.com\/fr\/662464\/","title":{"rendered":"Tommaso Menoncello brise le silence concernant son avenir et d\u00e9ment avoir sign\u00e9 \u00e0 Toulouse !"},"content":{"rendered":"<p>Le trois-quarts centre international Italien Tommaso Menoncello quittera le club de Tr\u00e9vise d\u00e8s l\u2019\u00e9t\u00e9 prochain.<\/p>\n<p>Approch\u00e9 par plusieurs clubs du Top 14, il devrait bel et bien \u00e9voluer en France la saison prochaine.<\/p>\n<p>Trois clubs se sont rudement battus dans ce dossier : le Stade Rochelais, le Rugby Club Toulonnais et le Stade-Toulousain.<\/p>\n<p>Depuis plusieurs mois d\u00e9sormais, les m\u00e9dias ont act\u00e9 le fait que l\u2019Italien se soit engag\u00e9 en faveur de Toulouse.<\/p>\n<p><strong>Interrog\u00e9 via <a href=\"https:\/\/www.rugbyrama.fr\/2026\/01\/13\/international-jestime-etre-un-des-meilleurs-centres-en-europe-tommaso-menoncello-se-livre-a-quelques-semaines-du-tournoi-des-6-nations-13154399.php\" target=\"_blank\" rel=\"noopener\">Midi Olympique<\/a>, Tommaso Menoncello est tout d\u2019abord revenu sur les rumeurs qui ont circul\u00e9 concernant sa possible arriv\u00e9e \u00e0 La Rochelle, l\u2019\u00e9t\u00e9 dernier. Extrait:<\/strong><\/p>\n<p>\u00ab\u00a0Non, je n\u2019\u00e9tais pas proche de rejoindre La Rochelle. Il y avait des discussions \u00e0 ce sujet mais je n\u2019\u00e9tais pas s\u00fbr de cela, pour moi ce n\u2019\u00e9tait rien. Les rumeurs, les articles sur mon avenir ne me perturbent pas. Ah si, peut-\u00eatre pendant la derni\u00e8re semaine de 2024. <\/p>\n<p>Et lors des derniers matchs de la saison pass\u00e9e. Il se disait \u00e9norm\u00e9ment de choses sur mon futur, beaucoup de joueurs et de supporters me parlaient de \u00e7a. Je consid\u00e8re que tout ce bruit sur moi est positif car cela doit signifier que je suis un joueur performant et que je fais de bonnes choses sur un terrain. J\u2019en suis donc heureux.\u00a0\u00bb<\/p>\n<p><strong>Concernant son avenir, il indique n\u2019avoir sign\u00e9 avec aucun club pour le moment. Extrait:<\/strong><\/p>\n<p>\u00ab\u00a0Je n\u2019ai pas encore sign\u00e9 avec un club, donc je ne sais pas encore de quoi sera fait mon futur. Mais je suis tr\u00e8s excit\u00e9 de le savoir ! Comme je vous l\u2019ai dit, que des grands clubs \u2013 comme ceux que vous mentionniez \u2013 veuillent n\u00e9gocier avec moi, cela signifie que je suis un bon joueur. C\u2019est une bonne chose. <\/p>\n<p>Jouer en Top 14 un jour ? Bien s\u00fbr que c\u2019est un objectif ! C\u2019est un des meilleurs championnats du monde. Et c\u2019est aussi dans un pays o\u00f9 le climat est proche de celui en Italie. Pas comme la m\u00e9t\u00e9o anglaise que je d\u00e9teste (rires). La France est donc une bonne solution apr\u00e8s Tr\u00e9vise.\u00a0\u00bb<\/p>\n<p><strong>Lorsque le journaliste lui \u00e9voque le contrat de trois ans sign\u00e9 avec Toulouse, il r\u00e9agit. Extrait:<\/strong><\/p>\n<p>\u00ab\u00a0Ce n\u2019est pas encore s\u00fbr, nous verrons donc ce qu\u2019il adviendra !\u00a0\u00bb<\/p>\n<p><strong>Dans la foul\u00e9e, il confirme avoir \u00e9chang\u00e9 avec Ange Capuozzo (Toulouse), Paolo Garbisi et Juan Ignacio Brex (Toulon) pour se renseigner. Extrait:<\/strong><\/p>\n<p>\u00ab\u00a0Oui, ils m\u2019ont dit ce qu\u2019il y avait dans leurs \u00e9quipes respectives, ce qu\u2019ils y faisaient et ce qui \u00e9tait possible. Mais au final, \u00e7a sera ma d\u00e9cision, pas la leur.\u00a0\u00bb<\/p>\n<p><strong>D\u2019ailleurs, il pr\u00e9cise regarder souvent le Top 14 et affirmer appr\u00e9cier deux \u00e9quipes en particuliers : l\u2019UBB et Toulouse. Extrait:<\/strong><\/p>\n<p>\u00ab\u00a0Oui, surtout le match du dimanche soir car je ne suis pas en train de jouer et je n\u2019ai rien d\u2019autre \u00e0 faire, donc je me mets la rencontre. J\u2019appr\u00e9cie voir Bordeaux-B\u00e8gles car ils jouent tr\u00e8s bien, Toulouse, aussi, \u00e9videmment. Comme joueurs, j\u2019adore Jiuta Wainiqolo et tous les Toulousains car ils pratiquent un rugby diff\u00e9rent de celui que nous jouons ici, donc je prends du plaisir \u00e0 les regarder !\u00a0\u00bb<\/p>\n<p><strong>Il se pr\u00e9pare \u00e0 quitter l\u2019Italie pour la France. Extrait:<\/strong><\/p>\n<p>\u00ab\u00a0Oui, et cela sera un tr\u00e8s bon challenge pour moi. En effet, j\u2019ai toujours v\u00e9cu dans ma ville (Quinto di Treviso) avec mes proches, dans mon confort et l\u00e0, je vais d\u00e9couvrir de nouvelles choses. J\u2019ai un peu peur mais je suis tr\u00e8s excit\u00e9 par l\u2019id\u00e9e de vivre quelque chose de diff\u00e9rent !\u00a0\u00bb<\/p>\n","protected":false},"excerpt":{"rendered":"Le trois-quarts centre international Italien Tommaso Menoncello quittera le club de Tr\u00e9vise d\u00e8s l\u2019\u00e9t\u00e9 prochain. Approch\u00e9 par plusieurs&hellip;\n","protected":false},"author":2,"featured_media":662465,"comment_status":"","ping_status":"","sticky":false,"template":"","format":"standard","meta":{"footnotes":""},"categories":[1416],"tags":[1011,27,479,1468,60],"class_list":{"0":"post-662464","1":"post","2":"type-post","3":"status-publish","4":"format-standard","5":"has-post-thumbnail","7":"category-rugby","8":"tag-fr","9":"tag-france","10":"tag-rugby","11":"tag-rugby-football","12":"tag-sports"},"share_on_mastodon":{"url":"https:\/\/pubeurope.com\/@fr\/115892394653187676","error":""},"_links":{"self":[{"href":"https:\/\/www.europesays.com\/fr\/wp-json\/wp\/v2\/posts\/662464","targetHints":{"allow":["GET"]}}],"collection":[{"href":"https:\/\/www.europesays.com\/fr\/wp-json\/wp\/v2\/posts"}],"about":[{"href":"https:\/\/www.europesays.com\/fr\/wp-json\/wp\/v2\/types\/post"}],"author":[{"embeddable":true,"href":"https:\/\/www.europesays.com\/fr\/wp-json\/wp\/v2\/users\/2"}],"replies":[{"embeddable":true,"href":"https:\/\/www.europesays.com\/fr\/wp-json\/wp\/v2\/comments?post=662464"}],"version-history":[{"count":0,"href":"https:\/\/www.europesays.com\/fr\/wp-json\/wp\/v2\/posts\/662464\/revisions"}],"wp:featuredmedia":[{"embeddable":true,"href":"https:\/\/www.europesays.com\/fr\/wp-json\/wp\/v2\/media\/662465"}],"wp:attachment":[{"href":"https:\/\/www.europesays.com\/fr\/wp-json\/wp\/v2\/media?parent=662464"}],"wp:term":[{"taxonomy":"category","embeddable":true,"href":"https:\/\/www.europesays.com\/fr\/wp-json\/wp\/v2\/categories?post=662464"},{"taxonomy":"post_tag","embeddable":true,"href":"https:\/\/www.europesays.com\/fr\/wp-json\/wp\/v2\/tags?post=662464"}],"curies":[{"name":"wp","href":"https:\/\/api.w.org\/{rel}","templated":true}]}}