{"id":662466,"date":"2026-01-14T07:59:11","date_gmt":"2026-01-14T07:59:11","guid":{"rendered":"https:\/\/www.europesays.com\/fr\/662466\/"},"modified":"2026-01-14T07:59:11","modified_gmt":"2026-01-14T07:59:11","slug":"aucune-joueuse-francaise-presente-au-troisieme-tour-des-qualifications-de-lopen-daustralie-lequipe","status":"publish","type":"post","link":"https:\/\/www.europesays.com\/fr\/662466\/","title":{"rendered":"Aucune joueuse fran\u00e7aise pr\u00e9sente au troisi\u00e8me tour des qualifications de l&#039;Open d&#039;Australie &#8211; L&#039;\u00c9quipe"},"content":{"rendered":"<ol>\n<li><a href=\"https:\/\/news.google.com\/rss\/articles\/CBMi2AFBVV95cUxNd3RIbWpSQ1dxakU2U0Q5cDdHMUlsZ3lYUi1RcmdmdlhrblgtUHY1eE1fajA3TDdVc0JhRXpvRklBdVIwOEtQeUJKc3o2bXBCOEdRRFVJWThCZ25VQnVDaFJZVFEzXzZVOHR6ZGYtTDlYUlZFTzJkaTdfMXIwQm5LV3RhdkVmMmRUd1ZwT3ZrSXowWFd6YUp5VlBnN3FTUnNFbUdBcWRGVktyYWdvX0ctNUE2SmtnUC1lRTluV3dzR0JQZTQ3YUx5WEI2b2I0ZmRVWC1Ic2pUai0?oc=5\" target=\"_blank\" rel=\"noopener\">Aucune joueuse fran\u00e7aise pr\u00e9sente au troisi\u00e8me tour des qualifications de l&rsquo;Open d&rsquo;Australie<\/a>&nbsp;&nbsp;L&rsquo;\u00c9quipe<\/li>\n<li><a href=\"https:\/\/news.google.com\/rss\/articles\/CBMifEFVX3lxTE5kR2RqakhkM3JzT2U3MXI2dlRCZE5OXzc4OE1iSEtzWWNvdHpXTDFnSC1kV1pYSW1kU2s5dU1qX3ZsNm9BY0g4dGdRaklPcDBBV0JPZDZ6R2g2NF9CTTZJQXJLWWxHSW8tbTA3OHdFM1I5QkctYTZtN2pFd2E?oc=5\" target=\"_blank\" rel=\"noopener\">DIRECT. Open d&rsquo;Australie : Suivez les qualifications en direct<\/a>&nbsp;&nbsp;L&rsquo;\u00c9quipe<\/li>\n<li><a href=\"https:\/\/news.google.com\/rss\/articles\/CBMisgFBVV95cUxPclN5VzFIamlQaFhaMXItYXdyaEZqaDFIYk9UV1JkVGg4VmdDN2dZbTBPU2p5NTRLdHZ5OG4tX3NreFp1RWZ0REkyQ3VNZ3A5Y1lYT0xHd1ljckJWSmtueW9wN2ZhNUh2VDJHcndiUlNkXzZZdV85T3YyeFNZY01ZdVYwUVVJcjdzU0xfcWhqVXlfZlFnOWJfZkFKdHU1Q2NKT29xeWJIT0tTaUtuV3RaSHdB?oc=5\" target=\"_blank\" rel=\"noopener\">\u00c0 Melbourne, Bouquier n\u2019a pas trouv\u00e9 la solution contre Carball\u00e9s Baena<\/a>&nbsp;&nbsp;Le Progr\u00e8s<\/li>\n<li><a href=\"https:\/\/news.google.com\/rss\/articles\/CBMi2AFBVV95cUxQN2gyeUNlQ1hUVmU2X3dXV0p3bXI3ZTNaVDRsUGpyME1qa3VJbUxzdFN0X1FlZ3JMTThjSDQwNy02emNjX2x1dnFCaHdvR2JoSVdDODFPRnVfd3d6eW4yeThCcHd3LTBmdktwc0FhdHY5aDN4TmZqYnhvZ0tlbXhxUTRqVHMwNmZOdV9yT090RTRfZ2xYRWQ1VEJIdDh6dlZrXzA4QmRpUHN1RkhHMlhucnJneXpNR1lLT0c1M01lRTN5S3o0UEdDQ05relNSZGMtZXY4TlktX3fSAdcBQVVfeXFMTkdmaHRlNDhiVFhJZUFJRzRZU2NfeXY1dUJnVnFxdERYcFkzSEJRWmVWRFJiOUFmNzRqLTJoS251UFc4THNyeXNkMy1ScWJCRUY3N0YtcE1sN2tpSUttZHJCMEg3MFd2Q2E2UlptR2M4dFhnYmxTZ1B6bFNjbG1wNzBlTHZGZUlsYmhMN1Ywc3N4d2d0TW55eVpReUV2cjhlS0FYOU9FclhRTFE2d2tvLTZNeWpUZXhXcXJyU2JoZldMbkhOaUxYUFR1WGlSblkta1JQdnU0ZVk?oc=5\" target=\"_blank\" rel=\"noopener\">Open d&rsquo;Australie (Q) : Huit Fran\u00e7ais(es) r\u00eavent encore du grand tableau : Sports &#8211; Orange<\/a>&nbsp;&nbsp;Sports &#8211; Orange<\/li>\n<li><a href=\"https:\/\/news.google.com\/rss\/articles\/CBMiqwFBVV95cUxNS1Y3YUZmNmk2ZWpJRWxINHNyWkpyWnlKYlRxV3ItakJEeFIydTlQWnUxNUY5NG5VbkVVWVdIb1ltVU55RUk3SFZUMFhzLUdTaS01UFA5UHFSMFpVRlk3TW5CWFdRVWdMYkZXWmdtVmNuR1JpM1dNZEZLZlFJU2FzUzY5eEZNdHRrcXZTWlBBaHVZNWVDSmYyMTFZbllBdGVfUmxmbFNvN09pU0k?oc=5\" target=\"_blank\" rel=\"noopener\">Qualifications de l&rsquo;Open d&rsquo;Australie, jour 1 : la &lsquo;perf&rsquo; de Droguet, le retour de Ferro<\/a>&nbsp;&nbsp;F\u00e9d\u00e9ration Fran\u00e7aise de Tennis<\/li>\n<\/ol>\n","protected":false},"excerpt":{"rendered":"Aucune joueuse fran\u00e7aise pr\u00e9sente au troisi\u00e8me tour des qualifications de l&rsquo;Open d&rsquo;Australie&nbsp;&nbsp;L&rsquo;\u00c9quipe DIRECT. Open d&rsquo;Australie : Suivez les&hellip;\n","protected":false},"author":2,"featured_media":662467,"comment_status":"","ping_status":"","sticky":false,"template":"","format":"standard","meta":{"footnotes":""},"categories":[1415],"tags":[1011,27,60,1467],"class_list":{"0":"post-662466","1":"post","2":"type-post","3":"status-publish","4":"format-standard","5":"has-post-thumbnail","7":"category-tennis","8":"tag-fr","9":"tag-france","10":"tag-sports","11":"tag-tennis"},"share_on_mastodon":{"url":"https:\/\/pubeurope.com\/@fr\/115892398532849059","error":""},"_links":{"self":[{"href":"https:\/\/www.europesays.com\/fr\/wp-json\/wp\/v2\/posts\/662466","targetHints":{"allow":["GET"]}}],"collection":[{"href":"https:\/\/www.europesays.com\/fr\/wp-json\/wp\/v2\/posts"}],"about":[{"href":"https:\/\/www.europesays.com\/fr\/wp-json\/wp\/v2\/types\/post"}],"author":[{"embeddable":true,"href":"https:\/\/www.europesays.com\/fr\/wp-json\/wp\/v2\/users\/2"}],"replies":[{"embeddable":true,"href":"https:\/\/www.europesays.com\/fr\/wp-json\/wp\/v2\/comments?post=662466"}],"version-history":[{"count":0,"href":"https:\/\/www.europesays.com\/fr\/wp-json\/wp\/v2\/posts\/662466\/revisions"}],"wp:featuredmedia":[{"embeddable":true,"href":"https:\/\/www.europesays.com\/fr\/wp-json\/wp\/v2\/media\/662467"}],"wp:attachment":[{"href":"https:\/\/www.europesays.com\/fr\/wp-json\/wp\/v2\/media?parent=662466"}],"wp:term":[{"taxonomy":"category","embeddable":true,"href":"https:\/\/www.europesays.com\/fr\/wp-json\/wp\/v2\/categories?post=662466"},{"taxonomy":"post_tag","embeddable":true,"href":"https:\/\/www.europesays.com\/fr\/wp-json\/wp\/v2\/tags?post=662466"}],"curies":[{"name":"wp","href":"https:\/\/api.w.org\/{rel}","templated":true}]}}