{"id":662472,"date":"2026-01-14T08:05:15","date_gmt":"2026-01-14T08:05:15","guid":{"rendered":"https:\/\/www.europesays.com\/fr\/662472\/"},"modified":"2026-01-14T08:05:15","modified_gmt":"2026-01-14T08:05:15","slug":"matthieu-delormeau-brutalement-cash-sur-christophe-beaugrand-un-gay-en-prime-time-cest","status":"publish","type":"post","link":"https:\/\/www.europesays.com\/fr\/662472\/","title":{"rendered":"Matthieu Delormeau brutalement cash sur Christophe Beaugrand, \u00ab\u00a0Un gay en prime time, c\u2019est&#8230;\u00a0\u00bb"},"content":{"rendered":"<p><a href=\"https:\/\/www.melty.fr\/tele\/tbt9-cyril-hanouna-surprend-et-annonce-le-retour-dun-ou-dune-chroniqueuse-sur-w9-2288889.html\" target=\"_blank\" rel=\"noopener\"><br \/>\nCe mardi 13 janvier 2026 dans Tout beau, tout neuf, Cyril Hanouna a<br \/>\nsurpris tout le monde en annon\u00e7ant le retour d\u00a0\u00bbun ou d&rsquo;une<br \/>\nchroniqueuse dans l&rsquo;\u00e9mission.<\/a> En revanche pour cette<br \/>\nquotidienne, Matthieu Delormeau manquait \u00e0 l&rsquo;appel. Ce dernier a<br \/>\n\u00e9t\u00e9 remplac\u00e9 par Danielle Moreau. <strong>S&rsquo;il n&rsquo;\u00e9tait pas pr\u00e9sent<br \/>\nsur W9, le chroniqueur \u00e9tait l&rsquo;invit\u00e9 dans l\u2019\u00e9mission\u00a0Culture<br \/>\nm\u00e9dias sur Europe 1 o\u00f9 il a notamment parl\u00e9 de Christophe<br \/>\nBeaugrand.<\/strong><\/p>\n<p>Matthieu Delormeau cash sur Christophe Beaugrand, \u00ab\u00a0Il est en<br \/>\nnum\u00e9ro 2\u00a0\u00bb<\/p>\n<p>Pour Matthieu Delormeau, la place de Christophe Beaugrand sur<br \/>\nTF1 n&rsquo;est pas facile. S&rsquo;il est devenu un visage embl\u00e9matique de la<br \/>\ncha\u00eene avec le temps, le chroniqueur de Cyril Hanouna trouve qu&rsquo;il<br \/>\nest tout de m\u00eame mis \u00e0 l&rsquo;\u00e9cart par rapport \u00e0 d&rsquo;autres animateurs<br \/>\nqui prennent un peu plus de place.<\/p>\n<p>\u00ab\u00a0Et quand vous parlez de <strong>Christophe Beaugrand, m\u00eame<br \/>\nlui, c\u2019est le premier \u00e0 me dire qu\u2019il est un peu<br \/>\nmalheureux.<\/strong> Pardon, mais Christophe Beaugrand,<br \/>\n<strong>quand il est avec Denis Brogniart, il est \u00e0 c\u00f4t\u00e9.<\/strong><br \/>\nUn petit peu comme, malheureusement, lorsqu&rsquo;on potichait les filles<br \/>\nil y a 10 ans qui \u00e9taient \u00e0 c\u00f4t\u00e9 de l\u2019animateur et qui annon\u00e7aient<br \/>\nle jeu, c\u2019est l\u2019animateur qui faisait tout, et <strong>il est en<br \/>\nnum\u00e9ro 2<\/strong>\u00ab\u00a0, a-t-il d\u00e9clar\u00e9 sur les ondes d&rsquo;Europe<br \/>\n1.<\/p>\n<p>\u00ab\u00a0Il est rempla\u00e7ant de Bruce Toussaint et il fait les<br \/>\nb\u00eatisiers de No\u00ebl\u00a0\u00bb<\/p>\n<p>Dans l&rsquo;\u00e9mission, Matthieu Delormeau a \u00e9t\u00e9 totalement honn\u00eate et<br \/>\npour lui, si Christophe Beaugrand n&rsquo;est pas en prime time sur TF1,<br \/>\nc&rsquo;est pour une bonne raison. <strong>\u00ab\u00a0Christophe Beaugrand est<br \/>\nen num\u00e9ro 2. Un gay en prime time, c\u2019est compliqu\u00e9\u00a0\u00bb<\/strong>,<br \/>\na-t-il d\u00e9clar\u00e9 avant d&rsquo;ajouter : <strong>\u00ab\u00a0On consid\u00e8re qu\u2019il y<br \/>\na \u00e0 peu pr\u00e8s 10-15% de personnes homophobes en France. Donc si on<br \/>\nmet un gay en prime-time\u2026\u00a0\u00bb<\/strong><\/p>\n<p><a href=\"https:\/\/www.melty.fr\/tele\/tbt9-gene-matthieu-delormeau-disparait-de-lemission-en-plein-direct-personne-ne-nous-2288216.html\" target=\"_blank\" rel=\"noopener\"><br \/>\nCelui qui a disparu de Tout beau, tout neuf en plein direct<\/a> a<br \/>\n\u00e9galement regrett\u00e9 de nombreuses choses concernant son camarade.<br \/>\n\u00ab\u00a0<strong>Je ne suis pas m\u00e9chant, mais \u00e7a fait 15 ans qu\u2019il est<br \/>\nl\u00e0, il est rempla\u00e7ant de Bruce Toussaint et il fait les b\u00eatisiers<br \/>\nde No\u00ebl.<\/strong> Enfin, Christophe Beaugrand n\u2019est pas Camille<br \/>\nCombal, ni Nikos Aliagas. Cela fait 10 ans qu\u2019il est l\u00e0, il<br \/>\npourrait avoir de gros projets\u00a0\u00bb, a-t-il dit avant de conclure<br \/>\n: \u00ab\u00a0Et maintenant, si vous enlevez Christophe Beaugrand :<br \/>\ncitez-moi un animateur, et on sait tous qu\u2019il y en a beaucoup, on<br \/>\ncitera jamais les noms, mais qui est sur une cha\u00eene en prime, vous<br \/>\nne l\u2019aurez pas.\u00a0\u00bb<\/p>\n<p>Christophe Beaugrand d\u00e9croche une<br \/>\nnouvelle \u00e9mission sur TF1<\/p>\n<p>Depuis de d\u00e9but de semaine, <strong>Christophe Beaugrand est<br \/>\ntout de m\u00eame aux commandes de Bonjour ! Avec vous<\/strong>, un talk<br \/>\nquotidien en direct pens\u00e9 pour remplacer le t\u00e9l\u00e9shopping et<br \/>\nprolonger la matinale de Bruce Toussaint. Pour nos confr\u00e8res de<br \/>\n<a href=\"https:\/\/www.telestar.fr\/actu_tv\/exclu-christophe-beaugrand-face-a-un-defi-de-taille-sur-tf1-une-grosse-pression-1750506\" target=\"_blank\" rel=\"noopener\">T\u00e9l\u00e9 Star<\/a>, l&rsquo;animateur<br \/>\na r\u00e9v\u00e9l\u00e9 avoir \u00ab\u00a0une grosse pression\u00a0\u00bb avec ce nouveau<br \/>\nprojet. Il a ensuite pr\u00e9cis\u00e9 : \u00ab\u00a0Dans ce programme, le<br \/>\nt\u00e9l\u00e9spectateur fera partie de la bande.\u00a0\u00bb<\/p>\n<p>Une nouvelle \u00e9mission qui comble parfaitement Christophe<br \/>\nBeaugrand qui n&rsquo;a, pour le moment, pas r\u00e9agi aux propos de Matthieu<br \/>\nDelormeau sur les ondes d&rsquo;Europe 1. \u00c0 voir s&rsquo;il le fera ou s&rsquo;il va<br \/>\npr\u00e9f\u00e9rer ne pas y r\u00e9pondre.<\/p>\n","protected":false},"excerpt":{"rendered":"Ce mardi 13 janvier 2026 dans Tout beau, tout neuf, Cyril Hanouna a surpris tout le monde en&hellip;\n","protected":false},"author":2,"featured_media":662473,"comment_status":"","ping_status":"","sticky":false,"template":"","format":"standard","meta":{"footnotes":""},"categories":[1359],"tags":[5410,58,59,1011,27,7830,973],"class_list":{"0":"post-662472","1":"post","2":"type-post","3":"status-publish","4":"format-standard","5":"has-post-thumbnail","7":"category-people","8":"tag-christophe-beaugrand","9":"tag-divertissement","10":"tag-entertainment","11":"tag-fr","12":"tag-france","13":"tag-matthieu-delormeau","14":"tag-people"},"share_on_mastodon":{"url":"https:\/\/pubeurope.com\/@fr\/115892422132651727","error":""},"_links":{"self":[{"href":"https:\/\/www.europesays.com\/fr\/wp-json\/wp\/v2\/posts\/662472","targetHints":{"allow":["GET"]}}],"collection":[{"href":"https:\/\/www.europesays.com\/fr\/wp-json\/wp\/v2\/posts"}],"about":[{"href":"https:\/\/www.europesays.com\/fr\/wp-json\/wp\/v2\/types\/post"}],"author":[{"embeddable":true,"href":"https:\/\/www.europesays.com\/fr\/wp-json\/wp\/v2\/users\/2"}],"replies":[{"embeddable":true,"href":"https:\/\/www.europesays.com\/fr\/wp-json\/wp\/v2\/comments?post=662472"}],"version-history":[{"count":0,"href":"https:\/\/www.europesays.com\/fr\/wp-json\/wp\/v2\/posts\/662472\/revisions"}],"wp:featuredmedia":[{"embeddable":true,"href":"https:\/\/www.europesays.com\/fr\/wp-json\/wp\/v2\/media\/662473"}],"wp:attachment":[{"href":"https:\/\/www.europesays.com\/fr\/wp-json\/wp\/v2\/media?parent=662472"}],"wp:term":[{"taxonomy":"category","embeddable":true,"href":"https:\/\/www.europesays.com\/fr\/wp-json\/wp\/v2\/categories?post=662472"},{"taxonomy":"post_tag","embeddable":true,"href":"https:\/\/www.europesays.com\/fr\/wp-json\/wp\/v2\/tags?post=662472"}],"curies":[{"name":"wp","href":"https:\/\/api.w.org\/{rel}","templated":true}]}}