{"id":662476,"date":"2026-01-14T08:08:10","date_gmt":"2026-01-14T08:08:10","guid":{"rendered":"https:\/\/www.europesays.com\/fr\/662476\/"},"modified":"2026-01-14T08:08:10","modified_gmt":"2026-01-14T08:08:10","slug":"cyril-hanouna-grand-romantique-il-devoile-la-premiere-question","status":"publish","type":"post","link":"https:\/\/www.europesays.com\/fr\/662476\/","title":{"rendered":"Cyril Hanouna, grand romantique ? Il d\u00e9voile la premi\u00e8re question &#8230;"},"content":{"rendered":"<p>EN BREF<\/p>\n<ul class=\"bloc_resume_post_list\">\n<li>Le 13 janvier 2026, Cyril Hanouna discute des premiers<br \/>\nrendez-vous sur W9 avec Shana Loustau et Polska.<\/li>\n<li>Shana Loustau \u00e9voque des questions \u00e0 \u00e9viter lors d\u00a0\u00bbun<br \/>\npremier rendez-vous, jug\u00e9es maladroites ou peu<br \/>\nengageantes.<\/li>\n<li>Cyril Hanouna r\u00e9v\u00e8le sa question directe pr\u00e9f\u00e9r\u00e9e,<br \/>\nsuscitant des rires et des r\u00e9actions sur le plateau.<\/li>\n<\/ul>\n<p>Lors de l\u2019\u00e9mission <strong>Tout Beau Tout N9uf diffus\u00e9e<br \/>\nle 13 janvier 2026<\/strong> sur W9, Cyril Hanouna a lanc\u00e9 une<br \/>\ndiscussion sur les premiers rendez-vous, appel\u00e9s \u201cpremier date\u201d en<br \/>\nanglais. La chroniqueuse Shana Loustau a pr\u00e9sent\u00e9 un article du<br \/>\nHuffington Post consacr\u00e9 <strong>aux questions qui<br \/>\nannoncent souvent un rendez-vous rat\u00e9.<\/strong> Le sujet a fait<br \/>\nr\u00e9agir sur le plateau, <a href=\"https:\/\/www.telestar.fr\/people\/cyril-hanouna-jai-perdu-600-000-euros-cette-tres-mauvaise-affaire-dans-laquelle-il-a-investi-1750645\" target=\"_blank\" rel=\"noopener\"><br \/>\n\u00e0 commencer par l\u2019animateur.<\/a><\/p>\n<p>Shana Loustau a expliqu\u00e9 que certaines questions \u00e9taient per\u00e7ues<br \/>\ncomme de mauvais signes d\u00e8s les premi\u00e8res minutes. Elle a cit\u00e9 des<br \/>\nexemples tr\u00e8s classiques, jug\u00e9s trop fades ou maladroits. Des<br \/>\ninterrogations simples mais peu engageantes, souvent utilis\u00e9es<br \/>\nquand la conversation peine \u00e0 d\u00e9coller. Une analyse qui a<br \/>\nrapidement amus\u00e9 Cyril Hanouna, visiblement peu concern\u00e9 par ces<br \/>\nr\u00e8gles de premiers dates.\u00a0<\/p>\n<p>Sa question beaucoup trop directe<\/p>\n<p>Face \u00e0 ces conseils, Cyril Hanouna a d\u00e9clar\u00e9 : <strong>\u201cMoi<br \/>\nj&rsquo;ai un probl\u00e8me, c&rsquo;est que je m&rsquo;en fous de tout\u201d .<\/strong><br \/>\nInterrog\u00e9 par les chroniqueurs sur sa premi\u00e8re question en<br \/>\nrendez-vous galant, l\u2019animateur a r\u00e9pondu <strong>\u201cC&rsquo;est quoi<br \/>\nton bodycount\u201d ,<\/strong> d\u00e9clenchant des rires sur le<br \/>\nplateau.<\/p>\n<p>Le terme \u201cbodycount\u201d d\u00e9signe le nombre de <a href=\"https:\/\/www.telestar.fr\/actu_tv\/la-premiere-video-cyril-hanouna-fait-allusion-a-la-setape-de-matthieu-delormeau-malaise-sur-le-plateau-1750436\" target=\"_blank\" rel=\"noopener\"><br \/>\npersonnes avec lesquelles on a eu des relations.<\/a> Une question<br \/>\njug\u00e9e trop directe par Shana Loustau, qui lui a aussit\u00f4t fait<br \/>\nremarquer que cela faisait partie de celles qu\u2019il vaut mieux<br \/>\n\u00e9viter. Cyril Hanouna a alors l\u00e2ch\u00e9, amus\u00e9, \u201cah<br \/>\nm*rde\u201d.\u00a0<\/p>\n<p>Les anecdotes de Polska<\/p>\n<p>Dans la foul\u00e9e, Cyril Hanouna a interrog\u00e9 <a href=\"https:\/\/www.telestar.fr\/actu_tv\/cyril-hanouna-elle-avale-les-il-revele-un-gros-dossier-sur-polska-morte-de-honte-1748068\" target=\"_blank\" rel=\"noopener\"><br \/>\nla chroniqueuse Polska sur sa derni\u00e8re exp\u00e9rience amoureuse.<\/a><br \/>\nElle a expliqu\u00e9, avec simplicit\u00e9, \u201cje sais pas, moi quand je<br \/>\nsuis en date je parle un peu au hasard (&#8230;) le dernier date<br \/>\nc&rsquo;\u00e9tait en anglais donc je gal\u00e9rais un peu\u201d. Une anecdote qui<br \/>\nn\u2019a pas convaincu le pr\u00e9sentateur qui a r\u00e9agi en r\u00e9pondant<br \/>\n<strong>\u201cd\u00e9sol\u00e9 de vous avoir<br \/>\nr\u00e9veill\u00e9e\u201d.\u00a0<\/strong><\/p>\n<p>En 2024, Polska avait d\u00e9j\u00e0 r\u00e9v\u00e9l\u00e9 son \u201cbodycount\u201d dans<br \/>\nTPMP. Elle avait confi\u00e9 \u201cAlors moi d\u00e9j\u00e0, j&rsquo;ai commenc\u00e9<br \/>\ntard, j&rsquo;ai commenc\u00e9 \u00e0 20 ans et je vous jure que c&rsquo;est vrai :<br \/>\n<strong>moins de 10 ! Ma p\u00e9pette, elle est rare<br \/>\n!\u00a0\u00bb<\/strong> Une confidence qui avait surpris les chroniqueurs.<br \/>\nDe son c\u00f4t\u00e9, Jean-Michel Maire avait affirm\u00e9 avoir <strong>eu plus<br \/>\nde 1000 conqu\u00eates<\/strong>, une confidence qui ressemblait plut\u00f4t \u00e0<br \/>\nune blague. Val\u00e9rie Bena\u00efm avait aussi jou\u00e9 le jeu en confiant<br \/>\navoir eu 5 partenaires.\u00a0<\/p>\n<p>Depuis le mois de d\u00e9cembre, une rumeur a circul\u00e9 sur la vie<br \/>\namoureuse de Cyril Hanouna. <strong>Il serait en couple avec<br \/>\nTiphaine Auzi\u00e8re,<\/strong> la fille de Brigitte Macron.<br \/>\nParis Match a affirm\u00e9<br \/>\nqu\u2019ils avaient une relation s\u00e9rieuse depuis un an. Apparemment, le<br \/>\ncouple se retrouverait r\u00e9guli\u00e8rement dans un restaurant italien du<br \/>\nVIII\u1d49 arrondissement. Pourtant, aucun des deux n\u2019a encore confirm\u00e9<br \/>\ncette relation suppos\u00e9e.<\/p>\n","protected":false},"excerpt":{"rendered":"EN BREF Le 13 janvier 2026, Cyril Hanouna discute des premiers rendez-vous sur W9 avec Shana Loustau et&hellip;\n","protected":false},"author":2,"featured_media":662477,"comment_status":"","ping_status":"","sticky":false,"template":"","format":"standard","meta":{"footnotes":""},"categories":[1356],"tags":[548,1083,58,59,1011,27,252,22497,49534,1364,2395],"class_list":{"0":"post-662476","1":"post","2":"type-post","3":"status-publish","4":"format-standard","5":"has-post-thumbnail","7":"category-television","8":"tag-article-simple","9":"tag-cyril-hanouna","10":"tag-divertissement","11":"tag-entertainment","12":"tag-fr","13":"tag-france","14":"tag-television","15":"tag-tout-beau","16":"tag-tout-n9uf","17":"tag-tv","18":"tag-w9"},"share_on_mastodon":{"url":"https:\/\/pubeurope.com\/@fr\/115892434117692071","error":""},"_links":{"self":[{"href":"https:\/\/www.europesays.com\/fr\/wp-json\/wp\/v2\/posts\/662476","targetHints":{"allow":["GET"]}}],"collection":[{"href":"https:\/\/www.europesays.com\/fr\/wp-json\/wp\/v2\/posts"}],"about":[{"href":"https:\/\/www.europesays.com\/fr\/wp-json\/wp\/v2\/types\/post"}],"author":[{"embeddable":true,"href":"https:\/\/www.europesays.com\/fr\/wp-json\/wp\/v2\/users\/2"}],"replies":[{"embeddable":true,"href":"https:\/\/www.europesays.com\/fr\/wp-json\/wp\/v2\/comments?post=662476"}],"version-history":[{"count":0,"href":"https:\/\/www.europesays.com\/fr\/wp-json\/wp\/v2\/posts\/662476\/revisions"}],"wp:featuredmedia":[{"embeddable":true,"href":"https:\/\/www.europesays.com\/fr\/wp-json\/wp\/v2\/media\/662477"}],"wp:attachment":[{"href":"https:\/\/www.europesays.com\/fr\/wp-json\/wp\/v2\/media?parent=662476"}],"wp:term":[{"taxonomy":"category","embeddable":true,"href":"https:\/\/www.europesays.com\/fr\/wp-json\/wp\/v2\/categories?post=662476"},{"taxonomy":"post_tag","embeddable":true,"href":"https:\/\/www.europesays.com\/fr\/wp-json\/wp\/v2\/tags?post=662476"}],"curies":[{"name":"wp","href":"https:\/\/api.w.org\/{rel}","templated":true}]}}