{"id":662478,"date":"2026-01-14T08:09:11","date_gmt":"2026-01-14T08:09:11","guid":{"rendered":"https:\/\/www.europesays.com\/fr\/662478\/"},"modified":"2026-01-14T08:09:11","modified_gmt":"2026-01-14T08:09:11","slug":"le-groupe-de-k-pop-bts-lancera-sa-tournee-mondiale-au-mois-davril-deux-concerts-prevus-a-paris-au-stade-de-france","status":"publish","type":"post","link":"https:\/\/www.europesays.com\/fr\/662478\/","title":{"rendered":"Le groupe de K-pop BTS lancera sa tourn\u00e9e mondiale au mois d\u2019avril, deux concerts pr\u00e9vus \u00e0 Paris au Stade de France"},"content":{"rendered":"<p class=\"paragraph text_align_left lp-f-body-02\">Un retour attendu. <a href=\"https:\/\/www.leparisien.fr\/culture-loisirs\/musique\/en-pause-depuis-2022-le-groupe-de-k-pop-bts-fera-son-retour-en-mars-avec-un-album-avant-une-tournee-mondiale-01-01-2026-FKVJBO6YSFCUZJTCAKKTMFPLHQ.php\" target=\"_self\" rel=\"noopener\">Le groupe ph\u00e9nom\u00e8ne de K-pop BTS<\/a> entamera une tourn\u00e9e mondiale \u00e0 partir d\u2019avril prochain, dont deux dates sont programm\u00e9es au Stade de France en juillet, a annonc\u00e9 mercredi son label.<\/p>\n<p class=\"\">Le plus grand groupe musical de Cor\u00e9e du Sud est en pause depuis 2022, le temps pour ses membres d\u2019effectuer <a href=\"https:\/\/www.leparisien.fr\/international\/service-militaire-volontaire-obligatoire-sur-tirage-au-sort-comment-leurope-mobilise-ses-jeunes-25-11-2025-46B3J7NWGNBALEKLOQII6CRFOE.php\" target=\"_self\" rel=\"noopener\">le service militaire<\/a> obligatoire, impos\u00e9 \u00e0 tous les hommes sud-cor\u00e9ens de moins de 30 ans.<\/p>\n<p class=\"\">Les sept membres ayant \u00e9t\u00e9 d\u00e9mobilis\u00e9s, le groupe a annonc\u00e9 son retour au printemps 2026, avec un album pr\u00e9vu pour le 20 mars.<\/p>\n<p>La plus grande tourn\u00e9e jamais organis\u00e9e par un groupe de K-pop<\/p>\n<p class=\"\">Avec 79 concerts dans 34 villes, ce sera la plus grande tourn\u00e9e jamais organis\u00e9e par un groupe de<a href=\"https:\/\/www.leparisien.fr\/culture-loisirs\/musique\/on-est-plus-quun-simple-public-on-est-une-grande-famille-plongee-dans-lunivers-passionne-des-fans-de-k-pop-02-08-2025-H2UZBGKQ7REBHPFKWKQY4ELLNE.php\" target=\"_self\" rel=\"noopener\"> K-pop<\/a> en termes de nombre total de concerts.<\/p>\n<p class=\"\">Cette tourn\u00e9e mondiale, leur premi\u00e8re en quatre ans, d\u00e9butera \u00e0 Goyang, en Cor\u00e9e du Sud, le 9 avril, avec deux concerts suppl\u00e9mentaires dans le pays d\u2019origine du groupe avant de se rendre au Japon voisin, a d\u00e9clar\u00e9 l\u2019agence du groupe, HYBE.<\/p>\n<p class=\"\">Ils se rendront ensuite aux \u00c9tats-Unis et en Europe, avec deux dates pr\u00e9vues les 17 et 18 juillet au Stade de France \u00e0 Saint-Denis. La tourn\u00e9e doit se terminer en mars 2027 \u00e0 Manille.<\/p>\n<p class=\"\">Le label du septuor a d\u00e9clar\u00e9 que d\u2019autres villes seraient programm\u00e9es, notamment au Japon et au Moyen-Orient.<\/p>\n<p>Environ 4,5 millions de personnes devraient assister \u00e0 la tourn\u00e9e<\/p>\n<p class=\"\">Leur album de retour sera leur premier en pr\u00e8s de quatre ans depuis l\u2019anthologie \u00ab Proof \u00bb, devenu le disque le plus vendu en Cor\u00e9e du Sud en 2022.<\/p>\n<p class=\"\">Les actions de HYBE ont ouvert en hausse mercredi \u00e0 l\u2019annonce de leur tourn\u00e9e mondiale, gagnant environ 3 %. Mercredi, la banque d\u2019investissement IBK Securities a estim\u00e9 que les b\u00e9n\u00e9fices d\u2019exploitation de l\u2019entreprise cette ann\u00e9e seraient multipli\u00e9s par dix par rapport \u00e0 2025.<\/p>\n<p class=\"\">\u00ab D\u2019apr\u00e8s le calendrier complet de la tourn\u00e9e, environ 4,5 millions de personnes devraient y assister \u00bb, a d\u00e9clar\u00e9 l\u2019analyste Kim Yu-hyuk.<\/p>\n<p class=\"\">Avant leur d\u00e9part pour le service militaire, <a href=\"https:\/\/www.leparisien.fr\/culture-loisirs\/musique\/k-pop-le-groupe-bts-a-dix-ans-la-coree-du-sud-en-fete-12-06-2023-66METXY5FFHNNEM5FDQHHGXYAI.php\" target=\"_self\" rel=\"noopener\">BTS<\/a> g\u00e9n\u00e9rait plus de 5 500 milliards de wons (environ 3,25 milliards d\u2019euros) par an en Cor\u00e9e du Sud, selon l\u2019Institut cor\u00e9en de la culture et du tourisme. Ce chiffre \u00e9quivaut \u00e0 environ 0,2 % du PIB du pays.<\/p>\n<p class=\"\">BTS s\u2019est d\u00e9velopp\u00e9 au-del\u00e0 de son pays d\u2019origine pour devenir un ph\u00e9nom\u00e8ne musical mondial ces derni\u00e8res ann\u00e9es. Il d\u00e9tient le record du groupe le plus \u00e9cout\u00e9 sur Spotify et a \u00e9t\u00e9 le premier groupe de K-pop \u00e0 se classer en t\u00eate des charts Billboard 200 et Billboard Artist 100 aux \u00c9tats-Unis.<\/p>\n","protected":false},"excerpt":{"rendered":"Un retour attendu. Le groupe ph\u00e9nom\u00e8ne de K-pop BTS entamera une tourn\u00e9e mondiale \u00e0 partir d\u2019avril prochain, dont&hellip;\n","protected":false},"author":2,"featured_media":662479,"comment_status":"","ping_status":"","sticky":false,"template":"","format":"standard","meta":{"footnotes":""},"categories":[1355],"tags":[872,58,59,1011,27,14,1361,873],"class_list":{"0":"post-662478","1":"post","2":"type-post","3":"status-publish","4":"format-standard","5":"has-post-thumbnail","7":"category-musique","8":"tag-culture-et-loisirs","9":"tag-divertissement","10":"tag-entertainment","11":"tag-fr","12":"tag-france","13":"tag-international","14":"tag-music","15":"tag-musique"},"share_on_mastodon":{"url":"https:\/\/pubeurope.com\/@fr\/115892438185980698","error":""},"_links":{"self":[{"href":"https:\/\/www.europesays.com\/fr\/wp-json\/wp\/v2\/posts\/662478","targetHints":{"allow":["GET"]}}],"collection":[{"href":"https:\/\/www.europesays.com\/fr\/wp-json\/wp\/v2\/posts"}],"about":[{"href":"https:\/\/www.europesays.com\/fr\/wp-json\/wp\/v2\/types\/post"}],"author":[{"embeddable":true,"href":"https:\/\/www.europesays.com\/fr\/wp-json\/wp\/v2\/users\/2"}],"replies":[{"embeddable":true,"href":"https:\/\/www.europesays.com\/fr\/wp-json\/wp\/v2\/comments?post=662478"}],"version-history":[{"count":0,"href":"https:\/\/www.europesays.com\/fr\/wp-json\/wp\/v2\/posts\/662478\/revisions"}],"wp:featuredmedia":[{"embeddable":true,"href":"https:\/\/www.europesays.com\/fr\/wp-json\/wp\/v2\/media\/662479"}],"wp:attachment":[{"href":"https:\/\/www.europesays.com\/fr\/wp-json\/wp\/v2\/media?parent=662478"}],"wp:term":[{"taxonomy":"category","embeddable":true,"href":"https:\/\/www.europesays.com\/fr\/wp-json\/wp\/v2\/categories?post=662478"},{"taxonomy":"post_tag","embeddable":true,"href":"https:\/\/www.europesays.com\/fr\/wp-json\/wp\/v2\/tags?post=662478"}],"curies":[{"name":"wp","href":"https:\/\/api.w.org\/{rel}","templated":true}]}}