{"id":662480,"date":"2026-01-14T08:10:42","date_gmt":"2026-01-14T08:10:42","guid":{"rendered":"https:\/\/www.europesays.com\/fr\/662480\/"},"modified":"2026-01-14T08:10:42","modified_gmt":"2026-01-14T08:10:42","slug":"montceau-la-programmation-du-cinema-capitole-du-14-au-20-janvier-2026","status":"publish","type":"post","link":"https:\/\/www.europesays.com\/fr\/662480\/","title":{"rendered":"Montceau &#8211; La programmation du cin\u00e9ma Capitole du 14 au 20 janvier 2026"},"content":{"rendered":"<p><img fetchpriority=\"high\" decoding=\"async\" data-attachment-id=\"208757\" data-permalink=\"https:\/\/linformateurdebourgogne.com\/montceau-la-programmation-du-cinema-capitole-du-14-au-20-janvier-2026\/cinema-14-au-20\/\" data-orig-file=\"https:\/\/www.europesays.com\/fr\/wp-content\/uploads\/2026\/01\/cinema-14-au-20.jpg\" data-orig-size=\"952,326\" data-comments-opened=\"0\" data-image-meta=\"{&quot;aperture&quot;:&quot;0&quot;,&quot;credit&quot;:&quot;&quot;,&quot;camera&quot;:&quot;&quot;,&quot;caption&quot;:&quot;&quot;,&quot;created_timestamp&quot;:&quot;0&quot;,&quot;copyright&quot;:&quot;&quot;,&quot;focal_length&quot;:&quot;0&quot;,&quot;iso&quot;:&quot;0&quot;,&quot;shutter_speed&quot;:&quot;0&quot;,&quot;title&quot;:&quot;&quot;,&quot;orientation&quot;:&quot;0&quot;}\" data-image-title=\"cin\u00e9ma 14 au 20\" data-image-description=\"\" data-image-caption=\"\" data-medium-file=\"https:\/\/linformateurdebourgogne.com\/wp-content\/uploads\/2026\/01\/cinema-14-au-20-300x103.jpg\" data-large-file=\"https:\/\/www.europesays.com\/fr\/wp-content\/uploads\/2026\/01\/cinema-14-au-20.jpg\" class=\"alignnone wp-image-208757 size-full\" src=\"https:\/\/www.europesays.com\/fr\/wp-content\/uploads\/2026\/01\/cinema-14-au-20.jpg\" alt=\"\" width=\"952\" height=\"326\"  \/><\/p>\n<p>\u00a0<\/p>\n<p>Cette semaine, le Capitole vous propose une programmation riche qui saura ravir tout le monde !<\/p>\n<p>Au programme :<\/p>\n<p>\ud83c\udfb6 Une\u00a0<strong>retransmission en direct<\/strong>\u00a0du Royal Ballet &amp; Opera qui vous fera vivre l\u2019\u00e9motion du spectacle vivant sur grand \u00e9cran,\u00a0<strong>La Traviata<\/strong>, un grand classique de l\u2019op\u00e9ra. Au tarif plein de 19\u20ac ou r\u00e9duit de 13\u20ac.<\/p>\n<p>\u2b50 Une\u00a0<strong>avant-premi\u00e8re<\/strong>,\u00a0<strong>Le Mage du Kremlin<\/strong>, un thriller politique intense port\u00e9 par une mise en sc\u00e8ne magistrale.<\/p>\n<p>\ud83c\udf8a Trois\u00a0<strong>sorties nationales,<\/strong>\u00a0<strong>Furcy, n\u00e9 libre<\/strong>, un r\u00e9cit historique et engag\u00e9 sur un combat pour la libert\u00e9,\u00a0<strong>Greenland Migration<\/strong>, un thriller spectaculaire de survie, et\u00a0<strong>L\u2019Affaire Bojarski<\/strong>, un drame haletant inspir\u00e9 de faits r\u00e9els.<\/p>\n<p><strong>\ud83c\udfa5 Un nouveau documentaire\u00a0<\/strong>vient rejoindre\u00a0<strong>Tout va bien<\/strong>, et c\u2019est<strong>\u00a0Allier et Sa\u00f4ne-et-Loire, la ligne de d\u00e9marcation<\/strong>\u00a0qui revient sur les souvenirs bouleversants de celles et ceux qui ont v\u00e9cu la France coup\u00e9e en deux pendant la Seconde Guerre mondiale.<\/p>\n<p>\u2728 Deux\u00a0<strong>classiques\u00a0<\/strong>\u00e0 (re)d\u00e9couvrir,\u00a0<strong>Le Dernier des Mohicans,\u00a0<\/strong>fresque romanesque et \u00e9pique, et\u00a0<strong>Quadrille,\u00a0<\/strong>une com\u00e9die dramatique de Sacha Guitry.<\/p>\n<p>\ud83c\udf9e\ufe0f Deux rendez-vous cin\u00e9philes\u00a0<strong>avec Cin\u00e9mage<\/strong>,\u00a0<strong>Les Aigles de la R\u00e9publique<\/strong>\u00a0(VOSTF) et\u00a0<strong>On vous croit<\/strong>, deux films puissants au c\u0153ur des enjeux contemporains.<\/p>\n<p>\ud83c\udf7f Toujours\u00a0<strong>\u00e0 l\u2019affiche<\/strong>\u00a0:\u00a0<strong>Avatar : De feu et de cendres\u00a0<\/strong>(en 2D et en 3D),\u00a0<strong>La Femme de m\u00e9nage<\/strong>\u00a0(interdit aux moins de 12 ans) ou encore nos coups de coeur,\u00a0<strong>L\u2019agent secret\u00a0<\/strong>(en VOSTF),\u00a0<strong>Le Chant des For\u00eats<\/strong>\u00a0et\u00a0<strong>Rebuilding<\/strong>\u00a0(en VOSTF).<\/p>\n<p>\u00c0 tr\u00e8s vite au Capitole !<\/p>\n<p>Pour ne rien manquer, n\u2019oubliez pas de nous suivre sur nos r\u00e9seaux sociaux : Facebook \u2013\u00a0<strong>Cin\u00e9ma Capitole Panac\u00e9a<\/strong>\u00a0&amp; Instagram \u2013\u00a0<strong>@capitole.montceau<\/strong><\/p>\n<p><img loading=\"lazy\" decoding=\"async\" data-attachment-id=\"208689\" data-permalink=\"https:\/\/linformateurdebourgogne.com\/agire-montceau-reparer-plutot-que-jeter-des-chaises-sauvees\/vide-157\/\" data-orig-file=\"https:\/\/linformateurdebourgogne.com\/wp-content\/uploads\/2026\/01\/vide-3.png\" data-orig-size=\"455,37\" data-comments-opened=\"0\" data-image-meta=\"{&quot;aperture&quot;:&quot;0&quot;,&quot;credit&quot;:&quot;&quot;,&quot;camera&quot;:&quot;&quot;,&quot;caption&quot;:&quot;&quot;,&quot;created_timestamp&quot;:&quot;0&quot;,&quot;copyright&quot;:&quot;&quot;,&quot;focal_length&quot;:&quot;0&quot;,&quot;iso&quot;:&quot;0&quot;,&quot;shutter_speed&quot;:&quot;0&quot;,&quot;title&quot;:&quot;&quot;,&quot;orientation&quot;:&quot;0&quot;}\" data-image-title=\"vide\" data-image-description=\"\" data-image-caption=\"\" data-medium-file=\"https:\/\/www.europesays.com\/fr\/wp-content\/uploads\/2026\/01\/vide-3-300x24.png\" data-large-file=\"https:\/\/linformateurdebourgogne.com\/wp-content\/uploads\/2026\/01\/vide-3.png\" class=\"alignnone size-medium wp-image-208689\" src=\"https:\/\/www.europesays.com\/fr\/wp-content\/uploads\/2026\/01\/vide-3-300x24.png\" alt=\"\" width=\"300\" height=\"24\"  \/><\/p>\n<tr>\n<td>\n<tr>\n<td>\n<tr>\n<td>\n<tr>\n<td align=\"center\">\n<tr>\n<td class=\"ox-830da968ad-mj-full-width-mobile\"><a target=\"_blank\" href=\"http:\/\/qi5k.mjt.lu\/lnk\/CAAACBMS1dYAAcrP9cwAALVt7KgAAAAUcAMAAAAAAAorDgBpZmw2h_lyWNdZS_iJ3yDzX5aLwwAITlc\/3\/JTtG888GJCoOK4GCpnzodQ\/aHR0cHM6Ly9ib2FwcC1hcGkuYm94b2ZmaWNlLmNvbS9yLzM5YWRhN2IyP3V0bV9zb3VyY2U9d21w\" rel=\"noopener\"><img decoding=\"async\" src=\"https:\/\/www.europesays.com\/fr\/wp-content\/uploads\/2026\/01\/1768378214_734_r_640_2048.jpeg\" alt=\"\" width=\"110\" height=\"auto\"\/><\/a><\/td>\n<\/tr>\n<\/td>\n<\/tr>\n<\/td>\n<\/tr>\n<tr>\n<td>\n<tr>\n<td align=\"left\">\n<p>Au cours de l\u2019une de ses fastueuses soir\u00e9es, la c\u00e9l\u00e8bre courtisane parisienne Violetta est pr\u00e9sent\u00e9e \u00e0 Alfredo Germont. Ils tombent follement amoureux l\u2019un de l\u2019autre, et bien qu\u2019elle h\u00e9site \u00e0 abandonner sa vie faite de luxe et de libert\u00e9, Violetta suit les \u00e9lans de son c\u0153ur. Mais le jeune couple conna\u00eet un bonheur \u00e9ph\u00e9m\u00e8re car la dure r\u00e9alit\u00e9 de la vie les rattrape. Aussi intimiste que somptueux, La traviata offre des m\u00e9lodies parmi les plus c\u00e9l\u00e8bres de l\u2019histoire de l\u2019op\u00e9ra et met en vedette le r\u00f4le principal de soprano, brillamment interpr\u00e9t\u00e9 par Ermonela Jaho.<\/p>\n<\/td>\n<\/tr>\n<\/td>\n<\/tr>\n<\/td>\n<\/tr>\n<\/td>\n<\/tr>\n<tr>\n<td>\n<tr>\n<td>\n<tr>\n<td>\n<tr>\n<td align=\"left\">\n<\/td>\n<\/tr>\n<tr>\n<td align=\"left\">\n<p><b>Avec\u00a0<\/b>Paul Dano, Jude Law, Alicia Vikander, Tom Sturridge, Will Keen<\/p>\n<p><b>De\u00a0<\/b>Olivier Assayas<\/p>\n<p><b>Dur\u00e9e\u00a0<\/b>2h25<\/p>\n<\/td>\n<\/tr>\n<\/td>\n<\/tr>\n<\/td>\n<\/tr>\n<tr>\n<td>\n<tr>\n<td>\n<tr>\n<td align=\"center\">\n<tr>\n<td class=\"ox-830da968ad-mj-full-width-mobile\"><a target=\"_blank\" href=\"http:\/\/qi5k.mjt.lu\/lnk\/CAAACBMS1dYAAcrP9cwAALVt7KgAAAAUcAMAAAAAAAorDgBpZmw2h_lyWNdZS_iJ3yDzX5aLwwAITlc\/6\/oKStZi0_jxBXZLsvG4yUdA\/aHR0cHM6Ly9ib2FwcC1hcGkuYm94b2ZmaWNlLmNvbS9yLzMxMWRhYWZmP3V0bV9zb3VyY2U9d21w\" rel=\"noopener\"><img decoding=\"async\" src=\"https:\/\/www.europesays.com\/fr\/wp-content\/uploads\/2026\/01\/1768378215_518_r_640_2048.jpeg\" alt=\"\" width=\"110\" height=\"auto\"\/><\/a><\/td>\n<\/tr>\n<\/td>\n<\/tr>\n<\/td>\n<\/tr>\n<tr>\n<td>\n<tr>\n<td align=\"left\">\n<p>Russie, dans les ann\u00e9es 1990. L\u2019URSS s\u2019effondre. Dans le tumulte d\u2019un pays en reconstruction, un jeune homme \u00e0 l\u2019intelligence redoutable, Vadim Baranov, trace sa voie. D\u2019abord artiste puis producteur de t\u00e9l\u00e9-r\u00e9alit\u00e9, il devient le conseiller officieux d\u2019un ancien agent du KGB promis \u00e0 un pouvoir absolu, le futur \u00ab Tsar \u00bb Vladimir Poutine. Plong\u00e9 au c\u0153ur du syst\u00e8me, Baranov devient un rouage central de la nouvelle Russie, fa\u00e7onnant les discours, les images, les perceptions. Mais une pr\u00e9sence \u00e9chappe \u00e0 son contr\u00f4le : Ksenia, femme libre et insaisissable, incarne une \u00e9chapp\u00e9e possible, loin des logiques d\u2019influence et de domination. Quinze ans plus tard, apr\u00e8s s\u2019\u00eatre retir\u00e9 dans le silence, Baranov accepte de parler. Ce qu\u2019il r\u00e9v\u00e8le alors brouille les fronti\u00e8res entre r\u00e9alit\u00e9 et fiction, conviction et strat\u00e9gie. Le Mage du Kremlin est une plong\u00e9e dans les arcanes du pouvoir, un r\u00e9cit o\u00f9 chaque mot dissimule une faille.<\/p>\n<\/td>\n<\/tr>\n<\/td>\n<\/tr>\n<\/td>\n<\/tr>\n<\/td>\n<\/tr>\n<tr>\n<td>\n<tr>\n<td>\n<tr>\n<td align=\"left\">\n<p>S\u00e9ances du mercredi 14 janvier au mardi 20 janvier<\/p>\n<\/td>\n<\/tr>\n<\/td>\n<\/tr>\n<\/td>\n<\/tr>\n<tr>\n<td>\n<tr>\n<td>\n<tr>\n<td>\n<tr>\n<td align=\"left\">\n<tr>\n<td width=\"100px\"><img decoding=\"async\" src=\"https:\/\/www.europesays.com\/fr\/wp-content\/uploads\/2026\/01\/1767684029_718_r_640_2048.jpeg\"\/><\/td>\n<td valign=\"top\">\n<p>Avatar : de Feu et de Cendres<\/p>\n<p>(Tous publics avec avertissement)<\/p>\n<\/td>\n<\/tr>\n<tr>\n<td\/>\n<\/tr>\n<tr>\n<td colspan=\"2\">\n<\/td>\n<\/tr>\n<\/td>\n<\/tr>\n<\/td>\n<\/tr>\n<tr>\n<td>\n<tr>\n<td align=\"left\">\n<tr>\n<td width=\"100px\"><img decoding=\"async\" src=\"https:\/\/www.europesays.com\/fr\/wp-content\/uploads\/2026\/01\/r_640_2048.jpeg\"\/><\/td>\n<td valign=\"top\">\n<p>Father Mother Sister Brother<\/p>\n<\/td>\n<\/tr>\n<tr>\n<td\/>\n<\/tr>\n<tr>\n<td colspan=\"2\">\n<\/td>\n<\/tr>\n<\/td>\n<\/tr>\n<\/td>\n<\/tr>\n<\/td>\n<\/tr>\n<tr>\n<td>\n<tr>\n<td>\n<tr>\n<td align=\"left\">\n<tr>\n<td width=\"100px\"><img decoding=\"async\" src=\"https:\/\/www.europesays.com\/fr\/wp-content\/uploads\/2026\/01\/1768378221_258_r_640_2048.jpeg\"\/><\/td>\n<td valign=\"top\">\n<p>Furcy, n\u00e9 libre<\/p>\n<p>(Tous publics avec avertissement)<\/p>\n<\/td>\n<\/tr>\n<tr>\n<td\/>\n<\/tr>\n<tr>\n<td colspan=\"2\">\n<\/td>\n<\/tr>\n<\/td>\n<\/tr>\n<\/td>\n<\/tr>\n<tr>\n<td>\n<tr>\n<td align=\"left\">\n<tr>\n<td width=\"100px\"><img decoding=\"async\" src=\"https:\/\/www.europesays.com\/fr\/wp-content\/uploads\/2026\/01\/1768378222_664_r_640_2048.jpeg\"\/><\/td>\n<td valign=\"top\">\n<p>Greenland Migration<\/p>\n<p>(Tous publics avec avertissement)<\/p>\n<\/td>\n<\/tr>\n<tr>\n<td\/>\n<\/tr>\n<tr>\n<td colspan=\"2\">\n<\/td>\n<\/tr>\n<\/td>\n<\/tr>\n<\/td>\n<\/tr>\n<\/td>\n<\/tr>\n<tr>\n<td>\n<tr>\n<td>\n<tr>\n<td align=\"left\">\n<tr>\n<td width=\"100px\"><img decoding=\"async\" src=\"https:\/\/www.europesays.com\/fr\/wp-content\/uploads\/2026\/01\/1768378223_755_r_640_2048.jpeg\"\/><\/td>\n<td valign=\"top\">\n<p>L\u2019Affaire Bojarski<\/p>\n<\/td>\n<\/tr>\n<tr>\n<td\/>\n<\/tr>\n<tr>\n<td colspan=\"2\">\n<\/td>\n<\/tr>\n<\/td>\n<\/tr>\n<\/td>\n<\/tr>\n<tr>\n<td>\n<tr>\n<td align=\"left\">\n<tr>\n<td width=\"100px\"><img decoding=\"async\" src=\"https:\/\/www.europesays.com\/fr\/wp-content\/uploads\/2026\/01\/1767684033_491_r_640_2048.jpeg\"\/><\/td>\n<td valign=\"top\">\n<p>La Femme de m\u00e9nage<\/p>\n<p>(Interdit -12 ans)<\/p>\n<\/td>\n<\/tr>\n<tr>\n<td\/>\n<\/tr>\n<tr>\n<td colspan=\"2\">\n<\/td>\n<\/tr>\n<\/td>\n<\/tr>\n<\/td>\n<\/tr>\n<\/td>\n<\/tr>\n<tr>\n<td>\n<tr>\n<td>\n<tr>\n<td align=\"left\">\n<tr>\n<td width=\"100px\"><img decoding=\"async\" src=\"https:\/\/www.europesays.com\/fr\/wp-content\/uploads\/2026\/01\/1768378225_952_r_640_2048.jpeg\"\/><\/td>\n<td valign=\"top\">\n<p>Sur un air de blues<\/p>\n<\/td>\n<\/tr>\n<tr>\n<td\/>\n<\/tr>\n<tr>\n<td colspan=\"2\">\n<\/td>\n<\/tr>\n<\/td>\n<\/tr>\n<\/td>\n<\/tr>\n<tr>\n<td>\n<tr>\n<td align=\"left\">\n<tr>\n<td width=\"100px\"><img decoding=\"async\" src=\"https:\/\/www.europesays.com\/fr\/wp-content\/uploads\/2026\/01\/1767684025_768_r_640_2048.jpeg\"\/><\/td>\n<td valign=\"top\">\n<p>Tout va bien<\/p>\n<\/td>\n<\/tr>\n<tr>\n<td\/>\n<\/tr>\n<tr>\n<td colspan=\"2\">\n<\/td>\n<\/tr>\n<\/td>\n<\/tr>\n<\/td>\n<\/tr>\n<\/td>\n<\/tr>\n<tr>\n<td>\n<tr>\n<td>\n<tr>\n<td align=\"left\">\n<tr>\n<td width=\"100px\"><img decoding=\"async\" src=\"https:\/\/www.europesays.com\/fr\/wp-content\/uploads\/2026\/01\/1767684034_529_r_640_2048.jpeg\"\/><\/td>\n<td valign=\"top\">\n<p>Le Chant des for\u00eats<\/p>\n<\/td>\n<\/tr>\n<tr>\n<td\/>\n<\/tr>\n<tr>\n<td colspan=\"2\">\n<\/td>\n<\/tr>\n<\/td>\n<\/tr>\n<\/td>\n<\/tr>\n<tr>\n<td>\n<tr>\n<td align=\"left\">\n<tr>\n<td width=\"100px\"><img decoding=\"async\" src=\"https:\/\/www.europesays.com\/fr\/wp-content\/uploads\/2026\/01\/1767684034_657_r_640_2048.jpeg\"\/><\/td>\n<td valign=\"top\">\n<p>Rebuilding<\/p>\n<\/td>\n<\/tr>\n<tr>\n<td\/>\n<\/tr>\n<tr>\n<td colspan=\"2\">\n<\/td>\n<\/tr>\n<\/td>\n<\/tr>\n<\/td>\n<\/tr>\n<\/td>\n<\/tr>\n<tr>\n<td>\n<tr>\n<td>\n<tr>\n<td align=\"left\">\n<tr>\n<td width=\"100px\"><img decoding=\"async\" src=\"https:\/\/www.europesays.com\/fr\/wp-content\/uploads\/2026\/01\/1767684032_36_r_640_2048.jpeg\"\/><\/td>\n<td valign=\"top\">\n<p>L\u2019Agent secret<\/p>\n<p>(Tous publics avec avertissement)<\/p>\n<\/td>\n<\/tr>\n<tr>\n<td\/>\n<\/tr>\n<tr>\n<td colspan=\"2\">\n<\/td>\n<\/tr>\n<\/td>\n<\/tr>\n<\/td>\n<\/tr>\n<tr>\n<td>\n<tr>\n<td align=\"left\">\n<tr>\n<td width=\"100px\"><img decoding=\"async\" src=\"https:\/\/www.europesays.com\/fr\/wp-content\/uploads\/2026\/01\/1767684036_666_r_640_2048.jpeg\"\/><\/td>\n<td valign=\"top\">\n<p>Bob l\u2019\u00e9ponge \u2013 Le film : un pour tous, tous pirates !<\/p>\n<\/td>\n<\/tr>\n<tr>\n<td\/>\n<\/tr>\n<tr>\n<td colspan=\"2\">\n<\/td>\n<\/tr>\n<\/td>\n<\/tr>\n<\/td>\n<\/tr>\n<\/td>\n<\/tr>\n<tr>\n<td>\n<tr>\n<td>\n<tr>\n<td align=\"left\">\n<tr>\n<td width=\"100px\"><img decoding=\"async\" src=\"https:\/\/www.europesays.com\/fr\/wp-content\/uploads\/2026\/01\/1767684026_972_r_640_2048.jpeg\"\/><\/td>\n<td valign=\"top\">\n<p>Heidi et le lynx des montagnes<\/p>\n<\/td>\n<\/tr>\n<tr>\n<td\/>\n<\/tr>\n<tr>\n<td colspan=\"2\">\n<\/td>\n<\/tr>\n<\/td>\n<\/tr>\n<\/td>\n<\/tr>\n<tr>\n<td>\n<tr>\n<td align=\"left\">\n<tr>\n<td width=\"100px\"><img decoding=\"async\" src=\"https:\/\/www.europesays.com\/fr\/wp-content\/uploads\/2026\/01\/1767684035_308_r_640_2048.jpeg\"\/><\/td>\n<td valign=\"top\">\n<p>Zootopie 2<\/p>\n<\/td>\n<\/tr>\n<tr>\n<td\/>\n<\/tr>\n<tr>\n<td colspan=\"2\">\n<\/td>\n<\/tr>\n<\/td>\n<\/tr>\n<\/td>\n<\/tr>\n<\/td>\n<\/tr>\n<tr>\n<td>\n<tr>\n<td>\n<tr>\n<td align=\"left\">\n<tr>\n<td width=\"100px\"><img decoding=\"async\" src=\"https:\/\/www.europesays.com\/fr\/wp-content\/uploads\/2026\/01\/1768378239_735_r_640_2048.jpeg\"\/><\/td>\n<td valign=\"top\">\n<p>Le Dernier des Mohicans<\/p>\n<\/td>\n<\/tr>\n<tr>\n<td\/>\n<\/tr>\n<tr>\n<td colspan=\"2\">\n<\/td>\n<\/tr>\n<\/td>\n<\/tr>\n<\/td>\n<\/tr>\n<tr>\n<td>\n<tr>\n<td align=\"left\">\n<tr>\n<td width=\"100px\"><img decoding=\"async\" src=\"https:\/\/www.europesays.com\/fr\/wp-content\/uploads\/2026\/01\/1768378240_466_r_640_2048.jpeg\"\/><\/td>\n<td valign=\"top\">\n<p>On vous croit<\/p>\n<p>(Tous publics avec avertissement)<\/p>\n<\/td>\n<\/tr>\n<tr>\n<td\/>\n<\/tr>\n<tr>\n<td colspan=\"2\">\n<\/td>\n<\/tr>\n<\/td>\n<\/tr>\n<\/td>\n<\/tr>\n<\/td>\n<\/tr>\n<tr>\n<td>\n<tr>\n<td>\n<tr>\n<td align=\"left\">\n<tr>\n<td width=\"100px\"><img decoding=\"async\" src=\"https:\/\/www.europesays.com\/fr\/wp-content\/uploads\/2026\/01\/1768378214_734_r_640_2048.jpeg\"\/><\/td>\n<td valign=\"top\">\n<p>La Traviata (The Royal Opera)<\/p>\n<\/td>\n<\/tr>\n<tr>\n<td\/>\n<\/tr>\n<tr>\n<td colspan=\"2\">\n<\/td>\n<\/tr>\n<\/td>\n<\/tr>\n<\/td>\n<\/tr>\n<tr>\n<td>\n<tr>\n<td align=\"left\">\n<tr>\n<td width=\"100px\"><img decoding=\"async\" src=\"https:\/\/www.europesays.com\/fr\/wp-content\/uploads\/2026\/01\/1768378241_394_r_640_2048.jpeg\"\/><\/td>\n<td valign=\"top\">\n<p>Les Aigles de la R\u00e9publique<\/p>\n<\/td>\n<\/tr>\n<tr>\n<td\/>\n<\/tr>\n<tr>\n<td colspan=\"2\">\n<\/td>\n<\/tr>\n<\/td>\n<\/tr>\n<\/td>\n<\/tr>\n<\/td>\n<\/tr>\n<tr>\n<td>\n<tr>\n<td>\n<tr>\n<td align=\"left\">\n<tr>\n<td width=\"100px\"><img decoding=\"async\" src=\"https:\/\/www.europesays.com\/fr\/wp-content\/uploads\/2026\/01\/1768378242_659_r_640_2048.jpeg\"\/><\/td>\n<td valign=\"top\">\n<p>Quadrille<\/p>\n<\/td>\n<\/tr>\n<tr>\n<td\/>\n<\/tr>\n<tr>\n<td colspan=\"2\">\n<\/td>\n<\/tr>\n<\/td>\n<\/tr>\n<\/td>\n<\/tr>\n<\/td>\n<\/tr>\n<\/td>\n<\/tr>\n<p>J\u2019aime \u00e7a\u00a0:<\/p>\n<p>J\u2019aime chargement\u2026<\/p>\n<p><a class=\"sd-link-color\"\/><\/p>\n<p>\n\tArticles similaires<\/p>\n","protected":false},"excerpt":{"rendered":"\u00a0 Cette semaine, le Capitole vous propose une programmation riche qui saura ravir tout le monde ! Au&hellip;\n","protected":false},"author":2,"featured_media":662481,"comment_status":"","ping_status":"","sticky":false,"template":"","format":"standard","meta":{"footnotes":""},"categories":[1354],"tags":[58,59,1346,1011,27,1360],"class_list":{"0":"post-662480","1":"post","2":"type-post","3":"status-publish","4":"format-standard","5":"has-post-thumbnail","7":"category-films","8":"tag-divertissement","9":"tag-entertainment","10":"tag-films","11":"tag-fr","12":"tag-france","13":"tag-movies"},"share_on_mastodon":{"url":"https:\/\/pubeurope.com\/@fr\/115892443154049593","error":""},"_links":{"self":[{"href":"https:\/\/www.europesays.com\/fr\/wp-json\/wp\/v2\/posts\/662480","targetHints":{"allow":["GET"]}}],"collection":[{"href":"https:\/\/www.europesays.com\/fr\/wp-json\/wp\/v2\/posts"}],"about":[{"href":"https:\/\/www.europesays.com\/fr\/wp-json\/wp\/v2\/types\/post"}],"author":[{"embeddable":true,"href":"https:\/\/www.europesays.com\/fr\/wp-json\/wp\/v2\/users\/2"}],"replies":[{"embeddable":true,"href":"https:\/\/www.europesays.com\/fr\/wp-json\/wp\/v2\/comments?post=662480"}],"version-history":[{"count":0,"href":"https:\/\/www.europesays.com\/fr\/wp-json\/wp\/v2\/posts\/662480\/revisions"}],"wp:featuredmedia":[{"embeddable":true,"href":"https:\/\/www.europesays.com\/fr\/wp-json\/wp\/v2\/media\/662481"}],"wp:attachment":[{"href":"https:\/\/www.europesays.com\/fr\/wp-json\/wp\/v2\/media?parent=662480"}],"wp:term":[{"taxonomy":"category","embeddable":true,"href":"https:\/\/www.europesays.com\/fr\/wp-json\/wp\/v2\/categories?post=662480"},{"taxonomy":"post_tag","embeddable":true,"href":"https:\/\/www.europesays.com\/fr\/wp-json\/wp\/v2\/tags?post=662480"}],"curies":[{"name":"wp","href":"https:\/\/api.w.org\/{rel}","templated":true}]}}