{"id":662501,"date":"2026-01-14T08:23:31","date_gmt":"2026-01-14T08:23:31","guid":{"rendered":"https:\/\/www.europesays.com\/fr\/662501\/"},"modified":"2026-01-14T08:23:31","modified_gmt":"2026-01-14T08:23:31","slug":"la-proposition-du-doyen-aux-etudiants-pour-lutter-contre-les-deserts-medicaux-2","status":"publish","type":"post","link":"https:\/\/www.europesays.com\/fr\/662501\/","title":{"rendered":"la proposition du doyen aux \u00e9tudiants pour lutter contre les d\u00e9serts m\u00e9dicaux"},"content":{"rendered":"<p>La formation des futurs m\u00e9decins est un enjeu majeur de la politique de sant\u00e9. Sans m\u00e9decin, point de soins. La Lorraine peut compter sur la facult\u00e9 de m\u00e9decine de Nancy pour s\u2019y employer. Un presque d\u00e9fi dans un contexte de tensions budg\u00e9taires qui n\u2019\u00e9pargne pas l\u2019enseignement sup\u00e9rieur, comme l\u2019a \u00e9voqu\u00e9 le <a href=\"https:\/\/www.estrepublicain.fr\/education\/2025\/02\/01\/pr-stephane-zuily-doyen-de-la-faculte-de-medecine-de-nancy-l-exemplarite-est-contagieuse-et-attractive\" target=\"_blank\" rel=\"noopener\">Pr  St\u00e9phane Zuily<\/a> ce lundi 12 janvier. Lors de la conf\u00e9rence de presse de rentr\u00e9e du CHRU de Nancy, le doyen de la Facult\u00e9 de M\u00e9decine, Ma\u00efeutique et m\u00e9tiers de la Sant\u00e9 de l\u2019universit\u00e9 de Lorraine a esquiss\u00e9 sa feuille de route pour 2026. Parmi ses projets figure l\u2019installation d\u00e8s cette ann\u00e9e d\u2019une F\u00e9d\u00e9ration hospitali\u00e8re visant \u00e0 ouvrir de nouveaux lieux de stage aux \u00e9tudiants et \u00e0 <a href=\"https:\/\/www.republicain-lorrain.fr\/economie\/2025\/11\/22\/penurie-de-medecins-l-inquietude-monte-dans-le-secteur-de-morhange\" target=\"_blank\" rel=\"noopener\">r\u00e9pondre partiellement \u00e0 la probl\u00e9matique de p\u00e9nurie de praticiens dans tous les d\u00e9partements lorrains<\/a>.<\/p>\n<p>\u00ab C\u2019est mon v\u0153u de cr\u00e9er une F\u00e9d\u00e9ration lorraine h\u00f4pitaux-universit\u00e9 pour faire en sorte que, sur l\u2019ensemble des h\u00f4pitaux du territoire lorrain, la Meuse, la Moselle, la Meurthe-et-Moselle et les Vosges, l\u2019on puisse travailler sur la formation des \u00e9tudiants \u00bb, a-t-il indiqu\u00e9. Selon le m\u00e9decin vasculaire, \u00ab s\u00e9nateurs, maires, directeurs g\u00e9n\u00e9raux d\u2019h\u00f4pitaux, le demandent. \u00bb En proximit\u00e9, tous r\u00e9clament \u00ab des internes pour travailler sur les d\u00e9serts m\u00e9dicaux. \u00bb La logique voudrait qu\u2019en implantant des \u00e9tudiants en m\u00e9decine dans des secteurs d\u00e9ficitaires, ils puissent \u00eatre incit\u00e9s \u00e0 s\u2019y installer durablement. C\u2019est aussi une autre mani\u00e8re de venir renforcer des \u00e9quipes m\u00e9dicales parfois an\u00e9mi\u00e9es et de pr\u00e9parer la rel\u00e8ve des m\u00e9decins lib\u00e9raux sur le d\u00e9part. Mais pour que cela fonctionne, il faut optimiser les conditions d\u2019accueil.<\/p>\n<p>  D\u00e9centralisation<\/p>\n<p>\u00ab Si l\u2019on ne pr\u00e9pare pas un terrain \u00e0 m\u00eame de former les \u00e9tudiants, de les attirer, de faire en sorte que ce terreau soit propice \u00e0 leur int\u00e9gration sur le territoire, on risque d\u2019avoir des \u00e9tudiants et des internes qui ne veulent plus revenir dans des \u00e9tablissements parce que leur stage s\u2019est mal pass\u00e9. Ils ne veulent alors plus s\u2019inscrire dans un territoire et cela peut desservir \u00e0 long terme \u00bb, a d\u00e9roul\u00e9 St\u00e9phane Zuily. Pour contrer ce risque, \u00ab notre travail est d\u2019aller vers les territoires. \u00bb L\u2019universit\u00e9 de Lorraine s\u2019est ainsi d\u00e9plac\u00e9e \u00e0 Sarreguemines. \u00ab Nous travaillons aussi avec le CHR de Metz pour cr\u00e9er des universitaires, a poursuivi le doyen. Nous avons eu des rencontres avec le centre hospitalier d\u2019\u00c9pinal et, demain, dans le cadre de cette \u00ab f\u00e9d\u00e9ration \u00bb, nous serons en mesure d\u2019avoir tous les \u00e9tablissements supports des groupements hospitaliers du territoire. \u00bb Cet \u00e9lan collectif permettra \u00ab d\u2019\u00eatre certains que les praticiens, les responsables de terrain de stage, puissent tous \u00eatre form\u00e9s avec les ambitions et les standards universitaires pour accueillir avec qualit\u00e9 des \u00e9tudiants sur l\u2019ensemble de la r\u00e9gion. \u00bb<\/p>\n<p>  Un cercle vertueux<\/p>\n<p>Objectif, donc, cr\u00e9er un \u00ab cercle vertueux \u00bb qui susciterait l\u2019envie chez les jeunes m\u00e9decins de sortir des m\u00e9tropoles. \u00ab Sans ce cercle vertueux, a insist\u00e9 St\u00e9phane Zuily, on risque d\u2018\u00eatre en difficult\u00e9 pour les fid\u00e9liser \u00e0 long terme dans les territoires. \u00bb Cette ann\u00e9e va \u00eatre mise \u00e0 profit pour d\u00e9ployer le dispositif, dont l\u2019autre int\u00e9r\u00eat est une meilleure ventilation des \u00e9tudiants dont le nombre ne cesse de cro\u00eetre depuis 1995. La facult\u00e9 de m\u00e9decine compte, actuellement, des promotions de 400 \u00e9tudiants. \u00ab Entre 1995 \u00e0 2025, on a augment\u00e9 de 400 % \u00e0 peu pr\u00e8s le nombre d\u2019\u00e9tudiants \u00bb, a indiqu\u00e9 St\u00e9phane Zuily : \u00ab Il va donc nous falloir \u00eatre en mesure de r\u00e9partir et de territorialiser l\u2019enseignement. C\u2019est de cette m\u00eame mani\u00e8re-l\u00e0, parall\u00e8lement \u00e0 l\u2019universitarisation du CHR Metz-Thionville, que nous parviendrons \u00e0 r\u00e9soudre des probl\u00e9matiques d\u2019acc\u00e8s aux soins. \u00bb<\/p>\n<p>La premi\u00e8re marche sera de former des m\u00e9decins \u00e0 l\u2019encadrement d\u2019\u00e9tudiants : \u00ab Il nous faudra former le personnel aux standards attendus pour faire en sorte que les terrains de stage soient attractifs et que les \u00e9tudiants puissent s\u2019y projeter. \u00bb Pour les recevoir, un \u00e9tablissement de sant\u00e9 ou un cabinet m\u00e9dical doit disposer d\u2019un agr\u00e9ment d\u00e9livr\u00e9 par la facult\u00e9 de m\u00e9decine. \u00ab L\u2019autorisation de l\u2019agr\u00e9ment est coordonn\u00e9e pour un coordonnateur de la sp\u00e9cialit\u00e9. C\u2019est un hospitalo-universitaire de la facult\u00e9 qui travaille au CHRU de Nancy. Parmi les professeurs, certains ont la mission de coordonner les \u00e9tudes des \u00e9tudiants. On n\u2019envoie pas un fantassin dans un \u00e9tablissement juste pour rem\u00e9dier \u00e0 un d\u00e9sert m\u00e9dical. Il faut qu\u2019il y ait un projet p\u00e9dagogique, des conditions d\u2019accueil, un enseignement d\u00e9fini\u2026 \u00bb, d\u00e9taille St\u00e9phane Zuily. Aux coordonnateurs de s\u2019assurer du respect du r\u00e9f\u00e9rentiel universitaire. St\u00e9phane Zuily souhaite un d\u00e9marrage des op\u00e9rations au premier trimestre de cette nouvelle ann\u00e9e.<\/p>\n","protected":false},"excerpt":{"rendered":"La formation des futurs m\u00e9decins est un enjeu majeur de la politique de sant\u00e9. Sans m\u00e9decin, point de&hellip;\n","protected":false},"author":2,"featured_media":661485,"comment_status":"","ping_status":"","sticky":false,"template":"","format":"standard","meta":{"footnotes":""},"categories":[9635],"tags":[1111,11,1057,4854,1777,674,1011,27,775,5362,224,1702,12,3456,25,71],"class_list":{"0":"post-662501","1":"post","2":"type-post","3":"status-publish","4":"format-standard","5":"has-post-thumbnail","7":"category-nancy","8":"tag-actu","9":"tag-actualites","10":"tag-education","11":"tag-enseignement-superieur","12":"tag-eu","13":"tag-europe","14":"tag-fr","15":"tag-france","16":"tag-grand-est","17":"tag-magazine-sante","18":"tag-medecine","19":"tag-nancy","20":"tag-news","21":"tag-region-lorraine","22":"tag-republique-francaise","23":"tag-sante"},"share_on_mastodon":{"url":"https:\/\/pubeurope.com\/@fr\/115892493279642944","error":""},"_links":{"self":[{"href":"https:\/\/www.europesays.com\/fr\/wp-json\/wp\/v2\/posts\/662501","targetHints":{"allow":["GET"]}}],"collection":[{"href":"https:\/\/www.europesays.com\/fr\/wp-json\/wp\/v2\/posts"}],"about":[{"href":"https:\/\/www.europesays.com\/fr\/wp-json\/wp\/v2\/types\/post"}],"author":[{"embeddable":true,"href":"https:\/\/www.europesays.com\/fr\/wp-json\/wp\/v2\/users\/2"}],"replies":[{"embeddable":true,"href":"https:\/\/www.europesays.com\/fr\/wp-json\/wp\/v2\/comments?post=662501"}],"version-history":[{"count":0,"href":"https:\/\/www.europesays.com\/fr\/wp-json\/wp\/v2\/posts\/662501\/revisions"}],"wp:featuredmedia":[{"embeddable":true,"href":"https:\/\/www.europesays.com\/fr\/wp-json\/wp\/v2\/media\/661485"}],"wp:attachment":[{"href":"https:\/\/www.europesays.com\/fr\/wp-json\/wp\/v2\/media?parent=662501"}],"wp:term":[{"taxonomy":"category","embeddable":true,"href":"https:\/\/www.europesays.com\/fr\/wp-json\/wp\/v2\/categories?post=662501"},{"taxonomy":"post_tag","embeddable":true,"href":"https:\/\/www.europesays.com\/fr\/wp-json\/wp\/v2\/tags?post=662501"}],"curies":[{"name":"wp","href":"https:\/\/api.w.org\/{rel}","templated":true}]}}