{"id":662506,"date":"2026-01-14T08:27:14","date_gmt":"2026-01-14T08:27:14","guid":{"rendered":"https:\/\/www.europesays.com\/fr\/662506\/"},"modified":"2026-01-14T08:27:14","modified_gmt":"2026-01-14T08:27:14","slug":"89-communes-de-lherault-seront-recensees-a-partir-de-ce-jeudi-detaille-nadine-jourdan-de-linsee-a-montpellier","status":"publish","type":"post","link":"https:\/\/www.europesays.com\/fr\/662506\/","title":{"rendered":"\u00ab\u00a089 communes de l&rsquo;H\u00e9rault seront recens\u00e9es \u00e0 partir de ce jeudi\u00a0\u00bb d\u00e9taille Nadine JOURDAN de l\u2019INSEE \u00e0 Montpellier"},"content":{"rendered":"<p> <img decoding=\"async\" src=\"https:\/\/www.europesays.com\/fr\/wp-content\/uploads\/2026\/01\/1768379234_467_1200x680.jpeg\" alt=\"illustration agrandir l'image\" style=\"--_image-preview:url('data:image\/jpeg;base64,\/9j\/2wBDACgcHiMeGSgjISMtKygwPGRBPDc3PHtYXUlkkYCZlo+AjIqgtObDoKrarYqMyP\/L2u71\/\/\/\/m8H\/\/\/\/6\/+b9\/\/j\/2wBDASstLTw1PHZBQXb4pYyl+Pj4+Pj4+Pj4+Pj4+Pj4+Pj4+Pj4+Pj4+Pj4+Pj4+Pj4+Pj4+Pj4+Pj4+Pj4+Pj4+Pj\/wAARCAAXACoDASIAAhEBAxEB\/8QAGAABAAMBAAAAAAAAAAAAAAAAAAIDBAH\/xAAYEAEAAwEAAAAAAAAAAAAAAAAAAQISE\/\/EABUBAQEAAAAAAAAAAAAAAAAAAAAB\/8QAFBEBAAAAAAAAAAAAAAAAAAAAAP\/aAAwDAQACEQMRAD8A3zKM2RmyE2QWaNqJu5sGjZtm2dBVlpVWsCormyM2ADTmgB\/\/2Q==');\" loading=\"eager\" fetchpriority=\"high\" class=\"svelte-1cksh76 rounded\" onload=\"this.__e=event\" onerror=\"this.__e=event\"\/> Cette fois, l&rsquo;Insee a analys\u00e9 les r\u00e9sultats du recensement de la population au bout de six ans au lieu de cinq \u00e0 cause du Covid. \u00a9 Radio France &#8211; H\u00e9l\u00e8ne Fromenty    <\/p>\n<p class=\"g-ici-body-regular-3 info svelte-1tw4hsy\">Diffus\u00e9 le mercredi 14 janvier 2026 \u00e0 7:47 <\/p>\n<p class=\"g-ici-body-regular-3 info svelte-1tw4hsy\">Publi\u00e9 le mercredi 14 janvier 2026 \u00e0 7:47 <\/p>\n<p class=\"g-ici-body-bold-1 standFirst svelte-1gkeky6\">L&rsquo;institut  national de la statistique et des \u00e9tudes \u00e9conomiques lance  ce jeudi une nouvelle campagne de recensement dans 1\/5 des communes de  l&rsquo;H\u00e9rault notamment \u00e0 Baillargues, P\u00e9zenas, Gigean ou Balaruc-les Bains.\n<\/p>\n<p>Pour la 1\u00e8re fois depuis 1944, <strong>il y a en France plus de d\u00e9c\u00e8s que de naissances.<\/strong> La croissance d\u00e9mographique repose d\u00e9sormais uniquement sur l\u2019immigration. Selon l&rsquo;Insee qui a publi\u00e9 les chiffres hier, notre pays compte <strong>69,1 millions d\u2019habitants.<\/strong> L&rsquo;institut qui lance des demain une nouvelle campagne de recensement dans l&rsquo;H\u00e9rault<\/p>\n<p>Nadine JOURDAN, la responsable du service statistique de l\u2019INSEE \u00e0 Montpellier est l&rsquo;invit\u00e9e d&rsquo;ICI matin.<\/p>\n<ul class=\"SocialNetworks svelte-oam7rq\">\n<li class=\"svelte-oam7rq\"><\/li>\n<li class=\"svelte-oam7rq\"><\/li>\n<li class=\"svelte-oam7rq\"><\/li>\n<li class=\"svelte-oam7rq\"><\/li>\n<li class=\"svelte-oam7rq\"><\/li>\n<\/ul>\n","protected":false},"excerpt":{"rendered":"Cette fois, l&rsquo;Insee a analys\u00e9 les r\u00e9sultats du recensement de la population au bout de six ans au&hellip;\n","protected":false},"author":2,"featured_media":662507,"comment_status":"","ping_status":"","sticky":false,"template":"","format":"standard","meta":{"footnotes":""},"categories":[9599],"tags":[1111,11,1777,674,1011,27,2208,12,2680,25],"class_list":{"0":"post-662506","1":"post","2":"type-post","3":"status-publish","4":"format-standard","5":"has-post-thumbnail","7":"category-montpellier","8":"tag-actu","9":"tag-actualites","10":"tag-eu","11":"tag-europe","12":"tag-fr","13":"tag-france","14":"tag-montpellier","15":"tag-news","16":"tag-occitanie","17":"tag-republique-francaise"},"share_on_mastodon":{"url":"https:\/\/pubeurope.com\/@fr\/115892508946493616","error":""},"_links":{"self":[{"href":"https:\/\/www.europesays.com\/fr\/wp-json\/wp\/v2\/posts\/662506","targetHints":{"allow":["GET"]}}],"collection":[{"href":"https:\/\/www.europesays.com\/fr\/wp-json\/wp\/v2\/posts"}],"about":[{"href":"https:\/\/www.europesays.com\/fr\/wp-json\/wp\/v2\/types\/post"}],"author":[{"embeddable":true,"href":"https:\/\/www.europesays.com\/fr\/wp-json\/wp\/v2\/users\/2"}],"replies":[{"embeddable":true,"href":"https:\/\/www.europesays.com\/fr\/wp-json\/wp\/v2\/comments?post=662506"}],"version-history":[{"count":0,"href":"https:\/\/www.europesays.com\/fr\/wp-json\/wp\/v2\/posts\/662506\/revisions"}],"wp:featuredmedia":[{"embeddable":true,"href":"https:\/\/www.europesays.com\/fr\/wp-json\/wp\/v2\/media\/662507"}],"wp:attachment":[{"href":"https:\/\/www.europesays.com\/fr\/wp-json\/wp\/v2\/media?parent=662506"}],"wp:term":[{"taxonomy":"category","embeddable":true,"href":"https:\/\/www.europesays.com\/fr\/wp-json\/wp\/v2\/categories?post=662506"},{"taxonomy":"post_tag","embeddable":true,"href":"https:\/\/www.europesays.com\/fr\/wp-json\/wp\/v2\/tags?post=662506"}],"curies":[{"name":"wp","href":"https:\/\/api.w.org\/{rel}","templated":true}]}}