{"id":66251,"date":"2025-05-01T06:26:07","date_gmt":"2025-05-01T06:26:07","guid":{"rendered":"https:\/\/www.europesays.com\/fr\/66251\/"},"modified":"2025-05-01T06:26:07","modified_gmt":"2025-05-01T06:26:07","slug":"voici-les-boutiques-qui-doivent-fermer-a-lyon-et-alentours","status":"publish","type":"post","link":"https:\/\/www.europesays.com\/fr\/66251\/","title":{"rendered":"voici les boutiques qui doivent fermer \u00e0 Lyon et alentours"},"content":{"rendered":"<p>            Par<br \/>\n        <strong><br \/>\n            <a href=\"https:\/\/actu.fr\/auteur\/nicolas-zaugra\" title=\"Consulter tous les articles de Nicolas Zaugra\" rel=\"nofollow noopener\" target=\"_blank\">Nicolas Zaugra<\/a><br \/>\n        <\/strong><\/p>\n<p>        Publi\u00e9 le<\/p>\n<p>            1 mai 2025 \u00e0 7h12        <\/p>\n<p>Encore une victime de la crise du secteur de l\u2019habillement dans lequel les annonces de fermetures d\u2019enseignes n\u2019en finissent pas. Les habitu\u00e9s de la marque <a href=\"https:\/\/actu.fr\/economie\/jennyfer-bientot-liquidee-voici-la-liste-des-quelque-200-magasins-qui-devraient-fermer-en-france_62580416.html\" rel=\"nofollow noopener\" target=\"_blank\">Jennyfer<\/a> vont devoir se passer d\u2019elle dans les jours \u00e0 venir. Le groupe fran\u00e7ais a annonc\u00e9 mercredi 30 avril 2025 son placement en <a href=\"https:\/\/actu.fr\/economie\/jennyfer-la-marque-de-pret-a-porter-demande-sa-mise-en-liquidation-judiciaire-pres-de-1-000-emplois-menaces_62579390.html\" rel=\"nofollow noopener\" target=\"_blank\">liquidation judiciaire<\/a>.\u00a0<\/p>\n<p class=\" wall-content\">Les 191 magasins fran\u00e7ais vont \u00eatre ray\u00e9s de la carte. Dans la m\u00e9tropole de <a href=\"https:\/\/actu.fr\/auvergne-rhone-alpes\/lyon_69123\" rel=\"nofollow noopener\" target=\"_blank\">Lyon<\/a>, le r\u00e9seau compte plusieurs boutiques qui vont dispara\u00eetre, sauf en cas de rachat de la marque et de relance par un concurrent, comme pour <a href=\"https:\/\/actu.fr\/auvergne-rhone-alpes\/lyon_69123\/lyon-des-magasins-inedits-ouvrent-au-centre-commercial-part-dieu-voici-les-enseignes_62513376.html\" rel=\"nofollow noopener\" target=\"_blank\">Cama\u00efeu, qui a pu rouvrir il y a quelques jours au centre commercial Part-Dieu<\/a> apr\u00e8s sa liquidation en 2023.<\/p>\n<p>Centre commercial Part-Dieu, Carr\u00e9 de Soie\u2026<\/p>\n<p class=\" wall-content\"><strong>Trois boutiques<\/strong> sont implant\u00e9es dans la m\u00e9tropole lyonnaise : l\u2019une au centre Westfield La Part-Dieu dans le 3e arrondissement, une autre dans le centre commercial Carr\u00e9 de Soie de Vaulx-en-Velin, et une derni\u00e8re au centre commercial Saint-Genis 2 \u00e0 Saint-Genis Laval.<\/p>\n<p class=\" wall-content\">\u00c0 proximit\u00e9 de Lyon, des boutiques sont aussi implant\u00e9es \u00e0 Chasse-sur-Rh\u00f4ne et Tignieu-Jameyzieu.\u00a0<\/p>\n<p>Fermetures de magasins d\u2019ici mi-mai 2025<\/p>\n<p class=\" wall-content\">La fermeture des magasins pourrait avoir lieu d\u2019ici la mi-mai, selon les syndicats. Au moment de sa mise en liquidation judiciaire, la direction de Jennyfer a demand\u00e9 un <strong>d\u00e9lai de quatre semaines<\/strong>. Le tribunal de commerce de Bobigny a prononc\u00e9 la liquidation judiciaire ce mercredi avec poursuite des activit\u00e9s jusqu\u2019au 28 mai. \u00c0 cette date seront examin\u00e9es les \u00e9ventuelles offres de repreneurs de l\u2019enseigne.<\/p>\n<p>Vid\u00e9os : en ce moment sur Actu<\/p>\n<p class=\" wall-content\">Au total, pr\u00e8s de 1 000 salari\u00e9s sont concern\u00e9s en France par les tr\u00e8s possibles fermetures de magasins.\u00a0<\/p>\n<p class=\" wall-content\">Suivez toute l\u2019actualit\u00e9 de vos villes et m\u00e9dias favoris en vous inscrivant \u00e0 <a href=\"https:\/\/moncompte.actu.fr\" title=\"D\u00e9couvez Mon Actu\" rel=\"nofollow noopener\" data-trk=\"{&quot;cta&quot;:{&quot;action&quot;:&quot;https:\\\/\\\/moncompte.actu.fr&quot;,&quot;category&quot;:&quot;mon compte&quot;,&quot;from&quot;:&quot;article footer&quot;,&quot;name&quot;:&quot;Mon actu&quot;,&quot;type&quot;:&quot;cta&quot;}}\" target=\"_blank\">Mon Actu<\/a>.<\/p>\n","protected":false},"excerpt":{"rendered":"Par Nicolas Zaugra Publi\u00e9 le 1 mai 2025 \u00e0 7h12 Encore une victime de la crise du secteur&hellip;\n","protected":false},"author":2,"featured_media":66252,"comment_status":"","ping_status":"","sticky":false,"template":"","format":"standard","meta":{"footnotes":""},"categories":[1889],"tags":[1111,11,2430,215,33,341,1777,674,1011,27,2428,12,25],"class_list":{"0":"post-66251","1":"post","2":"type-post","3":"status-publish","4":"format-standard","5":"has-post-thumbnail","7":"category-lyon","8":"tag-actu","9":"tag-actualites","10":"tag-auvergne-rhone-alpes","11":"tag-commerce","12":"tag-economie","13":"tag-emploi","14":"tag-eu","15":"tag-europe","16":"tag-fr","17":"tag-france","18":"tag-lyon","19":"tag-news","20":"tag-republique-francaise"},"share_on_mastodon":{"url":"https:\/\/pubeurope.com\/@fr\/114431156769551601","error":""},"_links":{"self":[{"href":"https:\/\/www.europesays.com\/fr\/wp-json\/wp\/v2\/posts\/66251","targetHints":{"allow":["GET"]}}],"collection":[{"href":"https:\/\/www.europesays.com\/fr\/wp-json\/wp\/v2\/posts"}],"about":[{"href":"https:\/\/www.europesays.com\/fr\/wp-json\/wp\/v2\/types\/post"}],"author":[{"embeddable":true,"href":"https:\/\/www.europesays.com\/fr\/wp-json\/wp\/v2\/users\/2"}],"replies":[{"embeddable":true,"href":"https:\/\/www.europesays.com\/fr\/wp-json\/wp\/v2\/comments?post=66251"}],"version-history":[{"count":0,"href":"https:\/\/www.europesays.com\/fr\/wp-json\/wp\/v2\/posts\/66251\/revisions"}],"wp:featuredmedia":[{"embeddable":true,"href":"https:\/\/www.europesays.com\/fr\/wp-json\/wp\/v2\/media\/66252"}],"wp:attachment":[{"href":"https:\/\/www.europesays.com\/fr\/wp-json\/wp\/v2\/media?parent=66251"}],"wp:term":[{"taxonomy":"category","embeddable":true,"href":"https:\/\/www.europesays.com\/fr\/wp-json\/wp\/v2\/categories?post=66251"},{"taxonomy":"post_tag","embeddable":true,"href":"https:\/\/www.europesays.com\/fr\/wp-json\/wp\/v2\/tags?post=66251"}],"curies":[{"name":"wp","href":"https:\/\/api.w.org\/{rel}","templated":true}]}}