{"id":662518,"date":"2026-01-14T08:36:25","date_gmt":"2026-01-14T08:36:25","guid":{"rendered":"https:\/\/www.europesays.com\/fr\/662518\/"},"modified":"2026-01-14T08:36:25","modified_gmt":"2026-01-14T08:36:25","slug":"5-idees-sympa-pour-ce-week-end-a-strasbourg-du-16-au-18-janvier","status":"publish","type":"post","link":"https:\/\/www.europesays.com\/fr\/662518\/","title":{"rendered":"5 id\u00e9es sympa pour ce week-end \u00e0 Strasbourg du 16 au 18 janvier"},"content":{"rendered":"<p class=\"intro\">Entre concerts intimistes aux chandelles, immersions artistiques grandioses et spectacles d&rsquo;humour qui font du bien au moral, ce week-end du 16 au 18 janvier promet d&rsquo;\u00eatre riche en \u00e9motions\u00a0! Strasbourg et ses alentours vous offrent un programme vari\u00e9 qui saura satisfaire tous les go\u00fbts\u00a0: que vous soyez amateur de musique classique, passionn\u00e9 d&rsquo;art ou simplement en qu\u00eate d&rsquo;une bonne dose de rire. Pr\u00e9parez-vous \u00e0 sortir de votre zone de confort et \u00e0 d\u00e9couvrir des exp\u00e9riences qui marqueront votre hiver alsacien\u00a0!<\/p>\n<p class=\"mise_en_avant\"><strong>Pr\u00e9visions m\u00e9t\u00e9o ce week-end\u00a0:<\/strong> Ambiance hivernale avec des temp\u00e9ratures oscillant entre 5 et 8\u00b0C sous un ciel nuageux, parfait pour se r\u00e9chauffer dans une salle de spectacle ou un lieu culturel\u00a0!<\/p>\n<p>1\/ Candlelight\u00a0: le meilleur de Ludovico Einaudi &#8211; Une soir\u00e9e magique<\/p>\n<p>Plongez dans l&rsquo;univers envo\u00fbtant du compositeur italien avec ce <a href=\"https:\/\/www.jds.fr\/strasbourg\/concerts\/candlelight-le-meilleur-de-ludovico-einaudi-1284421_A\" target=\"_blank\" rel=\"noopener\">concert Candlelight \u00e0 Strasbourg<\/a> qui transforme l&rsquo;\u00e9glise r\u00e9form\u00e9e Saint-Paul en \u00e9crin musical d&rsquo;exception. Au programme\u00a0: les plus belles m\u00e9lodies de Ludovico Einaudi interpr\u00e9t\u00e9es au piano par Haley Myles, dans une atmosph\u00e8re intimiste illumin\u00e9e par des centaines de bougies. Cette exp\u00e9rience sensorielle unique m\u00eale la beaut\u00e9 architecturale du lieu sacr\u00e9 \u00e0 la po\u00e9sie musicale du ma\u00eetre italien, pour une soir\u00e9e de 60 minutes qui promet de marquer les esprits. Un coup de c\u0153ur JDS qui a su s\u00e9duire par son originalit\u00e9 et sa capacit\u00e9 \u00e0 cr\u00e9er une communion entre art et spiritualit\u00e9.<\/p>\n<p><strong>Notre conseil\u00a0:<\/strong> Arrivez 30 minutes avant le d\u00e9but pour profiter pleinement de l&rsquo;ambiance et choisir votre placement. L&rsquo;acoustique de l&rsquo;\u00e9glise sublime particuli\u00e8rement les pi\u00e8ces douces comme\u00a0\u00ab\u00a0Nuvole Bianche\u00a0\u00bb.<\/p>\n<p>Eglise r\u00e9form\u00e9e Saint Paul | Strasbourg<br \/>Du 17\/01\/2026 au 04\/04\/2026<\/p>\n<p class=\"mise_en_avant\"><a href=\"https:\/\/www.jds.fr\/strasbourg\/concerts\/candlelight-le-meilleur-de-ludovico-einaudi-1284421_A\" target=\"_blank\" rel=\"noopener\">[Coup de \u2764\ufe0f JDS] Candlelight\u00a0: le meilleur de Ludovico Einaudi\u00a0: toutes les informations<\/a><\/p>\n<p><a class=\"btn btn-lg shadow-lg btn-primary rounded-pill fnac_link\" data-fnac=\"in_article\" href=\"https:\/\/pdt.tradedoubler.com\/click?a(3419081)p(354825)product(103801-408259)ttid(3)url(https%3A%2F%2Ffeverup.com%2Fm%2F408259)\" target=\"_blank\" rel=\"nofollow noopener\"> Acheter des billets<\/a><\/p>\n<p><a data-lightbox=\"article\" data-title=\" DR\" class=\"image detail fullwidth\" href=\"https:\/\/www.jds.fr\/medias\/image\/candlelight-le-meilleur-de-ludovico-einaudi-793694-1200-0-F.webp\" title=\" DR\" target=\"_blank\" rel=\"noopener\"><br \/>\n<img decoding=\"async\" loading=\"lazy\" src=\"https:\/\/www.europesays.com\/fr\/wp-content\/uploads\/2026\/01\/candlelight-le-meilleur-de-ludovico-einaudi-793694-1200-0.webp.webp\"   alt=\"Candlelight : le meilleur de Ludovico Einaudi\" class=\"shortcode_image border\"\/><br \/>\n\u00a9 DR<br \/>\n<\/a>\n<\/p>\n<p>2\/ Van Gogh: The Immersive Experience &#8211; Voyage au c\u0153ur du g\u00e9nie<\/p>\n<p>D\u00e9couvrez <a href=\"https:\/\/www.jds.fr\/strasbourg\/activite-experience\/experiences-interactives-immersives\/van-gogh-the-immersive-experience-1289708_A\" target=\"_blank\" rel=\"noopener\">Van Gogh: The Immersive Experience \u00e0 Strasbourg<\/a> et laissez-vous transporter dans l&rsquo;univers fascinant du ma\u00eetre n\u00e9erlandais. Cette exposition r\u00e9volutionnaire utilise la technologie 4K pour vous plonger litt\u00e9ralement dans les toiles iconiques de Van Gogh, avec des projections \u00e0 360 degr\u00e9s qui donnent vie aux\u00a0\u00ab\u00a0Tournesols\u00a0\u00bb, \u00e0\u00a0\u00ab\u00a0La Nuit \u00e9toil\u00e9e\u00a0\u00bb et bien d&rsquo;autres chefs-d&rsquo;\u0153uvre. Le Hall Tivoli se m\u00e9tamorphose en galerie futuriste o\u00f9 chaque visiteur devient acteur de sa propre d\u00e9couverte artistique. Cette proposition audacieuse r\u00e9invente compl\u00e8tement l&rsquo;exp\u00e9rience mus\u00e9ale traditionnelle.<\/p>\n<p><strong>Notre conseil\u00a0:<\/strong> Pr\u00e9voyez environ 90 minutes pour la visite compl\u00e8te et n&rsquo;h\u00e9sitez pas \u00e0 vous asseoir au centre de la salle principale pour profiter pleinement de l&rsquo;effet immersif des projections.<\/p>\n<p>Parc des Expositions | Strasbourg<br \/>Du 14\/01\/2026 au 01\/03\/2026<\/p>\n<p class=\"mise_en_avant\"><a href=\"https:\/\/www.jds.fr\/strasbourg\/activite-experience\/experiences-interactives-immersives\/van-gogh-the-immersive-experience-1289708_A\" target=\"_blank\" rel=\"noopener\">Van Gogh: The Immersive Experience\u00a0: toutes les informations<\/a><\/p>\n<p><a class=\"btn btn-lg shadow-lg btn-primary rounded-pill fnac_link\" data-fnac=\"in_article\" href=\"https:\/\/pdt.tradedoubler.com\/click?a(3419081)p(354825)product(103801-402752)ttid(3)url(https%3A%2F%2Ffeverup.com%2Fm%2F402752)\" target=\"_blank\" rel=\"nofollow noopener\"> Acheter des billets<\/a><\/p>\n<p><a data-lightbox=\"article\" data-title=\" DR\" class=\"image detail fullwidth\" href=\"https:\/\/www.jds.fr\/medias\/image\/van-gogh-the-immersive-experience-796607-1200-0-F.webp\" title=\" DR\" target=\"_blank\" rel=\"noopener\"><br \/>\n<img decoding=\"async\" loading=\"lazy\" src=\"https:\/\/www.europesays.com\/fr\/wp-content\/uploads\/2026\/01\/van-gogh-the-immersive-experience-796607-1200-0.webp.webp\"   alt=\"Van Gogh: The Immersive Experience\" class=\"shortcode_image border\"\/><br \/>\n\u00a9 DR<br \/>\n<\/a>\n<\/p>\n<p>3\/ Florian Lex &#8211; Imparfaits &#8211; Quand l&rsquo;humour fait mouche<\/p>\n<p>Retrouvez <a href=\"https:\/\/www.jds.fr\/strasbourg\/spectacles\/humour\/florian-lex-imparfaits-tournee-803722_A\" target=\"_blank\" rel=\"noopener\">Florian Lex en spectacle \u00e0 Strasbourg<\/a> pour une soir\u00e9e d&rsquo;humour d\u00e9complex\u00e9 au Palais de la Musique et des Congr\u00e8s. L&rsquo;humoriste star de\u00a0\u00ab\u00a0Sc\u00e8nes de M\u00e9nages\u00a0\u00bb d\u00e9barque avec son spectacle\u00a0\u00ab\u00a0Imparfaits\u00a0\u00bb, une heure de stand-up o\u00f9 il d\u00e9cortique avec justesse et autod\u00e9rision les petites n\u00e9vroses du quotidien fran\u00e7ais. Entre r\u00e2leries l\u00e9gitimes et amour immod\u00e9r\u00e9 pour la raclette, Florian Lex dresse un portrait hilarant de notre \u00e9poque avec cette sinc\u00e9rit\u00e9 qui fait son succ\u00e8s sur les r\u00e9seaux sociaux. Un rendez-vous parfait pour \u00e9vacuer le stress hivernal \u00e0 grands coups de rire.<\/p>\n<p><strong>Notre conseil\u00a0:<\/strong> Spectacle d\u00e9conseill\u00e9 aux moins de 12 ans pour cause d&rsquo;humour parfois cors\u00e9. Id\u00e9al pour une sortie en couple ou entre amis qui assument leurs propres\u00a0\u00ab\u00a0imparfaits\u00a0\u00bb\u00a0!<\/p>\n<p>Palais de la Musique et des Congr\u00e8s (PMC) | Strasbourg<br \/>Le 17\/01\/2026<\/p>\n<p class=\"mise_en_avant\"><a href=\"https:\/\/www.jds.fr\/strasbourg\/spectacles\/humour\/florian-lex-imparfaits-tournee-803722_A\" target=\"_blank\" rel=\"noopener\">Florian Lex &#8211; Imparfaits &#8211; Tourn\u00e9e\u00a0: toutes les informations<\/a><\/p>\n<p><a class=\"btn btn-lg shadow-lg btn-primary rounded-pill fnac_link\" data-fnac=\"in_article\" href=\"https:\/\/www.awin1.com\/pclick.php?p=40268279107&amp;a=634278&amp;m=12494&amp;clickref=in_article-A-desktop\" target=\"_blank\" rel=\"nofollow noopener\"> Acheter des billets<\/a><\/p>\n<p>4\/ Culture camerounaise \u00e0 l&rsquo;Alliance Fran\u00e7aise &#8211; \u00c9vasion garantie<\/p>\n<p>Embarquez pour <a href=\"https:\/\/www.jds.fr\/strasbourg\/manifestations\/festival\/strasbourg-celebre-la-culture-camerounaise-a-l-alliance-francaise-1313922_A\" target=\"_blank\" rel=\"noopener\">les Semaines camerounaises \u00e0 Strasbourg<\/a> et d\u00e9couvrez la richesse artistique du Cameroun \u00e0 travers une programmation \u00e9clectique. L&rsquo;Alliance Fran\u00e7aise du 12 rue des Pontonniers se transforme en v\u00e9ritable pont culturel entre la France et l&rsquo;Afrique centrale, proposant des rencontres autour des arts plastiques, de la litt\u00e9rature, de la musique et de l&rsquo;anthropologie. Cette initiative s&rsquo;inscrit parfaitement dans la saison\u00a0\u00ab\u00a0La part de l&rsquo;Autre\u00a0\u00bb et offre une belle opportunit\u00e9 de voyage culturel sans quitter l&rsquo;Alsace. Un \u00e9v\u00e9nement qui enrichit le paysage culturel strasbourgeois par sa dimension interculturelle authentique.<\/p>\n<p><strong>Notre conseil\u00a0:<\/strong> Profitez du vernissage inaugural pr\u00e9vu ce mardi pour d\u00e9couvrir l&rsquo;exposition de l&rsquo;artiste Justin Ebanda dans une ambiance conviviale et rencontrer les acteurs de cet \u00e9v\u00e9nement.<\/p>\n<p>Alliance Fran\u00e7aise Strasbourg Europe12 rue des Pontonniers | Strasbourg<br \/>Du 14\/01\/2026 au 06\/03\/2026<\/p>\n<p class=\"mise_en_avant\"><a href=\"https:\/\/www.jds.fr\/strasbourg\/manifestations\/festival\/strasbourg-celebre-la-culture-camerounaise-a-l-alliance-francaise-1313922_A\" target=\"_blank\" rel=\"noopener\">Strasbourg c\u00e9l\u00e8bre la culture camerounaise \u00e0 l&rsquo;Alliance Fran\u00e7aise\u00a0: toutes les informations<\/a><\/p>\n<p><a data-lightbox=\"article\" data-title=\" DR\" class=\"image detail fullwidth\" href=\"https:\/\/www.jds.fr\/medias\/image\/culture-camerounaise-a-strasbourg-rencontres-artis-816114-1200-0-F.webp\" title=\" DR\" target=\"_blank\" rel=\"noopener\"><br \/>\n<img decoding=\"async\" loading=\"lazy\" src=\"https:\/\/www.europesays.com\/fr\/wp-content\/uploads\/2026\/01\/culture-camerounaise-a-strasbourg-rencontres-artis-816114-1200-0.webp.webp\"   alt=\"Strasbourg c\u00e9l\u00e8bre la culture camerounaise \u00e0 l\u2019Alliance Fran\u00e7aise\" class=\"shortcode_image border\"\/><br \/>\n\u00a9 DR<br \/>\n<\/a>\n<\/p>\n<p>5\/ Meryem Benoua, Reflet &#8211; L&rsquo;humour au f\u00e9minin qui d\u00e9coiffe<\/p>\n<p>Direction Bischwiller pour d\u00e9couvrir <a href=\"https:\/\/www.jds.fr\/strasbourg\/spectacles\/humour\/meryem-benoua-reflet-tournee-1154583_A\" target=\"_blank\" rel=\"noopener\">Meryem Benoua en spectacle \u00e0 Bischwiller<\/a> au MAC Robert Lieb avec son spectacle\u00a0\u00ab\u00a0Reflet\u00a0\u00bb. Cette humoriste au style atypique promet une soir\u00e9e p\u00e9tillante o\u00f9 th\u00e9\u00e2tralit\u00e9 et spontan\u00e9it\u00e9 se m\u00e9langent avec brio. Derri\u00e8re son sourire malicieux se cache une artiste qui n&rsquo;a pas sa langue dans sa poche et qui bouscule les codes avec une \u00e9nergie communicative. Une excellente occasion de sortir des sentiers battus strasbourgeois pour d\u00e9couvrir une salle intimiste et un talent qui monte dans le paysage humoristique fran\u00e7ais. L&rsquo;authenticit\u00e9 de Meryem Benoua fait merveille dans ce type de lieu \u00e0 taille humaine.<\/p>\n<p><strong>Notre conseil\u00a0:<\/strong> Le relais culturel de Bischwiller offre une proximit\u00e9 unique avec l&rsquo;artiste. Parfait pour les amateurs d&rsquo;humour qui aiment l&rsquo;interaction et les ambiances chaleureuses de petites salles.<\/p>\n<p>MAC Robert Lieb &#8211; Relais culturel de Bischwiller | Bischwiller<br \/>Le 17\/01\/2026<\/p>\n<p class=\"mise_en_avant\"><a href=\"https:\/\/www.jds.fr\/strasbourg\/spectacles\/humour\/meryem-benoua-reflet-tournee-1154583_A\" target=\"_blank\" rel=\"noopener\">Meryem Benoua, Reflet &#8211; Tourn\u00e9e\u00a0: toutes les informations<\/a><\/p>\n<p><a class=\"btn btn-lg shadow-lg btn-primary rounded-pill fnac_link\" data-fnac=\"in_article\" href=\"https:\/\/www.awin1.com\/pclick.php?p=42332236310&amp;a=634278&amp;m=12494&amp;clickref=in_article-A-desktop\" target=\"_blank\" rel=\"nofollow noopener\"> Acheter des billets<\/a><\/p>\n<p>Date de publication : le 14\/01\/2026.<\/p>\n","protected":false},"excerpt":{"rendered":"Entre concerts intimistes aux chandelles, immersions artistiques grandioses et spectacles d&rsquo;humour qui font du bien au moral, ce&hellip;\n","protected":false},"author":2,"featured_media":662519,"comment_status":"","ping_status":"","sticky":false,"template":"","format":"standard","meta":{"footnotes":""},"categories":[2820],"tags":[1111,11,1777,674,1011,27,775,12,25,640],"class_list":{"0":"post-662518","1":"post","2":"type-post","3":"status-publish","4":"format-standard","5":"has-post-thumbnail","7":"category-strasbourg","8":"tag-actu","9":"tag-actualites","10":"tag-eu","11":"tag-europe","12":"tag-fr","13":"tag-france","14":"tag-grand-est","15":"tag-news","16":"tag-republique-francaise","17":"tag-strasbourg"},"share_on_mastodon":{"url":"https:\/\/pubeurope.com\/@fr\/115892544128849121","error":""},"_links":{"self":[{"href":"https:\/\/www.europesays.com\/fr\/wp-json\/wp\/v2\/posts\/662518","targetHints":{"allow":["GET"]}}],"collection":[{"href":"https:\/\/www.europesays.com\/fr\/wp-json\/wp\/v2\/posts"}],"about":[{"href":"https:\/\/www.europesays.com\/fr\/wp-json\/wp\/v2\/types\/post"}],"author":[{"embeddable":true,"href":"https:\/\/www.europesays.com\/fr\/wp-json\/wp\/v2\/users\/2"}],"replies":[{"embeddable":true,"href":"https:\/\/www.europesays.com\/fr\/wp-json\/wp\/v2\/comments?post=662518"}],"version-history":[{"count":0,"href":"https:\/\/www.europesays.com\/fr\/wp-json\/wp\/v2\/posts\/662518\/revisions"}],"wp:featuredmedia":[{"embeddable":true,"href":"https:\/\/www.europesays.com\/fr\/wp-json\/wp\/v2\/media\/662519"}],"wp:attachment":[{"href":"https:\/\/www.europesays.com\/fr\/wp-json\/wp\/v2\/media?parent=662518"}],"wp:term":[{"taxonomy":"category","embeddable":true,"href":"https:\/\/www.europesays.com\/fr\/wp-json\/wp\/v2\/categories?post=662518"},{"taxonomy":"post_tag","embeddable":true,"href":"https:\/\/www.europesays.com\/fr\/wp-json\/wp\/v2\/tags?post=662518"}],"curies":[{"name":"wp","href":"https:\/\/api.w.org\/{rel}","templated":true}]}}