{"id":662526,"date":"2026-01-14T08:41:14","date_gmt":"2026-01-14T08:41:14","guid":{"rendered":"https:\/\/www.europesays.com\/fr\/662526\/"},"modified":"2026-01-14T08:41:14","modified_gmt":"2026-01-14T08:41:14","slug":"la-bordelaise-juliette-cailloux-succede-a-rima-hassan-a-la-presidence-de-lobservatoire-des-camps-de-refugies","status":"publish","type":"post","link":"https:\/\/www.europesays.com\/fr\/662526\/","title":{"rendered":"La Bordelaise Juliette Cailloux succ\u00e8de \u00e0 Rima Hassan \u00e0 la pr\u00e9sidence de l\u2019Observatoire des Camps de R\u00e9fugi\u00e9s"},"content":{"rendered":"<p class=\"wp-block-post-excerpt__excerpt\">Fond\u00e9 en 2019, l\u2019Observatoire des Camps de R\u00e9fugi\u00e9s (O-CR) vient de changer de pr\u00e9sidence : Juliette Cailloux remplace la fondatrice, l\u2019eurod\u00e9put\u00e9e Rima Hassan. La jeune bordelaise \u00e2g\u00e9e de 28 ans incarne une g\u00e9n\u00e9ration d\u2019actrices du monde associatif qui articulent engagement de terrain et rigueur analytique. <\/p>\n<p><a href=\"https:\/\/rue89bordeaux.com\/category\/kiosque-abonne\/\" rel=\"tag noopener\" target=\"_blank\">\u00c9dition abonn\u00e9s<\/a>, <a href=\"https:\/\/rue89bordeaux.com\/category\/entretien\/\" rel=\"tag noopener\" target=\"_blank\">Entretien<\/a><\/p>\n<p>Walid Salem<\/p>\n<p>Publi\u00e9 le 14 janvier 2026\u00a0\u00a0\u00b7\u00a0\u00a0<\/p>\n<p>Imprim\u00e9 le 14 janvier 2026 \u00e0 09h41\u00a0\u00a0\u00b7\u00a0\u00a0<\/p>\n<p>\t\t\t\t\t7\u00a0minutes\n<\/p>\n<p>Form\u00e9e en animation sociale, dipl\u00f4m\u00e9e en gestion de projet puis en coop\u00e9ration internationale et d\u00e9veloppement \u00e0 l\u2019IEP de Bordeaux, Juliette Cailloux s\u2019est engag\u00e9e d\u00e8s 2018 aupr\u00e8s de personnes exil\u00e9es \u00e0 Bordeaux, avant de vivre et travailler dans un camp de r\u00e9fugi\u00e9s palestiniens en Cisjordanie.<\/p>\n<p>Cette exp\u00e9rience, prolong\u00e9e par des recherches men\u00e9es entre la Palestine et le Liban sur les conditions de vie et la transmission de la m\u00e9moire dans les camps, nourrit aujourd\u2019hui son engagement au sein de l\u2019Observatoire des Camps de R\u00e9fugi\u00e9s (O-CR) : association scientifique reconnue d\u2019int\u00e9r\u00eat g\u00e9n\u00e9ral qui enqu\u00eate, cartographie et visibilise les r\u00e9alit\u00e9s des camps de r\u00e9fugi\u00e9s.<\/p>\n<p>Alors que les politiques migratoires europ\u00e9ennes tendent \u00e0 invisibiliser toujours davantage les personnes exil\u00e9es, Juliette Cailloux d\u00e9fend une approche fond\u00e9e sur les donn\u00e9es, la transparence et la dignit\u00e9. Son engagement la conduit \u00e0 rejoindre l\u2019Observatoire des Camps de R\u00e9fugi\u00e9s en 2022, implant\u00e9 \u00e0 Paris, d\u2019abord dans des fonctions de plaidoyer, puis de gouvernance. Elle en devient pr\u00e9sidente, aux c\u00f4t\u00e9s de ses activit\u00e9s professionnelles dans le micro-cr\u00e9dit, en septembre 2025, succ\u00e9dant ainsi \u00e0 l\u2019eurod\u00e9put\u00e9e Rima Hassan. <\/p>\n<p><img loading=\"lazy\" decoding=\"async\" width=\"792\" height=\"594\" src=\"https:\/\/www.europesays.com\/fr\/wp-content\/uploads\/2026\/01\/burjalbarajneh-792x594.jpg\" alt=\"\" class=\"wp-image-175610\"  \/> Camp de Palestiniens \u00e0 Burj Al Barajneh au Liban, 2021 Photo\u00a0: DR<\/p>\n<p><strong>Rue89 Bordeaux : Qu\u2019est ce que l\u2019Observatoire des Camps de R\u00e9fugi\u00e9s ? Quels sont ses financements et de quels moyens humains dispose-t-il ?<\/strong><\/p>\n<p><strong>Juliette Cailloux : <\/strong>L\u2019Observatoire est une association scientifique, reconnue d\u2019int\u00e9r\u00eat g\u00e9n\u00e9ral, dont le c\u0153ur de m\u00e9tier est d\u2019enqu\u00eater, d\u2019informer et sensibiliser sur les r\u00e9alit\u00e9s des camps et des lieux d\u2019encampement \u00e0 travers le monde. Le si\u00e8ge est \u00e0 Paris, avec environ une trentaine de b\u00e9n\u00e9voles sur place, et nous coordonnons un r\u00e9seau de pr\u00e8s de 80 personnes, b\u00e9n\u00e9voles ou chercheurs, dans diff\u00e9rents pays. Depuis 2019, nous avons mobilis\u00e9 environ 600 b\u00e9n\u00e9voles, mais nous avons volontairement r\u00e9duit les effectifs pour concentrer l\u2019action sur un noyau stable et exp\u00e9riment\u00e9.<\/p>\n<p>Le financement repose principalement sur les adh\u00e9sions et les dons priv\u00e9s. Nous avons mis en place une veille des partenariats financiers publics et priv\u00e9s, r\u00e9pondons \u00e0 des subventions et sollicitons des fondations. Nous b\u00e9n\u00e9ficions aussi d\u2019un m\u00e9c\u00e9nat de comp\u00e9tences, notamment avec une soci\u00e9t\u00e9 qui d\u00e9veloppe notre plateforme de donn\u00e9es cartographiques.<\/p>\n<p>Lisez la suite pour 1\u20ac<\/p>\n<p>En profitant de notre offre d\u2019essai, r\u00e9siliable en ligne \u00e0 tout moment.<\/p>\n<p><strong>Pour acc\u00e9der \u00e0 cet article, il faut \u00eatre abonn\u00e9. Pourquoi\u00a0?<\/strong><\/p>\n<p>Les informations exclusives, les enqu\u00eates et certains reportages constituent l\u2019\u00e9dition abonn\u00e9s de Rue89 Bordeaux. En tant que m\u00e9dia ind\u00e9pendant, nos ressources proviennent de nos lectrices et lecteurs abonn\u00e9s, aucun milliardaire ni groupe bancaire ne nous finance.<\/p>\n<p>Nous demandons \u00e0 nos lecteurs une faible contribution pour disposer \u00e0 Bordeaux d\u2019un m\u00e9dia critique des pouvoirs, capable d\u2019enqu\u00eater et de traiter les enjeux locaux en profondeur et dans la dur\u00e9e.<\/p>\n<p>Chaque abonnement compte. Toutes nos recettes sont investies dans un journalisme local ind\u00e9pendant, dont la force et la r\u00e9activit\u00e9 d\u00e9pend directement du nombre d\u2019abonn\u00e9s actifs.<\/p>\n<p class=\"has-text-align-right\"><strong><a href=\"https:\/\/rue89bordeaux.com\/?p=128375\" data-type=\"page\" data-id=\"0\" target=\"_blank\" rel=\"noopener\">Je m\u2019abonne\u00a0 <\/a><\/strong><\/p>\n<p>\t\t\t<a href=\"https:\/\/rue89bordeaux.com\/\" class=\"custom-logo-link\" rel=\"home noopener\" target=\"_blank\"><img loading=\"lazy\" decoding=\"async\" width=\"290\" height=\"49\" src=\"https:\/\/www.europesays.com\/fr\/wp-content\/uploads\/2025\/04\/logo.png\" class=\"custom-logo\" alt=\"Rue89Bordeaux Enqu\u00eates et informations de proximit\u00e9\"  \/><\/a><\/p>\n<p>\n\t\t\t\tAbonnez-vous maintenant pour suivre l\u2019actualit\u00e9 locale.\t\t\t<\/p>\n<p class=\"font-bold font-serif-heading mb-2 text-4xl\">\n\t\t\t\t\t\tL\u2019investigation locale \u00e0 port\u00e9e de main.\n\t\t\t\t\t<\/p>\n<p>\n\t\t\t\t\t\tAbonnez-vous et profitez d\u2019un acc\u00e8s illimit\u00e9 \u00e0 Rue89Bordeaux. Annulez quand vous voulez.\n\t\t\t\t\t<\/p>\n<p class=\"xl:text-sm\">\n\t\t\t\t\tD\u00e9j\u00e0 abonn\u00e9\u00a0?<br \/>\n\t\t\t\t\t<a class=\"border border-transparent text-center transition-colors duration-instant focus:border-info focus:rounded focus:shadow-focus cursor-pointer text-black hover:text-gray-700 active:bg-black-700 font-semibold inline-block\" href=\"https:\/\/rue89bordeaux.com\/user\/login\/?redirect=\/2026\/01\/la-bordelaise-juliette-cailloux-succede-a-rima-hassan-a-la-presidence-de-lobservatoire-des-camps-de-refugies\/\" target=\"_blank\" rel=\"noopener\">Connectez-vous<\/a>\t\t\t\t<\/p>\n<p>\n\t\t\t\tChoisissez votre formule\u00a0:\n\t\t\t<\/p>\n<p>\t\t\t\tFermer<\/p>\n","protected":false},"excerpt":{"rendered":"Fond\u00e9 en 2019, l\u2019Observatoire des Camps de R\u00e9fugi\u00e9s (O-CR) vient de changer de pr\u00e9sidence : Juliette Cailloux remplace&hellip;\n","protected":false},"author":2,"featured_media":662527,"comment_status":"","ping_status":"","sticky":false,"template":"","format":"standard","meta":{"footnotes":""},"categories":[2817],"tags":[1111,11,1997,1777,674,1011,27,12,2219,2495,25],"class_list":{"0":"post-662526","1":"post","2":"type-post","3":"status-publish","4":"format-standard","5":"has-post-thumbnail","7":"category-bordeaux","8":"tag-actu","9":"tag-actualites","10":"tag-bordeaux","11":"tag-eu","12":"tag-europe","13":"tag-fr","14":"tag-france","15":"tag-news","16":"tag-nouvelle-aquitaine","17":"tag-refugies","18":"tag-republique-francaise"},"share_on_mastodon":{"url":"https:\/\/pubeurope.com\/@fr\/115892564104811923","error":""},"_links":{"self":[{"href":"https:\/\/www.europesays.com\/fr\/wp-json\/wp\/v2\/posts\/662526","targetHints":{"allow":["GET"]}}],"collection":[{"href":"https:\/\/www.europesays.com\/fr\/wp-json\/wp\/v2\/posts"}],"about":[{"href":"https:\/\/www.europesays.com\/fr\/wp-json\/wp\/v2\/types\/post"}],"author":[{"embeddable":true,"href":"https:\/\/www.europesays.com\/fr\/wp-json\/wp\/v2\/users\/2"}],"replies":[{"embeddable":true,"href":"https:\/\/www.europesays.com\/fr\/wp-json\/wp\/v2\/comments?post=662526"}],"version-history":[{"count":0,"href":"https:\/\/www.europesays.com\/fr\/wp-json\/wp\/v2\/posts\/662526\/revisions"}],"wp:featuredmedia":[{"embeddable":true,"href":"https:\/\/www.europesays.com\/fr\/wp-json\/wp\/v2\/media\/662527"}],"wp:attachment":[{"href":"https:\/\/www.europesays.com\/fr\/wp-json\/wp\/v2\/media?parent=662526"}],"wp:term":[{"taxonomy":"category","embeddable":true,"href":"https:\/\/www.europesays.com\/fr\/wp-json\/wp\/v2\/categories?post=662526"},{"taxonomy":"post_tag","embeddable":true,"href":"https:\/\/www.europesays.com\/fr\/wp-json\/wp\/v2\/tags?post=662526"}],"curies":[{"name":"wp","href":"https:\/\/api.w.org\/{rel}","templated":true}]}}