{"id":662528,"date":"2026-01-14T08:42:11","date_gmt":"2026-01-14T08:42:11","guid":{"rendered":"https:\/\/www.europesays.com\/fr\/662528\/"},"modified":"2026-01-14T08:42:11","modified_gmt":"2026-01-14T08:42:11","slug":"jumping-international-de-bordeaux-du-5-au-8-fevrier-2026","status":"publish","type":"post","link":"https:\/\/www.europesays.com\/fr\/662528\/","title":{"rendered":"Jumping international de Bordeaux du 5 au 8 f\u00e9vrier 2026"},"content":{"rendered":"<p>Saut d\u2019obstacles, \u00e9l\u00e9gance et \u00e9motions\u00a0! Le Jumping international de Bordeaux se d\u00e9roule au Parc des expositions de Bordeaux-Lac du jeudi 5 au dimanche 8 f\u00e9vrier 2026.<\/p>\n<p>Pendant quatre jours,\u00a0<a target=\"_blank\" rel=\"nofollow noopener noreferrer\" class=\"IciLink ici-link IciArticleLink g-ici-body-regular-1 underline brand svelte-1chfe2s\" href=\"https:\/\/www.jumping-bordeaux.com\/\">le Jumping international<\/a>\u00a0regroupe le meilleur des trois disciplines\u00a0: le saut d\u2019obstacles, le concours complet via le cross indoor et l\u2019attelage, avec les meilleurs cavaliers du circuit international r\u00e9unis \u00e0 Bordeaux.<\/p>\n<p>La soir\u00e9e d&rsquo;ouverture<\/p>\n<p>Au programme,\u00a0<a target=\"_blank\" rel=\"nofollow noopener noreferrer\" class=\"IciLink ici-link IciArticleLink g-ici-body-regular-1 underline brand svelte-1chfe2s\" href=\"https:\/\/www.jumping-bordeaux.com\/programmation\/spectacle\">\u201cR\u00eave(s)\u201d<\/a>\u00a0<strong>un grand spectacle d\u2019ouverture, jeudi 5 f\u00e9vrier \u00e0 20h00<\/strong>, qui va r\u00e9unir sur la piste 19 cavaliers, des acrobates, des danseurs et les musiciens de <a target=\"_blank\" rel=\"nofollow noopener noreferrer\" class=\"IciLink ici-link IciArticleLink g-ici-body-regular-1 underline brand svelte-1chfe2s\" href=\"https:\/\/www.opera-bordeaux.com\/\">l\u2019Op\u00e9ra National de Bordeaux<\/a>\u00a0et du Bordeaux Brass Sextet, sous la direction artistique de S\u00e9bastien Capelli. A noter, la participation d\u2019Aliz\u00e9e Froment, reconnue pour ses performances en comp\u00e9tition et sa philosophie de l&rsquo;\u00e9quitation, bas\u00e9e sur la confiance et la communication avec ses chevaux.<\/p>\n<p>En seconde partie de cette grande soir\u00e9e de gala, place \u00e0 une battle de dressage chor\u00e9graphi\u00e9e par <a target=\"_blank\" rel=\"nofollow noopener noreferrer\" class=\"IciLink ici-link IciArticleLink g-ici-body-regular-1 underline brand svelte-1chfe2s\" href=\"https:\/\/www.facebook.com\/ChrisMarquesOfficiel\/?locale=fr_FR\">Chris Marquez<\/a>, le jur\u00e9 embl\u00e9matique de l&rsquo;\u00e9mission culte <strong>\u00ab\u00a0Danse avec les stars\u00a0\u00bb<\/strong> diffus\u00e9e sur TF1.\u00a0Une exp\u00e9rience unique, sensorielle et immersive, \u00e0 vivre en famille.<\/p>\n<p>Salon du cheval et comp\u00e9titions<\/p>\n<p><a target=\"_blank\" rel=\"nofollow noopener noreferrer\" class=\"IciLink ici-link IciArticleLink g-ici-body-regular-1 underline brand svelte-1chfe2s\" href=\"https:\/\/www.jumping-bordeaux.com\/programmation-2026\">Quatre jours de comp\u00e9tition<\/a>, <strong>avec les meilleurs sp\u00e9cialistes du saut d\u2019obstacles<\/strong> et, comme chaque ann\u00e9e, <strong>un salon du cheval<\/strong> regroupant\u00a0<a target=\"_blank\" rel=\"nofollow noopener noreferrer\" class=\"IciLink ici-link IciArticleLink g-ici-body-regular-1 underline brand svelte-1chfe2s\" href=\"https:\/\/www.jumping-bordeaux.com\/exposants\">des dizaines d\u2019exposants<\/a>\u00a0: vans, produits v\u00e9t\u00e9rinaire, mode, sellerie, accessoires, associations et club hippiques pour d\u00e9couvrir les derni\u00e8res tendances et \u00e9quipements du monde du cheval. Pour les plus petits, bapt\u00eames \u00e0 poney et d\u00e9monstrations de horse-ball sur la piste Baloubet. Restauration sur place.<\/p>\n<p>Nouveaut\u00e9 2026<\/p>\n<p>Cr\u00e9\u00e9 en 1978, le Jumping est bien plus qu\u2019une comp\u00e9tition : \u00ab\u00a0C\u2019est un moment fort du sport \u00e9questre en France et en Europe, avec un ancrage r\u00e9gional tr\u00e8s fort\u00a0\u00bb, souligne Sabine Zaegel. La directrice de l\u2019\u00e9v\u00e8nement.<\/p>\n<p><strong>Cette ann\u00e9e, pour la premi\u00e8re fois, le Jumping accueille une<\/strong>\u00a0<a target=\"_blank\" rel=\"nofollow noopener noreferrer\" class=\"IciLink ici-link IciArticleLink g-ici-body-regular-1 underline brand svelte-1chfe2s\" href=\"https:\/\/www.jumping-bordeaux.com\/programmation\/competitions\/concours-de-dressage-international\">comp\u00e9tition internationale de dressage de niveau CDI4<\/a><strong>*<\/strong>. Une premi\u00e8re pour Bordeaux, qui r\u00e9unit ainsi les quatre disciplines internationales (Jumping, dressage, attelage \u00e0 4 chevaux, et derby) sur 4 jours avec les meilleurs cavaliers mondiaux.<\/p>\n<p><strong>Horaires\u00a0:<\/strong><\/p>\n<p>Jeudi 5 f\u00e9vrier\u00a0: 9h30-23h45<br \/>Vendredi 6 f\u00e9vrier\u00a0: 9h30 \u2013 00h30<br \/>Samedi 7 f\u00e9vrier\u00a0: 9h30 \u2013 00h30<br \/>Dimanche 8 f\u00e9vrier\u00a0: 9h \u2013 18h30<\/p>\n<p>R\u00e9f\u00e9rez-vous aux horaires des sessions r\u00e9serv\u00e9es, indiqu\u00e9s sur la page \u00ab\u00a0Programmation sportive\u00a0\u00bb ou sur votre e-billet. L\u2019acc\u00e8s aux tribunes aura lieu 30 minutes avant le d\u00e9but de la session.<\/p>\n<p><strong>Acc\u00e8s\u00a0:<\/strong> Tram, ligne \u00ab\u00a0C\u00a0\u00bb direction \u00ab\u00a0Parc des Expositions\/Stade Matmut Atlantique\u00a0\u00bb , en bus, lignes 32, 37 et 75.<\/p>\n<p> (function(w, d) {     if (w.FB &#038;&#038; w.FB.XFBML &#038;&#038; w.FB.XFBML.parse) {         if (&lsquo;undefined&rsquo; == typeof w.__fbTimeout) {             w.__fbTimeout = setTimeout(function() {                 w.FB.XFBML.parse();                 w.__fbTimeout = undefined;             }, 1000);         }     } else if (&lsquo;undefined&rsquo; == typeof w.__fbTimeout) {         if (d.querySelectorAll(&lsquo;#fb-root&rsquo;).length === 0) {             var fbRoot = d.createElement(&lsquo;div&rsquo;);             fbRoot.id = &lsquo;fb-root&rsquo;;             d.querySelector(&lsquo;body&rsquo;).append(fbRoot);         }         if (d.querySelectorAll(&lsquo;#facebook-jssdk&rsquo;).length === 0) {             var fbScript = d.createElement(&lsquo;script&rsquo;);             fbScript.id = &lsquo;facebook-jssdk&rsquo;;             fbScript.src=\u00a0\u00bb\/\/connect.facebook.net\/fr_FR\/sdk.js#xfbml=1&#038;version=v2.8&#038;appId=593991304071705&Prime;;             fbScript.async = 1;             d.querySelector(&lsquo;head&rsquo;).append(fbScript);         }     } })(window, window.document); \\u003C\/script>\\\u00a0\u00bb,\\\u00a0\u00bbprovider\\\u00a0\u00bb:\\\u00a0\u00bbfacebook\\\u00a0\u00bb,\\\u00a0\u00bbdidomiPurposes\\\u00a0\u00bb:\\\u00a0\u00bbPour afficher ce contenu Facebook, vous devez accepter les cookies \\u003Cb>R\u00e9seaux Sociaux\\u003C\/b>.\\u003Cbr>\\u003Cbr>Ces cookies permettent de partager ou r\u00e9agir directement sur les r\u00e9seaux sociaux auxquels vous \u00eates connect\u00e9s ou d&rsquo;int\u00e9grer du contenu initialement post\u00e9 sur ces r\u00e9seaux sociaux. Ils permettent aussi aux r\u00e9seaux sociaux d&rsquo;utiliser vos visites sur nos sites et applications \u00e0 des fins de personnalisation et de ciblage publicitaire.\\\u00a0\u00bb,\\\u00a0\u00bbdidomiVendorId\\\u00a0\u00bb:\\\u00a0\u00bbc:facebookc-rgacRMQm\\\u00a0\u00bb}},{\\\u00a0\u00bbtype\\\u00a0\u00bb:\\\u00a0\u00bbtext\\\u00a0\u00bb,\\\u00a0\u00bbchildren\\\u00a0\u00bb:[{\\\u00a0\u00bbtype\\\u00a0\u00bb:\\\u00a0\u00bbtext\\\u00a0\u00bb,\\\u00a0\u00bbvalue\\\u00a0\u00bb:\\\u00a0\u00bb\\u003Cstrong>Horaires\u00a0:\\u003C\/strong>\\\u00a0\u00bb}]},{\\\u00a0\u00bbtype\\\u00a0\u00bb:\\\u00a0\u00bbtext\\\u00a0\u00bb,\\\u00a0\u00bbchildren\\\u00a0\u00bb:[{\\\u00a0\u00bbtype\\\u00a0\u00bb:\\\u00a0\u00bbtext\\\u00a0\u00bb,\\\u00a0\u00bbvalue\\\u00a0\u00bb:\\\u00a0\u00bbJeudi 5 f\u00e9vrier\u00a0: 9h30-23h45\\u003Cbr \/>Vendredi 6 f\u00e9vrier\u00a0: 9h30 \u2013 00h30\\u003Cbr \/>Samedi 7 f\u00e9vrier\u00a0: 9h30 \u2013 00h30\\u003Cbr \/>Dimanche 8 f\u00e9vrier\u00a0: 9h \u2013 18h30\\\u00a0\u00bb}]},{\\\u00a0\u00bbtype\\\u00a0\u00bb:\\\u00a0\u00bbtext\\\u00a0\u00bb,\\\u00a0\u00bbchildren\\\u00a0\u00bb:[{\\\u00a0\u00bbtype\\\u00a0\u00bb:\\\u00a0\u00bbtext\\\u00a0\u00bb,\\\u00a0\u00bbvalue\\\u00a0\u00bb:\\\u00a0\u00bbR\u00e9f\u00e9rez-vous aux horaires des sessions r\u00e9serv\u00e9es, indiqu\u00e9s sur la page \\\\\\\u00a0\u00bbProgrammation sportive\\\\\\\u00a0\u00bb ou sur votre e-billet. L\u2019acc\u00e8s aux tribunes aura lieu 30 minutes avant le d\u00e9but de la session.\\\u00a0\u00bb}]},{\\\u00a0\u00bbtype\\\u00a0\u00bb:\\\u00a0\u00bbtext\\\u00a0\u00bb,\\\u00a0\u00bbchildren\\\u00a0\u00bb:[{\\\u00a0\u00bbtype\\\u00a0\u00bb:\\\u00a0\u00bbtext\\\u00a0\u00bb,\\\u00a0\u00bbvalue\\\u00a0\u00bb:\\\u00a0\u00bb\\u003Cstrong>Acc\u00e8s\u00a0:\\u003C\/strong> Tram, ligne \\\\\\\u00a0\u00bbC\\\\\\\u00a0\u00bb direction \u00ab\u00a0Parc des Expositions\/Stade Matmut Atlantique\u00a0\u00bb , en bus, lignes 32, 37 et 75.\\\u00a0\u00bb}]}],\\\u00a0\u00bbtags\\\u00a0\u00bb:[{\\\u00a0\u00bbid\\\u00a0\u00bb:\\\u00a0\u00bbb4d656a7-8ada-42dd-8a2b-aa43fe8ac5d4\\\u00a0\u00bb,\\\u00a0\u00bbtitle\\\u00a0\u00bb:\\\u00a0\u00bb\u00e9quitation\\\u00a0\u00bb,\\\u00a0\u00bbpath\\\u00a0\u00bb:\\\u00a0\u00bbtheme\/equitation\\\u00a0\u00bb},{\\\u00a0\u00bbid\\\u00a0\u00bb:\\\u00a0\u00bbfb3e2fb7-d459-4912-95f3-10106fbc0d61\\\u00a0\u00bb,\\\u00a0\u00bbtitle\\\u00a0\u00bb:\\\u00a0\u00bbId\u00e9es de sorties\\\u00a0\u00bb,\\\u00a0\u00bbpath\\\u00a0\u00bb:\\\u00a0\u00bbculture\/idees-de-sorties\\\u00a0\u00bb},{\\\u00a0\u00bbid\\\u00a0\u00bb:\\\u00a0\u00bbf19d655e-a007-4aab-8fc3-79c83e571090\\\u00a0\u00bb,\\\u00a0\u00bbtitle\\\u00a0\u00bb:\\\u00a0\u00bbfamille\\\u00a0\u00bb,\\\u00a0\u00bbpath\\\u00a0\u00bb:\\\u00a0\u00bbtheme\/famille\\\u00a0\u00bb},{\\\u00a0\u00bbid\\\u00a0\u00bb:\\\u00a0\u00bb30755571-8427-4f58-8508-2b1867cf362a\\\u00a0\u00bb,\\\u00a0\u00bbtitle\\\u00a0\u00bb:\\\u00a0\u00bbChevaux\\\u00a0\u00bb,\\\u00a0\u00bbpath\\\u00a0\u00bb:\\\u00a0\u00bbtheme\/chevaux\\\u00a0\u00bb}],\\\u00a0\u00bbthemes\\\u00a0\u00bb:[{\\\u00a0\u00bbid\\\u00a0\u00bb:\\\u00a0\u00bb1cf404e8-a12c-4874-834a-dac3a7be01c4\\\u00a0\u00bb,\\\u00a0\u00bbtitle\\\u00a0\u00bb:\\\u00a0\u00bbSports\\\u00a0\u00bb,\\\u00a0\u00bbpath\\\u00a0\u00bb:\\\u00a0\u00bbsports\\\u00a0\u00bb},{\\\u00a0\u00bbid\\\u00a0\u00bb:\\\u00a0\u00bb34dbed93-5cb1-4abb-b07e-aa0f92e02312\\\u00a0\u00bb,\\\u00a0\u00bbtitle\\\u00a0\u00bb:\\\u00a0\u00bbTous les sports\\\u00a0\u00bb,\\\u00a0\u00bbpath\\\u00a0\u00bb:\\\u00a0\u00bbsports\/tous-les-sports\\\u00a0\u00bb}],\\\u00a0\u00bblocales\\\u00a0\u00bb:[{\\\u00a0\u00bbid\\\u00a0\u00bb:\\\u00a0\u00bb27\\\u00a0\u00bb,\\\u00a0\u00bbslug\\\u00a0\u00bb:\\\u00a0\u00bbgironde\\\u00a0\u00bb,\\\u00a0\u00bbtitle\\\u00a0\u00bb:\\\u00a0\u00bbICI Gironde\\\u00a0\u00bb,\\\u00a0\u00bbref\\\u00a0\u00bb:\\\u00a0\u00bbgironde\\\u00a0\u00bb},{\\\u00a0\u00bbid\\\u00a0\u00bb:\\\u00a0\u00bb26\\\u00a0\u00bb,\\\u00a0\u00bbslug\\\u00a0\u00bb:\\\u00a0\u00bbgascogne\\\u00a0\u00bb,\\\u00a0\u00bbtitle\\\u00a0\u00bb:\\\u00a0\u00bbICI Gascogne\\\u00a0\u00bb,\\\u00a0\u00bbref\\\u00a0\u00bb:\\\u00a0\u00bbgascogne\\\u00a0\u00bb},{\\\u00a0\u00bbid\\\u00a0\u00bb:\\\u00a0\u00bb43\\\u00a0\u00bb,\\\u00a0\u00bbslug\\\u00a0\u00bb:\\\u00a0\u00bbperigord\\\u00a0\u00bb,\\\u00a0\u00bbtitle\\\u00a0\u00bb:\\\u00a0\u00bbICI P\u00e9rigord\\\u00a0\u00bb,\\\u00a0\u00bbref\\\u00a0\u00bb:\\\u00a0\u00bbperigord\\\u00a0\u00bb},{\\\u00a0\u00bbid\\\u00a0\u00bb:\\\u00a0\u00bb30\\\u00a0\u00bb,\\\u00a0\u00bbslug\\\u00a0\u00bb:\\\u00a0\u00bbla-rochelle\\\u00a0\u00bb,\\\u00a0\u00bbtitle\\\u00a0\u00bb:\\\u00a0\u00bbICI La Rochelle\\\u00a0\u00bb,\\\u00a0\u00bbref\\\u00a0\u00bb:\\\u00a0\u00bbla-rochelle\\\u00a0\u00bb}],\\\u00a0\u00bbauthors\\\u00a0\u00bb:[{\\\u00a0\u00bbname\\\u00a0\u00bb:\\\u00a0\u00bbNicolas Fauveau\\\u00a0\u00bb,\\\u00a0\u00bbpath\\\u00a0\u00bb:\\\u00a0\u00bbles-equipes\/nicolas-fauveau\\\u00a0\u00bb,\\\u00a0\u00bbvisual\\\u00a0\u00bb:{\\\u00a0\u00bbid\\\u00a0\u00bb:\\\u00a0\u00bb8b1b4fc0-f28f-4ba1-bb5d-8c64b83fa1cb\\\u00a0\u00bb,\\\u00a0\u00bbpreview\\\u00a0\u00bb:\\\u00a0\u00bb\/9j\/2wBDACgcHiMeGSgjISMtKygwPGRBPDc3PHtYXUlkkYCZlo+AjIqgtObDoKrarYqMyP\/L2u71\/\/\/\/m8H\/\/\/\/6\/+b9\/\/j\/2wBDASstLTw1PHZBQXb4pYyl+Pj4+Pj4+Pj4+Pj4+Pj4+Pj4+Pj4+Pj4+Pj4+Pj4+Pj4+Pj4+Pj4+Pj4+Pj4+Pj4+Pj\/wAARCAAXACoDASIAAhEBAxEB\/8QAGQAAAwEBAQAAAAAAAAAAAAAAAAIDBAEF\/8QAGhABAQEBAAMAAAAAAAAAAAAAAAIBEhETIf\/EABUBAQEAAAAAAAAAAAAAAAAAAAAB\/8QAFBEBAAAAAAAAAAAAAAAAAAAAAP\/aAAwDAQACEQMRAD8A9PdJtOVSNWCvbuUzew02K1ZpvKE0p0IhdM92Aojt\/TzYCK0RSvQAj\/\/Z\\\u00a0\u00bb}}],\\\u00a0\u00bbconnections\\\u00a0\u00bb:null,\\\u00a0\u00bbhelpful\\\u00a0\u00bb:{\\\u00a0\u00bburl\\\u00a0\u00bb:null,\\\u00a0\u00bbphone\\\u00a0\u00bb:\\\u00a0\u00bb\\\u00a0\u00bb},\\\u00a0\u00bbeventDate\\\u00a0\u00bb:\\\u00a0\u00bbDu \\u003Ctime datetime=\\\\\\\u00a0\u00bb2026-02-05T06:00:00.000Z\\\\\\\u00a0\u00bb>5 f\u00e9vrier 2026\\u003C\/time> au \\u003Ctime datetime=\\\\\\\u00a0\u00bb2026-02-08T20:00:00.000Z\\\\\\\u00a0\u00bb>8 f\u00e9vrier 2026\\u003C\/time>\\\u00a0\u00bb,\\\u00a0\u00bbbody\\\u00a0\u00bb:[{\\\u00a0\u00bbtype\\\u00a0\u00bb:\\\u00a0\u00bbtext\\\u00a0\u00bb,\\\u00a0\u00bbchildren\\\u00a0\u00bb:[{\\\u00a0\u00bbtype\\\u00a0\u00bb:\\\u00a0\u00bbtext\\\u00a0\u00bb,\\\u00a0\u00bbvalue\\\u00a0\u00bb:\\\u00a0\u00bbPendant quatre jours,\u00a0\\\u00a0\u00bb},{\\\u00a0\u00bbtype\\\u00a0\u00bb:\\\u00a0\u00bblink\\\u00a0\u00bb,\\\u00a0\u00bbdata\\\u00a0\u00bb:{\\\u00a0\u00bbhref\\\u00a0\u00bb:\\\u00a0\u00bbhttps:\/\/www.jumping-bordeaux.com\/\\\u00a0\u00bb},\\\u00a0\u00bbvalue\\\u00a0\u00bb:\\\u00a0\u00bble Jumping international\\\u00a0\u00bb},{\\\u00a0\u00bbtype\\\u00a0\u00bb:\\\u00a0\u00bbtext\\\u00a0\u00bb,\\\u00a0\u00bbvalue\\\u00a0\u00bb:\\\u00a0\u00bb\u00a0regroupe le meilleur des trois disciplines\u00a0: le saut d\u2019obstacles, le concours complet via le cross indoor et l\u2019attelage, avec les meilleurs cavaliers du circuit international r\u00e9unis \u00e0 Bordeaux.\\\u00a0\u00bb}]},{\\\u00a0\u00bbtype\\\u00a0\u00bb:\\\u00a0\u00bbembed\\\u00a0\u00bb,\\\u00a0\u00bbdata\\\u00a0\u00bb:{\\\u00a0\u00bbhtml\\\u00a0\u00bb:\\\u00a0\u00bb\\\u00a0\u00bb,\\\u00a0\u00bbprovider\\\u00a0\u00bb:\\\u00a0\u00bbinread\\\u00a0\u00bb,\\\u00a0\u00bbforceDisplay\\\u00a0\u00bb:true}},{\\\u00a0\u00bbtype\\\u00a0\u00bb:\\\u00a0\u00bbheading\\\u00a0\u00bb,\\\u00a0\u00bblevel\\\u00a0\u00bb:2,\\\u00a0\u00bbvalue\\\u00a0\u00bb:\\\u00a0\u00bbLa soir\u00e9e d&rsquo;ouverture\\\u00a0\u00bb},{\\\u00a0\u00bbtype\\\u00a0\u00bb:\\\u00a0\u00bbtext\\\u00a0\u00bb,\\\u00a0\u00bbchildren\\\u00a0\u00bb:[{\\\u00a0\u00bbtype\\\u00a0\u00bb:\\\u00a0\u00bbtext\\\u00a0\u00bb,\\\u00a0\u00bbvalue\\\u00a0\u00bb:\\\u00a0\u00bbAu programme,\u00a0\\\u00a0\u00bb},{\\\u00a0\u00bbtype\\\u00a0\u00bb:\\\u00a0\u00bblink\\\u00a0\u00bb,\\\u00a0\u00bbdata\\\u00a0\u00bb:{\\\u00a0\u00bbhref\\\u00a0\u00bb:\\\u00a0\u00bbhttps:\/\/www.jumping-bordeaux.com\/programmation\/spectacle\\\u00a0\u00bb},\\\u00a0\u00bbvalue\\\u00a0\u00bb:\\\u00a0\u00bb\u201cR\u00eave(s)\u201d\\\u00a0\u00bb},{\\\u00a0\u00bbtype\\\u00a0\u00bb:\\\u00a0\u00bbtext\\\u00a0\u00bb,\\\u00a0\u00bbvalue\\\u00a0\u00bb:\\\u00a0\u00bb\u00a0\\u003Cstrong>un grand spectacle d\u2019ouverture, jeudi 5 f\u00e9vrier \u00e0 20h00\\u003C\/strong>, qui va r\u00e9unir sur la piste 19 cavaliers, des acrobates, des danseurs et les musiciens de \\\u00a0\u00bb},{\\\u00a0\u00bbtype\\\u00a0\u00bb:\\\u00a0\u00bblink\\\u00a0\u00bb,\\\u00a0\u00bbdata\\\u00a0\u00bb:{\\\u00a0\u00bbhref\\\u00a0\u00bb:\\\u00a0\u00bbhttps:\/\/www.opera-bordeaux.com\/\\\u00a0\u00bb},\\\u00a0\u00bbvalue\\\u00a0\u00bb:\\\u00a0\u00bbl\u2019Op\u00e9ra National de Bordeaux\\\u00a0\u00bb},{\\\u00a0\u00bbtype\\\u00a0\u00bb:\\\u00a0\u00bbtext\\\u00a0\u00bb,\\\u00a0\u00bbvalue\\\u00a0\u00bb:\\\u00a0\u00bb\u00a0et du Bordeaux Brass Sextet, sous la direction artistique de S\u00e9bastien Capelli. A noter, la participation d\u2019Aliz\u00e9e Froment, reconnue pour ses performances en comp\u00e9tition et sa philosophie de l&rsquo;\u00e9quitation, bas\u00e9e sur la confiance et la communication avec ses chevaux.\\\u00a0\u00bb}]},{\\\u00a0\u00bbtype\\\u00a0\u00bb:\\\u00a0\u00bbtext\\\u00a0\u00bb,\\\u00a0\u00bbchildren\\\u00a0\u00bb:[{\\\u00a0\u00bbtype\\\u00a0\u00bb:\\\u00a0\u00bbtext\\\u00a0\u00bb,\\\u00a0\u00bbvalue\\\u00a0\u00bb:\\\u00a0\u00bbEn seconde partie de cette grande soir\u00e9e de gala, place \u00e0 une battle de dressage chor\u00e9graphi\u00e9e par \\\u00a0\u00bb},{\\\u00a0\u00bbtype\\\u00a0\u00bb:\\\u00a0\u00bblink\\\u00a0\u00bb,\\\u00a0\u00bbdata\\\u00a0\u00bb:{\\\u00a0\u00bbhref\\\u00a0\u00bb:\\\u00a0\u00bbhttps:\/\/www.facebook.com\/ChrisMarquesOfficiel\/?locale=fr_FR\\\u00a0\u00bb},\\\u00a0\u00bbvalue\\\u00a0\u00bb:\\\u00a0\u00bbChris Marquez\\\u00a0\u00bb},{\\\u00a0\u00bbtype\\\u00a0\u00bb:\\\u00a0\u00bbtext\\\u00a0\u00bb,\\\u00a0\u00bbvalue\\\u00a0\u00bb:\\\u00a0\u00bb, le jur\u00e9 embl\u00e9matique de l&rsquo;\u00e9mission culte \\u003Cstrong>\u00ab\u00a0Danse avec les stars\u00a0\u00bb\\u003C\/strong> diffus\u00e9e sur TF1.\u00a0Une exp\u00e9rience unique, sensorielle et immersive, \u00e0 vivre en famille.\\\u00a0\u00bb}]},{\\\u00a0\u00bbtype\\\u00a0\u00bb:\\\u00a0\u00bbheading\\\u00a0\u00bb,\\\u00a0\u00bblevel\\\u00a0\u00bb:2,\\\u00a0\u00bbvalue\\\u00a0\u00bb:\\\u00a0\u00bbSalon du cheval et comp\u00e9titions\\\u00a0\u00bb},{\\\u00a0\u00bbtype\\\u00a0\u00bb:\\\u00a0\u00bbtext\\\u00a0\u00bb,\\\u00a0\u00bbchildren\\\u00a0\u00bb:[{\\\u00a0\u00bbtype\\\u00a0\u00bb:\\\u00a0\u00bblink\\\u00a0\u00bb,\\\u00a0\u00bbdata\\\u00a0\u00bb:{\\\u00a0\u00bbhref\\\u00a0\u00bb:\\\u00a0\u00bbhttps:\/\/www.jumping-bordeaux.com\/programmation-2026\\\u00a0\u00bb},\\\u00a0\u00bbvalue\\\u00a0\u00bb:\\\u00a0\u00bbQuatre jours de comp\u00e9tition\\\u00a0\u00bb},{\\\u00a0\u00bbtype\\\u00a0\u00bb:\\\u00a0\u00bbtext\\\u00a0\u00bb,\\\u00a0\u00bbvalue\\\u00a0\u00bb:\\\u00a0\u00bb, \\u003Cstrong>avec les meilleurs sp\u00e9cialistes du saut d\u2019obstacles\\u003C\/strong> et, comme chaque ann\u00e9e, \\u003Cstrong>un salon du cheval\\u003C\/strong> regroupant\u00a0\\\u00a0\u00bb},{\\\u00a0\u00bbtype\\\u00a0\u00bb:\\\u00a0\u00bblink\\\u00a0\u00bb,\\\u00a0\u00bbdata\\\u00a0\u00bb:{\\\u00a0\u00bbhref\\\u00a0\u00bb:\\\u00a0\u00bbhttps:\/\/www.jumping-bordeaux.com\/exposants\\\u00a0\u00bb},\\\u00a0\u00bbvalue\\\u00a0\u00bb:\\\u00a0\u00bbdes dizaines d\u2019exposants\\\u00a0\u00bb},{\\\u00a0\u00bbtype\\\u00a0\u00bb:\\\u00a0\u00bbtext\\\u00a0\u00bb,\\\u00a0\u00bbvalue\\\u00a0\u00bb:\\\u00a0\u00bb\u00a0: vans, produits v\u00e9t\u00e9rinaire, mode, sellerie, accessoires, associations et club hippiques pour d\u00e9couvrir les derni\u00e8res tendances et \u00e9quipements du monde du cheval. Pour les plus petits, bapt\u00eames \u00e0 poney et d\u00e9monstrations de horse-ball sur la piste Baloubet. Restauration sur place.\\\u00a0\u00bb}]},{\\\u00a0\u00bbtype\\\u00a0\u00bb:\\\u00a0\u00bbheading\\\u00a0\u00bb,\\\u00a0\u00bblevel\\\u00a0\u00bb:2,\\\u00a0\u00bbvalue\\\u00a0\u00bb:\\\u00a0\u00bbNouveaut\u00e9 2026\\\u00a0\u00bb},{\\\u00a0\u00bbtype\\\u00a0\u00bb:\\\u00a0\u00bbtext\\\u00a0\u00bb,\\\u00a0\u00bbchildren\\\u00a0\u00bb:[{\\\u00a0\u00bbtype\\\u00a0\u00bb:\\\u00a0\u00bbtext\\\u00a0\u00bb,\\\u00a0\u00bbvalue\\\u00a0\u00bb:\\\u00a0\u00bbCr\u00e9\u00e9 en 1978, le Jumping est bien plus qu\u2019une comp\u00e9tition \\u003Cem>: \u00ab\u00a0C\u2019est un moment fort du sport \u00e9questre en France et en Europe, avec un ancrage r\u00e9gional tr\u00e8s fort\u00a0\u00bb,\\u003C\/em> souligne Sabine Zaegel. La directrice de l\u2019\u00e9v\u00e8nement.\\\u00a0\u00bb}]},{\\\u00a0\u00bbtype\\\u00a0\u00bb:\\\u00a0\u00bbtext\\\u00a0\u00bb,\\\u00a0\u00bbchildren\\\u00a0\u00bb:[{\\\u00a0\u00bbtype\\\u00a0\u00bb:\\\u00a0\u00bbtext\\\u00a0\u00bb,\\\u00a0\u00bbvalue\\\u00a0\u00bb:\\\u00a0\u00bb\\u003Cstrong>Cette ann\u00e9e, pour la premi\u00e8re fois, le Jumping accueille une\\u003C\/strong>\u00a0\\\u00a0\u00bb},{\\\u00a0\u00bbtype\\\u00a0\u00bb:\\\u00a0\u00bblink\\\u00a0\u00bb,\\\u00a0\u00bbdata\\\u00a0\u00bb:{\\\u00a0\u00bbhref\\\u00a0\u00bb:\\\u00a0\u00bbhttps:\/\/www.jumping-bordeaux.com\/programmation\/competitions\/concours-de-dressage-international\\\u00a0\u00bb},\\\u00a0\u00bbvalue\\\u00a0\u00bb:\\\u00a0\u00bbcomp\u00e9tition internationale de dressage de niveau CDI4\\\u00a0\u00bb},{\\\u00a0\u00bbtype\\\u00a0\u00bb:\\\u00a0\u00bbtext\\\u00a0\u00bb,\\\u00a0\u00bbvalue\\\u00a0\u00bb:\\\u00a0\u00bb\\u003Cstrong>*\\u003C\/strong>. Une premi\u00e8re pour Bordeaux, qui r\u00e9unit ainsi les quatre disciplines internationales (Jumping, dressage, attelage \u00e0 4 chevaux, et derby) sur 4 jours avec les meilleurs cavaliers mondiaux.\\\u00a0\u00bb}]},{\\\u00a0\u00bbtype\\\u00a0\u00bb:\\\u00a0\u00bbembed\\\u00a0\u00bb,\\\u00a0\u00bbdata\\\u00a0\u00bb:{\\\u00a0\u00bbhtml\\\u00a0\u00bb:\\\u00a0\u00bb\\u003Cdiv class=\\\\\\\u00a0\u00bbfb-post\\\\\\\u00a0\u00bb data-href=\\\\\\\u00a0\u00bbhttps:\/\/www.facebook.com\/reel\/914283390938972\\\\\\\u00a0\u00bb data-width=\\\\\\\u00a0\u00bb560\\\\\\\u00a0\u00bb data-show-text=\\\\\\\u00a0\u00bbtrue\\\\\\\u00a0\u00bb >\\u003C\/div> \\u003Cscript> (function(w, d) {     if (w.FB &#038;&#038; w.FB.XFBML &#038;&#038; w.FB.XFBML.parse) {         if (&lsquo;undefined&rsquo; == typeof w.__fbTimeout) {             w.__fbTimeout = setTimeout(function() {                 w.FB.XFBML.parse();                 w.__fbTimeout = undefined;             }, 1000);         }     } else if (&lsquo;undefined&rsquo; == typeof w.__fbTimeout) {         if (d.querySelectorAll(&lsquo;#fb-root&rsquo;).length === 0) {             var fbRoot = d.createElement(&lsquo;div&rsquo;);             fbRoot.id = &lsquo;fb-root&rsquo;;             d.querySelector(&lsquo;body&rsquo;).append(fbRoot);         }         if (d.querySelectorAll(&lsquo;#facebook-jssdk&rsquo;).length === 0) {             var fbScript = d.createElement(&lsquo;script&rsquo;);             fbScript.id = &lsquo;facebook-jssdk&rsquo;;             fbScript.src=\u00a0\u00bb\/\/connect.facebook.net\/fr_FR\/sdk.js#xfbml=1&#038;version=v2.8&#038;appId=593991304071705&Prime;;             fbScript.async = 1;             d.querySelector(&lsquo;head&rsquo;).append(fbScript);         }     } })(window, window.document); \\u003C\/script>\\\u00a0\u00bb,\\\u00a0\u00bbprovider\\\u00a0\u00bb:\\\u00a0\u00bbfacebook\\\u00a0\u00bb,\\\u00a0\u00bbdidomiPurposes\\\u00a0\u00bb:\\\u00a0\u00bbPour afficher ce contenu Facebook, vous devez accepter les cookies \\u003Cb>R\u00e9seaux Sociaux\\u003C\/b>.\\u003Cbr>\\u003Cbr>Ces cookies permettent de partager ou r\u00e9agir directement sur les r\u00e9seaux sociaux auxquels vous \u00eates connect\u00e9s ou d&rsquo;int\u00e9grer du contenu initialement post\u00e9 sur ces r\u00e9seaux sociaux. Ils permettent aussi aux r\u00e9seaux sociaux d&rsquo;utiliser vos visites sur nos sites et applications \u00e0 des fins de personnalisation et de ciblage publicitaire.\\\u00a0\u00bb,\\\u00a0\u00bbdidomiVendorId\\\u00a0\u00bb:\\\u00a0\u00bbc:facebookc-rgacRMQm\\\u00a0\u00bb}},{\\\u00a0\u00bbtype\\\u00a0\u00bb:\\\u00a0\u00bbtext\\\u00a0\u00bb,\\\u00a0\u00bbchildren\\\u00a0\u00bb:[{\\\u00a0\u00bbtype\\\u00a0\u00bb:\\\u00a0\u00bbtext\\\u00a0\u00bb,\\\u00a0\u00bbvalue\\\u00a0\u00bb:\\\u00a0\u00bb\\u003Cstrong>Horaires\u00a0:\\u003C\/strong>\\\u00a0\u00bb}]},{\\\u00a0\u00bbtype\\\u00a0\u00bb:\\\u00a0\u00bbtext\\\u00a0\u00bb,\\\u00a0\u00bbchildren\\\u00a0\u00bb:[{\\\u00a0\u00bbtype\\\u00a0\u00bb:\\\u00a0\u00bbtext\\\u00a0\u00bb,\\\u00a0\u00bbvalue\\\u00a0\u00bb:\\\u00a0\u00bbJeudi 5 f\u00e9vrier\u00a0: 9h30-23h45\\u003Cbr \/>Vendredi 6 f\u00e9vrier\u00a0: 9h30 \u2013 00h30\\u003Cbr \/>Samedi 7 f\u00e9vrier\u00a0: 9h30 \u2013 00h30\\u003Cbr \/>Dimanche 8 f\u00e9vrier\u00a0: 9h \u2013 18h30\\\u00a0\u00bb}]},{\\\u00a0\u00bbtype\\\u00a0\u00bb:\\\u00a0\u00bbtext\\\u00a0\u00bb,\\\u00a0\u00bbchildren\\\u00a0\u00bb:[{\\\u00a0\u00bbtype\\\u00a0\u00bb:\\\u00a0\u00bbtext\\\u00a0\u00bb,\\\u00a0\u00bbvalue\\\u00a0\u00bb:\\\u00a0\u00bbR\u00e9f\u00e9rez-vous aux horaires des sessions r\u00e9serv\u00e9es, indiqu\u00e9s sur la page \\\\\\\u00a0\u00bbProgrammation sportive\\\\\\\u00a0\u00bb ou sur votre e-billet. L\u2019acc\u00e8s aux tribunes aura lieu 30 minutes avant le d\u00e9but de la session.\\\u00a0\u00bb}]},{\\\u00a0\u00bbtype\\\u00a0\u00bb:\\\u00a0\u00bbtext\\\u00a0\u00bb,\\\u00a0\u00bbchildren\\\u00a0\u00bb:[{\\\u00a0\u00bbtype\\\u00a0\u00bb:\\\u00a0\u00bbtext\\\u00a0\u00bb,\\\u00a0\u00bbvalue\\\u00a0\u00bb:\\\u00a0\u00bb\\u003Cstrong>Acc\u00e8s\u00a0:\\u003C\/strong> Tram, ligne \\\\\\\u00a0\u00bbC\\\\\\\u00a0\u00bb direction \u00ab\u00a0Parc des Expositions\/Stade Matmut Atlantique\u00a0\u00bb , en bus, lignes 32, 37 et 75.\\\u00a0\u00bb}]}],\\\u00a0\u00bbgeoInfos\\\u00a0\u00bb:[{\\\u00a0\u00bbregion\\\u00a0\u00bb:{\\\u00a0\u00bbslug\\\u00a0\u00bb:\\\u00a0\u00bbnouvelle-aquitaine\\\u00a0\u00bb,\\\u00a0\u00bbtitle\\\u00a0\u00bb:\\\u00a0\u00bbNouvelle-Aquitaine\\\u00a0\u00bb,\\\u00a0\u00bbcities\\\u00a0\u00bb:[{\\\u00a0\u00bbtitle\\\u00a0\u00bb:\\\u00a0\u00bbBayonne\\\u00a0\u00bb,\\\u00a0\u00bbpath\\\u00a0\u00bb:\\\u00a0\u00bb\/nouvelle-aquitaine\/pyrenees-atlantiques-64\/bayonne\\\u00a0\u00bb},{\\\u00a0\u00bbtitle\\\u00a0\u00bb:\\\u00a0\u00bbBordeaux\\\u00a0\u00bb,\\\u00a0\u00bbpath\\\u00a0\u00bb:\\\u00a0\u00bb\/nouvelle-aquitaine\/gironde-33\/bordeaux\\\u00a0\u00bb},{\\\u00a0\u00bbtitle\\\u00a0\u00bb:\\\u00a0\u00bbBrive-la-Gaillarde\\\u00a0\u00bb,\\\u00a0\u00bbpath\\\u00a0\u00bb:\\\u00a0\u00bb\/nouvelle-aquitaine\/correze-19\/brive-la-gaillarde\\\u00a0\u00bb},{\\\u00a0\u00bbtitle\\\u00a0\u00bb:\\\u00a0\u00bbLimoges\\\u00a0\u00bb,\\\u00a0\u00bbpath\\\u00a0\u00bb:\\\u00a0\u00bb\/nouvelle-aquitaine\/haute-vienne-87\/limoges\\\u00a0\u00bb},{\\\u00a0\u00bbtitle\\\u00a0\u00bb:\\\u00a0\u00bbM\u00e9rignac\\\u00a0\u00bb,\\\u00a0\u00bbpath\\\u00a0\u00bb:\\\u00a0\u00bb\/nouvelle-aquitaine\/gironde-33\/merignac\\\u00a0\u00bb},{\\\u00a0\u00bbtitle\\\u00a0\u00bb:\\\u00a0\u00bbNiort\\\u00a0\u00bb,\\\u00a0\u00bbpath\\\u00a0\u00bb:\\\u00a0\u00bb\/nouvelle-aquitaine\/deux-sevres-79\/niort\\\u00a0\u00bb},{\\\u00a0\u00bbtitle\\\u00a0\u00bb:\\\u00a0\u00bbPau\\\u00a0\u00bb,\\\u00a0\u00bbpath\\\u00a0\u00bb:\\\u00a0\u00bb\/nouvelle-aquitaine\/pyrenees-atlantiques-64\/pau\\\u00a0\u00bb},{\\\u00a0\u00bbtitle\\\u00a0\u00bb:\\\u00a0\u00bbPessac\\\u00a0\u00bb,\\\u00a0\u00bbpath\\\u00a0\u00bb:\\\u00a0\u00bb\/nouvelle-aquitaine\/gironde-33\/pessac\\\u00a0\u00bb},{\\\u00a0\u00bbtitle\\\u00a0\u00bb:\\\u00a0\u00bbPoitiers\\\u00a0\u00bb,\\\u00a0\u00bbpath\\\u00a0\u00bb:\\\u00a0\u00bb\/nouvelle-aquitaine\/vienne-86\/poitiers\\\u00a0\u00bb},{\\\u00a0\u00bbtitle\\\u00a0\u00bb:\\\u00a0\u00bbLa Rochelle\\\u00a0\u00bb,\\\u00a0\u00bbpath\\\u00a0\u00bb:\\\u00a0\u00bb\/nouvelle-aquitaine\/charente-maritime-17\/rochelle\\\u00a0\u00bb}],\\\u00a0\u00bbdepartments\\\u00a0\u00bb:[{\\\u00a0\u00bbslug\\\u00a0\u00bb:\\\u00a0\u00bbcharente-16\\\u00a0\u00bb,\\\u00a0\u00bbtitle\\\u00a0\u00bb:\\\u00a0\u00bbCharente\\\u00a0\u00bb,\\\u00a0\u00bbtitleArticle\\\u00a0\u00bb:\\\u00a0\u00bbde \\\u00a0\u00bb,\\\u00a0\u00bblocale\\\u00a0\u00bb:{\\\u00a0\u00bbnearest\\\u00a0\u00bb:[\\\u00a0\u00bbla-rochelle\\\u00a0\u00bb]},\\\u00a0\u00bbnearestDepartment\\\u00a0\u00bb:[\\\u00a0\u00bbdeux-sevres-79\\\u00a0\u00bb,\\\u00a0\u00bbvienne-86\\\u00a0\u00bb,\\\u00a0\u00bbhaute-vienne-87\\\u00a0\u00bb,\\\u00a0\u00bbdordogne-24\\\u00a0\u00bb,\\\u00a0\u00bbcharente-maritime-17\\\u00a0\u00bb],\\\u00a0\u00bbcities\\\u00a0\u00bb:[{\\\u00a0\u00bbpath\\\u00a0\u00bb:\\\u00a0\u00bb\/nouvelle-aquitaine\/charente-16\/angouleme\\\u00a0\u00bb,\\\u00a0\u00bbtitle\\\u00a0\u00bb:\\\u00a0\u00bbAngoul\u00eame\\\u00a0\u00bb},{\\\u00a0\u00bbpath\\\u00a0\u00bb:\\\u00a0\u00bb\/nouvelle-aquitaine\/charente-16\/champniers\\\u00a0\u00bb,\\\u00a0\u00bbtitle\\\u00a0\u00bb:\\\u00a0\u00bbChampniers\\\u00a0\u00bb},{\\\u00a0\u00bbpath\\\u00a0\u00bb:\\\u00a0\u00bb\/nouvelle-aquitaine\/charente-16\/cognac\\\u00a0\u00bb,\\\u00a0\u00bbtitle\\\u00a0\u00bb:\\\u00a0\u00bbCognac\\\u00a0\u00bb},{\\\u00a0\u00bbpath\\\u00a0\u00bb:\\\u00a0\u00bb\/nouvelle-aquitaine\/charente-16\/gond-pontouvre\\\u00a0\u00bb,\\\u00a0\u00bbtitle\\\u00a0\u00bb:\\\u00a0\u00bbGond-Pontouvre\\\u00a0\u00bb},{\\\u00a0\u00bbpath\\\u00a0\u00bb:\\\u00a0\u00bb\/nouvelle-aquitaine\/charente-16\/isle-despagnac\\\u00a0\u00bb,\\\u00a0\u00bbtitle\\\u00a0\u00bb:\\\u00a0\u00bbL&rsquo;Isle-d&rsquo;Espagnac\\\u00a0\u00bb},{\\\u00a0\u00bbpath\\\u00a0\u00bb:\\\u00a0\u00bb\/nouvelle-aquitaine\/charente-16\/ruelle-sur-touvre\\\u00a0\u00bb,\\\u00a0\u00bbtitle\\\u00a0\u00bb:\\\u00a0\u00bbRuelle-sur-Touvre\\\u00a0\u00bb},{\\\u00a0\u00bbpath\\\u00a0\u00bb:\\\u00a0\u00bb\/nouvelle-aquitaine\/charente-16\/saint-yrieix-sur-charente\\\u00a0\u00bb,\\\u00a0\u00bbtitle\\\u00a0\u00bb:\\\u00a0\u00bbSaint-Yrieix-sur-Charente\\\u00a0\u00bb},{\\\u00a0\u00bbpath\\\u00a0\u00bb:\\\u00a0\u00bb\/nouvelle-aquitaine\/charente-16\/soyaux\\\u00a0\u00bb,\\\u00a0\u00bbtitle\\\u00a0\u00bb:\\\u00a0\u00bbSoyaux\\\u00a0\u00bb},{\\\u00a0\u00bbpath\\\u00a0\u00bb:\\\u00a0\u00bb\/nouvelle-aquitaine\/charente-16\/barbezieux-saint-hilaire\\\u00a0\u00bb,\\\u00a0\u00bbtitle\\\u00a0\u00bb:\\\u00a0\u00bbBarbezieux-Saint-Hilaire\\\u00a0\u00bb},{\\\u00a0\u00bbpath\\\u00a0\u00bb:\\\u00a0\u00bb\/nouvelle-aquitaine\/charente-16\/couronne\\\u00a0\u00bb,\\\u00a0\u00bbtitle\\\u00a0\u00bb:\\\u00a0\u00bbLa Couronne\\\u00a0\u00bb}]},{\\\u00a0\u00bbslug\\\u00a0\u00bb:\\\u00a0\u00bbcharente-maritime-17\\\u00a0\u00bb,\\\u00a0\u00bbtitle\\\u00a0\u00bb:\\\u00a0\u00bbCharente-Maritime\\\u00a0\u00bb,\\\u00a0\u00bbtitleArticle\\\u00a0\u00bb:\\\u00a0\u00bbde \\\u00a0\u00bb,\\\u00a0\u00bblocale\\\u00a0\u00bb:{\\\u00a0\u00bbmain\\\u00a0\u00bb:\\\u00a0\u00bbla-rochelle\\\u00a0\u00bb,\\\u00a0\u00bbnearest\\\u00a0\u00bb:[]},\\\u00a0\u00bbnearestDepartment\\\u00a0\u00bb:[\\\u00a0\u00bbvendee-85\\\u00a0\u00bb,\\\u00a0\u00bbdeux-sevres-79\\\u00a0\u00bb,\\\u00a0\u00bbcharente-16\\\u00a0\u00bb,\\\u00a0\u00bbdordogne-24\\\u00a0\u00bb,\\\u00a0\u00bbgironde-33\\\u00a0\u00bb],\\\u00a0\u00bbcities\\\u00a0\u00bb:[{\\\u00a0\u00bbpath\\\u00a0\u00bb:\\\u00a0\u00bb\/nouvelle-aquitaine\/charente-maritime-17\/aytre\\\u00a0\u00bb,\\\u00a0\u00bbtitle\\\u00a0\u00bb:\\\u00a0\u00bbAytr\u00e9\\\u00a0\u00bb},{\\\u00a0\u00bbpath\\\u00a0\u00bb:\\\u00a0\u00bb\/nouvelle-aquitaine\/charente-maritime-17\/lagord\\\u00a0\u00bb,\\\u00a0\u00bbtitle\\\u00a0\u00bb:\\\u00a0\u00bbLagord\\\u00a0\u00bb},{\\\u00a0\u00bbpath\\\u00a0\u00bb:\\\u00a0\u00bb\/nouvelle-aquitaine\/charente-maritime-17\/perigny\\\u00a0\u00bb,\\\u00a0\u00bbtitle\\\u00a0\u00bb:\\\u00a0\u00bbP\u00e9rigny\\\u00a0\u00bb},{\\\u00a0\u00bbpath\\\u00a0\u00bb:\\\u00a0\u00bb\/nouvelle-aquitaine\/charente-maritime-17\/rochefort\\\u00a0\u00bb,\\\u00a0\u00bbtitle\\\u00a0\u00bb:\\\u00a0\u00bbRochefort\\\u00a0\u00bb},{\\\u00a0\u00bbpath\\\u00a0\u00bb:\\\u00a0\u00bb\/nouvelle-aquitaine\/charente-maritime-17\/royan\\\u00a0\u00bb,\\\u00a0\u00bbtitle\\\u00a0\u00bb:\\\u00a0\u00bbRoyan\\\u00a0\u00bb},{\\\u00a0\u00bbpath\\\u00a0\u00bb:\\\u00a0\u00bb\/nouvelle-aquitaine\/charente-maritime-17\/saintes\\\u00a0\u00bb,\\\u00a0\u00bbtitle\\\u00a0\u00bb:\\\u00a0\u00bbSaintes\\\u00a0\u00bb},{\\\u00a0\u00bbpath\\\u00a0\u00bb:\\\u00a0\u00bb\/nouvelle-aquitaine\/charente-maritime-17\/saujon\\\u00a0\u00bb,\\\u00a0\u00bbtitle\\\u00a0\u00bb:\\\u00a0\u00bbSaujon\\\u00a0\u00bb},{\\\u00a0\u00bbpath\\\u00a0\u00bb:\\\u00a0\u00bb\/nouvelle-aquitaine\/charente-maritime-17\/tonnay-charente\\\u00a0\u00bb,\\\u00a0\u00bbtitle\\\u00a0\u00bb:\\\u00a0\u00bbTonnay-Charente\\\u00a0\u00bb},{\\\u00a0\u00bbpath\\\u00a0\u00bb:\\\u00a0\u00bb\/nouvelle-aquitaine\/charente-maritime-17\/saint-jean-dangely\\\u00a0\u00bb,\\\u00a0\u00bbtitle\\\u00a0\u00bb:\\\u00a0\u00bbSaint-Jean-d&rsquo;Ang\u00e9ly\\\u00a0\u00bb},{\\\u00a0\u00bbpath\\\u00a0\u00bb:\\\u00a0\u00bb\/nouvelle-aquitaine\/charente-maritime-17\/rochelle\\\u00a0\u00bb,\\\u00a0\u00bbtitle\\\u00a0\u00bb:\\\u00a0\u00bbLa Rochelle\\\u00a0\u00bb}]},{\\\u00a0\u00bbslug\\\u00a0\u00bb:\\\u00a0\u00bbcorreze-19\\\u00a0\u00bb,\\\u00a0\u00bbtitle\\\u00a0\u00bb:\\\u00a0\u00bbCorr\u00e8ze\\\u00a0\u00bb,\\\u00a0\u00bbtitleArticle\\\u00a0\u00bb:\\\u00a0\u00bbde \\\u00a0\u00bb,\\\u00a0\u00bblocale\\\u00a0\u00bb:{\\\u00a0\u00bbnearest\\\u00a0\u00bb:[\\\u00a0\u00bbcreuse\\\u00a0\u00bb,\\\u00a0\u00bblimousin\\\u00a0\u00bb,\\\u00a0\u00bbpays-d-auvergne\\\u00a0\u00bb]},\\\u00a0\u00bbnearestDepartment\\\u00a0\u00bb:[\\\u00a0\u00bbhaute-vienne-87\\\u00a0\u00bb,\\\u00a0\u00bbcreuse-23\\\u00a0\u00bb,\\\u00a0\u00bbpuy-de-dome-63\\\u00a0\u00bb,\\\u00a0\u00bbcantal-15\\\u00a0\u00bb,\\\u00a0\u00bblot-46\\\u00a0\u00bb,\\\u00a0\u00bbdordogne-24\\\u00a0\u00bb],\\\u00a0\u00bbcities\\\u00a0\u00bb:[{\\\u00a0\u00bbpath\\\u00a0\u00bb:\\\u00a0\u00bb\/nouvelle-aquitaine\/correze-19\/allassac\\\u00a0\u00bb,\\\u00a0\u00bbtitle\\\u00a0\u00bb:\\\u00a0\u00bbAllassac\\\u00a0\u00bb},{\\\u00a0\u00bbpath\\\u00a0\u00bb:\\\u00a0\u00bb\/nouvelle-aquitaine\/correze-19\/brive-la-gaillarde\\\u00a0\u00bb,\\\u00a0\u00bbtitle\\\u00a0\u00bb:\\\u00a0\u00bbBrive-la-Gaillarde\\\u00a0\u00bb},{\\\u00a0\u00bbpath\\\u00a0\u00bb:\\\u00a0\u00bb\/nouvelle-aquitaine\/correze-19\/malemort\\\u00a0\u00bb,\\\u00a0\u00bbtitle\\\u00a0\u00bb:\\\u00a0\u00bbMalemort\\\u00a0\u00bb},{\\\u00a0\u00bbpath\\\u00a0\u00bb:\\\u00a0\u00bb\/nouvelle-aquitaine\/correze-19\/objat\\\u00a0\u00bb,\\\u00a0\u00bbtitle\\\u00a0\u00bb:\\\u00a0\u00bbObjat\\\u00a0\u00bb},{\\\u00a0\u00bbpath\\\u00a0\u00bb:\\\u00a0\u00bb\/nouvelle-aquitaine\/correze-19\/saint-pantaleon-de-larche\\\u00a0\u00bb,\\\u00a0\u00bbtitle\\\u00a0\u00bb:\\\u00a0\u00bbSaint-Pantal\u00e9on-de-Larche\\\u00a0\u00bb},{\\\u00a0\u00bbpath\\\u00a0\u00bb:\\\u00a0\u00bb\/nouvelle-aquitaine\/correze-19\/tulle\\\u00a0\u00bb,\\\u00a0\u00bbtitle\\\u00a0\u00bb:\\\u00a0\u00bbTulle\\\u00a0\u00bb},{\\\u00a0\u00bbpath\\\u00a0\u00bb:\\\u00a0\u00bb\/nouvelle-aquitaine\/correze-19\/ussac\\\u00a0\u00bb,\\\u00a0\u00bbtitle\\\u00a0\u00bb:\\\u00a0\u00bbUssac\\\u00a0\u00bb},{\\\u00a0\u00bbpath\\\u00a0\u00bb:\\\u00a0\u00bb\/nouvelle-aquitaine\/correze-19\/ussel\\\u00a0\u00bb,\\\u00a0\u00bbtitle\\\u00a0\u00bb:\\\u00a0\u00bbUssel\\\u00a0\u00bb},{\\\u00a0\u00bbpath\\\u00a0\u00bb:\\\u00a0\u00bb\/nouvelle-aquitaine\/correze-19\/egletons\\\u00a0\u00bb,\\\u00a0\u00bbtitle\\\u00a0\u00bb:\\\u00a0\u00bb\u00c9gletons\\\u00a0\u00bb},{\\\u00a0\u00bbpath\\\u00a0\u00bb:\\\u00a0\u00bb\/nouvelle-aquitaine\/correze-19\/argentat-sur-dordogne\\\u00a0\u00bb,\\\u00a0\u00bbtitle\\\u00a0\u00bb:\\\u00a0\u00bbArgentat-sur-Dordogne\\\u00a0\u00bb}]},{\\\u00a0\u00bbslug\\\u00a0\u00bb:\\\u00a0\u00bbcreuse-23\\\u00a0\u00bb,\\\u00a0\u00bbtitle\\\u00a0\u00bb:\\\u00a0\u00bbCreuse\\\u00a0\u00bb,\\\u00a0\u00bbtitleArticle\\\u00a0\u00bb:\\\u00a0\u00bbde \\\u00a0\u00bb,\\\u00a0\u00bblocale\\\u00a0\u00bb:{\\\u00a0\u00bbmain\\\u00a0\u00bb:\\\u00a0\u00bbcreuse\\\u00a0\u00bb,\\\u00a0\u00bbnearest\\\u00a0\u00bb:[]},\\\u00a0\u00bbnearestDepartment\\\u00a0\u00bb:[\\\u00a0\u00bbindre-36\\\u00a0\u00bb,\\\u00a0\u00bbcher-18\\\u00a0\u00bb,\\\u00a0\u00bballier-03\\\u00a0\u00bb,\\\u00a0\u00bbpuy-de-dome-63\\\u00a0\u00bb,\\\u00a0\u00bbcorreze-19\\\u00a0\u00bb,\\\u00a0\u00bbhaute-vienne-87\\\u00a0\u00bb],\\\u00a0\u00bbcities\\\u00a0\u00bb:[{\\\u00a0\u00bbpath\\\u00a0\u00bb:\\\u00a0\u00bb\/nouvelle-aquitaine\/creuse-23\/aubusson\\\u00a0\u00bb,\\\u00a0\u00bbtitle\\\u00a0\u00bb:\\\u00a0\u00bbAubusson\\\u00a0\u00bb},{\\\u00a0\u00bbpath\\\u00a0\u00bb:\\\u00a0\u00bb\/nouvelle-aquitaine\/creuse-23\/bourganeuf\\\u00a0\u00bb,\\\u00a0\u00bbtitle\\\u00a0\u00bb:\\\u00a0\u00bbBourganeuf\\\u00a0\u00bb},{\\\u00a0\u00bbpath\\\u00a0\u00bb:\\\u00a0\u00bb\/nouvelle-aquitaine\/creuse-23\/felletin\\\u00a0\u00bb,\\\u00a0\u00bbtitle\\\u00a0\u00bb:\\\u00a0\u00bbFelletin\\\u00a0\u00bb},{\\\u00a0\u00bbpath\\\u00a0\u00bb:\\\u00a0\u00bb\/nouvelle-aquitaine\/creuse-23\/gouzon\\\u00a0\u00bb,\\\u00a0\u00bbtitle\\\u00a0\u00bb:\\\u00a0\u00bbGouzon\\\u00a0\u00bb},{\\\u00a0\u00bbpath\\\u00a0\u00bb:\\\u00a0\u00bb\/nouvelle-aquitaine\/creuse-23\/gueret\\\u00a0\u00bb,\\\u00a0\u00bbtitle\\\u00a0\u00bb:\\\u00a0\u00bbGu\u00e9ret\\\u00a0\u00bb},{\\\u00a0\u00bbpath\\\u00a0\u00bb:\\\u00a0\u00bb\/nouvelle-aquitaine\/creuse-23\/saint-sulpice-le-gueretois\\\u00a0\u00bb,\\\u00a0\u00bbtitle\\\u00a0\u00bb:\\\u00a0\u00bbSaint-Sulpice-le-Gu\u00e9r\u00e9tois\\\u00a0\u00bb},{\\\u00a0\u00bbpath\\\u00a0\u00bb:\\\u00a0\u00bb\/nouvelle-aquitaine\/creuse-23\/saint-vaury\\\u00a0\u00bb,\\\u00a0\u00bbtitle\\\u00a0\u00bb:\\\u00a0\u00bbSaint-Vaury\\\u00a0\u00bb},{\\\u00a0\u00bbpath\\\u00a0\u00bb:\\\u00a0\u00bb\/nouvelle-aquitaine\/creuse-23\/sainte-feyre\\\u00a0\u00bb,\\\u00a0\u00bbtitle\\\u00a0\u00bb:\\\u00a0\u00bbSainte-Feyre\\\u00a0\u00bb},{\\\u00a0\u00bbpath\\\u00a0\u00bb:\\\u00a0\u00bb\/nouvelle-aquitaine\/creuse-23\/fursac\\\u00a0\u00bb,\\\u00a0\u00bbtitle\\\u00a0\u00bb:\\\u00a0\u00bbFursac\\\u00a0\u00bb},{\\\u00a0\u00bbpath\\\u00a0\u00bb:\\\u00a0\u00bb\/nouvelle-aquitaine\/creuse-23\/souterraine\\\u00a0\u00bb,\\\u00a0\u00bbtitle\\\u00a0\u00bb:\\\u00a0\u00bbLa Souterraine\\\u00a0\u00bb}]},{\\\u00a0\u00bbslug\\\u00a0\u00bb:\\\u00a0\u00bbdeux-sevres-79\\\u00a0\u00bb,\\\u00a0\u00bbtitle\\\u00a0\u00bb:\\\u00a0\u00bbDeux-S\u00e8vres\\\u00a0\u00bb,\\\u00a0\u00bbtitleArticle\\\u00a0\u00bb:\\\u00a0\u00bbdes \\\u00a0\u00bb,\\\u00a0\u00bblocale\\\u00a0\u00bb:{\\\u00a0\u00bbnearest\\\u00a0\u00bb:[\\\u00a0\u00bbpoitou\\\u00a0\u00bb]},\\\u00a0\u00bbnearestDepartment\\\u00a0\u00bb:[\\\u00a0\u00bbvendee-85\\\u00a0\u00bb,\\\u00a0\u00bbmaine-et-loire-49\\\u00a0\u00bb,\\\u00a0\u00bbindre-et-loire-37\\\u00a0\u00bb,\\\u00a0\u00bbvienne-86\\\u00a0\u00bb,\\\u00a0\u00bbcharente-16\\\u00a0\u00bb,\\\u00a0\u00bbcharente-maritime-17\\\u00a0\u00bb],\\\u00a0\u00bbcities\\\u00a0\u00bb:[{\\\u00a0\u00bbpath\\\u00a0\u00bb:\\\u00a0\u00bb\/nouvelle-aquitaine\/deux-sevres-79\/bressuire\\\u00a0\u00bb,\\\u00a0\u00bbtitle\\\u00a0\u00bb:\\\u00a0\u00bbBressuire\\\u00a0\u00bb},{\\\u00a0\u00bbpath\\\u00a0\u00bb:\\\u00a0\u00bb\/nouvelle-aquitaine\/deux-sevres-79\/chauray\\\u00a0\u00bb,\\\u00a0\u00bbtitle\\\u00a0\u00bb:\\\u00a0\u00bbChauray\\\u00a0\u00bb},{\\\u00a0\u00bbpath\\\u00a0\u00bb:\\\u00a0\u00bb\/nouvelle-aquitaine\/deux-sevres-79\/mauleon\\\u00a0\u00bb,\\\u00a0\u00bbtitle\\\u00a0\u00bb:\\\u00a0\u00bbMaul\u00e9on\\\u00a0\u00bb},{\\\u00a0\u00bbpath\\\u00a0\u00bb:\\\u00a0\u00bb\/nouvelle-aquitaine\/deux-sevres-79\/aiffres\\\u00a0\u00bb,\\\u00a0\u00bbtitle\\\u00a0\u00bb:\\\u00a0\u00bbAiffres\\\u00a0\u00bb},{\\\u00a0\u00bbpath\\\u00a0\u00bb:\\\u00a0\u00bb\/nouvelle-aquitaine\/deux-sevres-79\/niort\\\u00a0\u00bb,\\\u00a0\u00bbtitle\\\u00a0\u00bb:\\\u00a0\u00bbNiort\\\u00a0\u00bb},{\\\u00a0\u00bbpath\\\u00a0\u00bb:\\\u00a0\u00bb\/nouvelle-aquitaine\/deux-sevres-79\/parthenay\\\u00a0\u00bb,\\\u00a0\u00bbtitle\\\u00a0\u00bb:\\\u00a0\u00bbParthenay\\\u00a0\u00bb},{\\\u00a0\u00bbpath\\\u00a0\u00bb:\\\u00a0\u00bb\/nouvelle-aquitaine\/deux-sevres-79\/saint-maixent-lecole\\\u00a0\u00bb,\\\u00a0\u00bbtitle\\\u00a0\u00bb:\\\u00a0\u00bbSaint-Maixent-l&rsquo;\u00c9cole\\\u00a0\u00bb},{\\\u00a0\u00bbpath\\\u00a0\u00bb:\\\u00a0\u00bb\/nouvelle-aquitaine\/deux-sevres-79\/thouars\\\u00a0\u00bb,\\\u00a0\u00bbtitle\\\u00a0\u00bb:\\\u00a0\u00bbThouars\\\u00a0\u00bb},{\\\u00a0\u00bbpath\\\u00a0\u00bb:\\\u00a0\u00bb\/nouvelle-aquitaine\/deux-sevres-79\/nueil-les-aubiers\\\u00a0\u00bb,\\\u00a0\u00bbtitle\\\u00a0\u00bb:\\\u00a0\u00bbNueil-les-Aubiers\\\u00a0\u00bb},{\\\u00a0\u00bbpath\\\u00a0\u00bb:\\\u00a0\u00bb\/nouvelle-aquitaine\/deux-sevres-79\/creche\\\u00a0\u00bb,\\\u00a0\u00bbtitle\\\u00a0\u00bb:\\\u00a0\u00bbLa Cr\u00e8che\\\u00a0\u00bb}]},{\\\u00a0\u00bbslug\\\u00a0\u00bb:\\\u00a0\u00bbdordogne-24\\\u00a0\u00bb,\\\u00a0\u00bbtitle\\\u00a0\u00bb:\\\u00a0\u00bbDordogne\\\u00a0\u00bb,\\\u00a0\u00bbtitleArticle\\\u00a0\u00bb:\\\u00a0\u00bbde \\\u00a0\u00bb,\\\u00a0\u00bblocale\\\u00a0\u00bb:{\\\u00a0\u00bbmain\\\u00a0\u00bb:\\\u00a0\u00bbperigord\\\u00a0\u00bb,\\\u00a0\u00bbnearest\\\u00a0\u00bb:[]},\\\u00a0\u00bbnearestDepartment\\\u00a0\u00bb:[\\\u00a0\u00bbcharente-16\\\u00a0\u00bb,\\\u00a0\u00bbhaute-vienne-87\\\u00a0\u00bb,\\\u00a0\u00bbcorreze-19\\\u00a0\u00bb,\\\u00a0\u00bblot-46\\\u00a0\u00bb,\\\u00a0\u00bblot-et-garonne-47\\\u00a0\u00bb,\\\u00a0\u00bbgironde-33\\\u00a0\u00bb,\\\u00a0\u00bbcharente-maritime-17\\\u00a0\u00bb],\\\u00a0\u00bbcities\\\u00a0\u00bb:[{\\\u00a0\u00bbpath\\\u00a0\u00bb:\\\u00a0\u00bb\/nouvelle-aquitaine\/dordogne-24\/bergerac\\\u00a0\u00bb,\\\u00a0\u00bbtitle\\\u00a0\u00bb:\\\u00a0\u00bbBergerac\\\u00a0\u00bb},{\\\u00a0\u00bbpath\\\u00a0\u00bb:\\\u00a0\u00bb\/nouvelle-aquitaine\/dordogne-24\/boulazac-isle-manoire\\\u00a0\u00bb,\\\u00a0\u00bbtitle\\\u00a0\u00bb:\\\u00a0\u00bbBoulazac Isle Manoire\\\u00a0\u00bb},{\\\u00a0\u00bbpath\\\u00a0\u00bb:\\\u00a0\u00bb\/nouvelle-aquitaine\/dordogne-24\/coulounieix-chamiers\\\u00a0\u00bb,\\\u00a0\u00bbtitle\\\u00a0\u00bb:\\\u00a0\u00bbCoulounieix-Chamiers\\\u00a0\u00bb},{\\\u00a0\u00bbpath\\\u00a0\u00bb:\\\u00a0\u00bb\/nouvelle-aquitaine\/dordogne-24\/montpon-menesterol\\\u00a0\u00bb,\\\u00a0\u00bbtitle\\\u00a0\u00bb:\\\u00a0\u00bbMontpon-M\u00e9nest\u00e9rol\\\u00a0\u00bb},{\\\u00a0\u00bbpath\\\u00a0\u00bb:\\\u00a0\u00bb\/nouvelle-aquitaine\/dordogne-24\/perigueux\\\u00a0\u00bb,\\\u00a0\u00bbtitle\\\u00a0\u00bb:\\\u00a0\u00bbP\u00e9rigueux\\\u00a0\u00bb},{\\\u00a0\u00bbpath\\\u00a0\u00bb:\\\u00a0\u00bb\/nouvelle-aquitaine\/dordogne-24\/saint-astier\\\u00a0\u00bb,\\\u00a0\u00bbtitle\\\u00a0\u00bb:\\\u00a0\u00bbSaint-Astier\\\u00a0\u00bb},{\\\u00a0\u00bbpath\\\u00a0\u00bb:\\\u00a0\u00bb\/nouvelle-aquitaine\/dordogne-24\/sarlat-la-caneda\\\u00a0\u00bb,\\\u00a0\u00bbtitle\\\u00a0\u00bb:\\\u00a0\u00bbSarlat-la-Can\u00e9da\\\u00a0\u00bb},{\\\u00a0\u00bbpath\\\u00a0\u00bb:\\\u00a0\u00bb\/nouvelle-aquitaine\/dordogne-24\/terrasson-lavilledieu\\\u00a0\u00bb,\\\u00a0\u00bbtitle\\\u00a0\u00bb:\\\u00a0\u00bbTerrasson-Lavilledieu\\\u00a0\u00bb},{\\\u00a0\u00bbpath\\\u00a0\u00bb:\\\u00a0\u00bb\/nouvelle-aquitaine\/dordogne-24\/trelissac\\\u00a0\u00bb,\\\u00a0\u00bbtitle\\\u00a0\u00bb:\\\u00a0\u00bbTr\u00e9lissac\\\u00a0\u00bb},{\\\u00a0\u00bbpath\\\u00a0\u00bb:\\\u00a0\u00bb\/nouvelle-aquitaine\/dordogne-24\/sanilhac\\\u00a0\u00bb,\\\u00a0\u00bbtitle\\\u00a0\u00bb:\\\u00a0\u00bbSanilhac\\\u00a0\u00bb}]},{\\\u00a0\u00bbslug\\\u00a0\u00bb:\\\u00a0\u00bbgironde-33\\\u00a0\u00bb,\\\u00a0\u00bbtitle\\\u00a0\u00bb:\\\u00a0\u00bbGironde\\\u00a0\u00bb,\\\u00a0\u00bbtitleArticle\\\u00a0\u00bb:\\\u00a0\u00bbde \\\u00a0\u00bb,\\\u00a0\u00bblocale\\\u00a0\u00bb:{\\\u00a0\u00bbmain\\\u00a0\u00bb:\\\u00a0\u00bbgironde\\\u00a0\u00bb,\\\u00a0\u00bbnearest\\\u00a0\u00bb:[]},\\\u00a0\u00bbnearestDepartment\\\u00a0\u00bb:[\\\u00a0\u00bbcharente-maritime-17\\\u00a0\u00bb,\\\u00a0\u00bbdordogne-24\\\u00a0\u00bb,\\\u00a0\u00bblot-et-garonne-47\\\u00a0\u00bb,\\\u00a0\u00bblandes-40\\\u00a0\u00bb],\\\u00a0\u00bbcities\\\u00a0\u00bb:[{\\\u00a0\u00bbpath\\\u00a0\u00bb:\\\u00a0\u00bb\/nouvelle-aquitaine\/gironde-33\/bordeaux\\\u00a0\u00bb,\\\u00a0\u00bbtitle\\\u00a0\u00bb:\\\u00a0\u00bbBordeaux\\\u00a0\u00bb},{\\\u00a0\u00bbpath\\\u00a0\u00bb:\\\u00a0\u00bb\/nouvelle-aquitaine\/gironde-33\/begles\\\u00a0\u00bb,\\\u00a0\u00bbtitle\\\u00a0\u00bb:\\\u00a0\u00bbB\u00e8gles\\\u00a0\u00bb},{\\\u00a0\u00bbpath\\\u00a0\u00bb:\\\u00a0\u00bb\/nouvelle-aquitaine\/gironde-33\/gradignan\\\u00a0\u00bb,\\\u00a0\u00bbtitle\\\u00a0\u00bb:\\\u00a0\u00bbGradignan\\\u00a0\u00bb},{\\\u00a0\u00bbpath\\\u00a0\u00bb:\\\u00a0\u00bb\/nouvelle-aquitaine\/gironde-33\/merignac\\\u00a0\u00bb,\\\u00a0\u00bbtitle\\\u00a0\u00bb:\\\u00a0\u00bbM\u00e9rignac\\\u00a0\u00bb},{\\\u00a0\u00bbpath\\\u00a0\u00bb:\\\u00a0\u00bb\/nouvelle-aquitaine\/gironde-33\/pessac\\\u00a0\u00bb,\\\u00a0\u00bbtitle\\\u00a0\u00bb:\\\u00a0\u00bbPessac\\\u00a0\u00bb},{\\\u00a0\u00bbpath\\\u00a0\u00bb:\\\u00a0\u00bb\/nouvelle-aquitaine\/gironde-33\/saint-medard-en-jalles\\\u00a0\u00bb,\\\u00a0\u00bbtitle\\\u00a0\u00bb:\\\u00a0\u00bbSaint-M\u00e9dard-en-Jalles\\\u00a0\u00bb},{\\\u00a0\u00bbpath\\\u00a0\u00bb:\\\u00a0\u00bb\/nouvelle-aquitaine\/gironde-33\/talence\\\u00a0\u00bb,\\\u00a0\u00bbtitle\\\u00a0\u00bb:\\\u00a0\u00bbTalence\\\u00a0\u00bb},{\\\u00a0\u00bbpath\\\u00a0\u00bb:\\\u00a0\u00bb\/nouvelle-aquitaine\/gironde-33\/villenave-dornon\\\u00a0\u00bb,\\\u00a0\u00bbtitle\\\u00a0\u00bb:\\\u00a0\u00bbVillenave-d&rsquo;Ornon\\\u00a0\u00bb},{\\\u00a0\u00bbpath\\\u00a0\u00bb:\\\u00a0\u00bb\/nouvelle-aquitaine\/gironde-33\/libourne\\\u00a0\u00bb,\\\u00a0\u00bbtitle\\\u00a0\u00bb:\\\u00a0\u00bbLibourne\\\u00a0\u00bb},{\\\u00a0\u00bbpath\\\u00a0\u00bb:\\\u00a0\u00bb\/nouvelle-aquitaine\/gironde-33\/teste-de-buch\\\u00a0\u00bb,\\\u00a0\u00bbtitle\\\u00a0\u00bb:\\\u00a0\u00bbLa Teste-de-Buch\\\u00a0\u00bb}]},{\\\u00a0\u00bbslug\\\u00a0\u00bb:\\\u00a0\u00bbhaute-vienne-87\\\u00a0\u00bb,\\\u00a0\u00bbtitle\\\u00a0\u00bb:\\\u00a0\u00bbHaute-Vienne\\\u00a0\u00bb,\\\u00a0\u00bbtitleArticle\\\u00a0\u00bb:\\\u00a0\u00bbde \\\u00a0\u00bb,\\\u00a0\u00bblocale\\\u00a0\u00bb:{\\\u00a0\u00bbmain\\\u00a0\u00bb:\\\u00a0\u00bblimousin\\\u00a0\u00bb,\\\u00a0\u00bbnearest\\\u00a0\u00bb:[\\\u00a0\u00bbcreuse\\\u00a0\u00bb,\\\u00a0\u00bbpoitou\\\u00a0\u00bb]},\\\u00a0\u00bbnearestDepartment\\\u00a0\u00bb:[\\\u00a0\u00bbvienne-86\\\u00a0\u00bb,\\\u00a0\u00bbindre-36\\\u00a0\u00bb,\\\u00a0\u00bbcreuse-23\\\u00a0\u00bb,\\\u00a0\u00bbcorreze-19\\\u00a0\u00bb,\\\u00a0\u00bbdordogne-24\\\u00a0\u00bb,\\\u00a0\u00bbcharente-16\\\u00a0\u00bb],\\\u00a0\u00bbcities\\\u00a0\u00bb:[{\\\u00a0\u00bbpath\\\u00a0\u00bb:\\\u00a0\u00bb\/nouvelle-aquitaine\/haute-vienne-87\/aixe-sur-vienne\\\u00a0\u00bb,\\\u00a0\u00bbtitle\\\u00a0\u00bb:\\\u00a0\u00bbAixe-sur-Vienne\\\u00a0\u00bb},{\\\u00a0\u00bbpath\\\u00a0\u00bb:\\\u00a0\u00bb\/nouvelle-aquitaine\/haute-vienne-87\/couzeix\\\u00a0\u00bb,\\\u00a0\u00bbtitle\\\u00a0\u00bb:\\\u00a0\u00bbCouzeix\\\u00a0\u00bb},{\\\u00a0\u00bbpath\\\u00a0\u00bb:\\\u00a0\u00bb\/nouvelle-aquitaine\/haute-vienne-87\/feytiat\\\u00a0\u00bb,\\\u00a0\u00bbtitle\\\u00a0\u00bb:\\\u00a0\u00bbFeytiat\\\u00a0\u00bb},{\\\u00a0\u00bbpath\\\u00a0\u00bb:\\\u00a0\u00bb\/nouvelle-aquitaine\/haute-vienne-87\/isle\\\u00a0\u00bb,\\\u00a0\u00bbtitle\\\u00a0\u00bb:\\\u00a0\u00bbIsle\\\u00a0\u00bb},{\\\u00a0\u00bbpath\\\u00a0\u00bb:\\\u00a0\u00bb\/nouvelle-aquitaine\/haute-vienne-87\/limoges\\\u00a0\u00bb,\\\u00a0\u00bbtitle\\\u00a0\u00bb:\\\u00a0\u00bbLimoges\\\u00a0\u00bb},{\\\u00a0\u00bbpath\\\u00a0\u00bb:\\\u00a0\u00bb\/nouvelle-aquitaine\/haute-vienne-87\/panazol\\\u00a0\u00bb,\\\u00a0\u00bbtitle\\\u00a0\u00bb:\\\u00a0\u00bbPanazol\\\u00a0\u00bb},{\\\u00a0\u00bbpath\\\u00a0\u00bb:\\\u00a0\u00bb\/nouvelle-aquitaine\/haute-vienne-87\/saint-junien\\\u00a0\u00bb,\\\u00a0\u00bbtitle\\\u00a0\u00bb:\\\u00a0\u00bbSaint-Junien\\\u00a0\u00bb},{\\\u00a0\u00bbpath\\\u00a0\u00bb:\\\u00a0\u00bb\/nouvelle-aquitaine\/haute-vienne-87\/saint-yrieix-la-perche\\\u00a0\u00bb,\\\u00a0\u00bbtitle\\\u00a0\u00bb:\\\u00a0\u00bbSaint-Yrieix-la-Perche\\\u00a0\u00bb},{\\\u00a0\u00bbpath\\\u00a0\u00bb:\\\u00a0\u00bb\/nouvelle-aquitaine\/haute-vienne-87\/ambazac\\\u00a0\u00bb,\\\u00a0\u00bbtitle\\\u00a0\u00bb:\\\u00a0\u00bbAmbazac\\\u00a0\u00bb},{\\\u00a0\u00bbpath\\\u00a0\u00bb:\\\u00a0\u00bb\/nouvelle-aquitaine\/haute-vienne-87\/palais-sur-vienne\\\u00a0\u00bb,\\\u00a0\u00bbtitle\\\u00a0\u00bb:\\\u00a0\u00bbLe Palais-sur-Vienne\\\u00a0\u00bb}]},{\\\u00a0\u00bbslug\\\u00a0\u00bb:\\\u00a0\u00bblandes-40\\\u00a0\u00bb,\\\u00a0\u00bbtitle\\\u00a0\u00bb:\\\u00a0\u00bbLandes\\\u00a0\u00bb,\\\u00a0\u00bbtitleArticle\\\u00a0\u00bb:\\\u00a0\u00bbdes \\\u00a0\u00bb,\\\u00a0\u00bblocale\\\u00a0\u00bb:{\\\u00a0\u00bbmain\\\u00a0\u00bb:\\\u00a0\u00bbgascogne\\\u00a0\u00bb,\\\u00a0\u00bbnearest\\\u00a0\u00bb:[]},\\\u00a0\u00bbnearestDepartment\\\u00a0\u00bb:[\\\u00a0\u00bbgironde-33\\\u00a0\u00bb,\\\u00a0\u00bblot-et-garonne-47\\\u00a0\u00bb,\\\u00a0\u00bbgers-32\\\u00a0\u00bb,\\\u00a0\u00bbpyrenees-atlantiques-64\\\u00a0\u00bb],\\\u00a0\u00bbcities\\\u00a0\u00bb:[{\\\u00a0\u00bbpath\\\u00a0\u00bb:\\\u00a0\u00bb\/nouvelle-aquitaine\/landes-40\/biscarrosse\\\u00a0\u00bb,\\\u00a0\u00bbtitle\\\u00a0\u00bb:\\\u00a0\u00bbBiscarrosse\\\u00a0\u00bb},{\\\u00a0\u00bbpath\\\u00a0\u00bb:\\\u00a0\u00bb\/nouvelle-aquitaine\/landes-40\/capbreton\\\u00a0\u00bb,\\\u00a0\u00bbtitle\\\u00a0\u00bb:\\\u00a0\u00bbCapbreton\\\u00a0\u00bb},{\\\u00a0\u00bbpath\\\u00a0\u00bb:\\\u00a0\u00bb\/nouvelle-aquitaine\/landes-40\/dax\\\u00a0\u00bb,\\\u00a0\u00bbtitle\\\u00a0\u00bb:\\\u00a0\u00bbDax\\\u00a0\u00bb},{\\\u00a0\u00bbpath\\\u00a0\u00bb:\\\u00a0\u00bb\/nouvelle-aquitaine\/landes-40\/mont-de-marsan\\\u00a0\u00bb,\\\u00a0\u00bbtitle\\\u00a0\u00bb:\\\u00a0\u00bbMont-de-Marsan\\\u00a0\u00bb},{\\\u00a0\u00bbpath\\\u00a0\u00bb:\\\u00a0\u00bb\/nouvelle-aquitaine\/landes-40\/saint-paul-les-dax\\\u00a0\u00bb,\\\u00a0\u00bbtitle\\\u00a0\u00bb:\\\u00a0\u00bbSaint-Paul-l\u00e8s-Dax\\\u00a0\u00bb},{\\\u00a0\u00bbpath\\\u00a0\u00bb:\\\u00a0\u00bb\/nouvelle-aquitaine\/landes-40\/saint-pierre-du-mont\\\u00a0\u00bb,\\\u00a0\u00bbtitle\\\u00a0\u00bb:\\\u00a0\u00bbSaint-Pierre-du-Mont\\\u00a0\u00bb},{\\\u00a0\u00bbpath\\\u00a0\u00bb:\\\u00a0\u00bb\/nouvelle-aquitaine\/landes-40\/saint-vincent-de-tyrosse\\\u00a0\u00bb,\\\u00a0\u00bbtitle\\\u00a0\u00bb:\\\u00a0\u00bbSaint-Vincent-de-Tyrosse\\\u00a0\u00bb},{\\\u00a0\u00bbpath\\\u00a0\u00bb:\\\u00a0\u00bb\/nouvelle-aquitaine\/landes-40\/soustons\\\u00a0\u00bb,\\\u00a0\u00bbtitle\\\u00a0\u00bb:\\\u00a0\u00bbSoustons\\\u00a0\u00bb},{\\\u00a0\u00bbpath\\\u00a0\u00bb:\\\u00a0\u00bb\/nouvelle-aquitaine\/landes-40\/tarnos\\\u00a0\u00bb,\\\u00a0\u00bbtitle\\\u00a0\u00bb:\\\u00a0\u00bbTarnos\\\u00a0\u00bb},{\\\u00a0\u00bbpath\\\u00a0\u00bb:\\\u00a0\u00bb\/nouvelle-aquitaine\/landes-40\/mimizan\\\u00a0\u00bb,\\\u00a0\u00bbtitle\\\u00a0\u00bb:\\\u00a0\u00bbMimizan\\\u00a0\u00bb}]},{\\\u00a0\u00bbslug\\\u00a0\u00bb:\\\u00a0\u00bblot-et-garonne-47\\\u00a0\u00bb,\\\u00a0\u00bbtitle\\\u00a0\u00bb:\\\u00a0\u00bbLot-et-Garonne\\\u00a0\u00bb,\\\u00a0\u00bbtitleArticle\\\u00a0\u00bb:\\\u00a0\u00bbdu \\\u00a0\u00bb,\\\u00a0\u00bbtitleHtml\\\u00a0\u00bb:\\\u00a0\u00bbLot-et\u2011Garonne\\\u00a0\u00bb,\\\u00a0\u00bblocale\\\u00a0\u00bb:{\\\u00a0\u00bbnearest\\\u00a0\u00bb:[\\\u00a0\u00bbgironde\\\u00a0\u00bb,\\\u00a0\u00bbtoulouse\\\u00a0\u00bb]},\\\u00a0\u00bbnearestDepartment\\\u00a0\u00bb:[\\\u00a0\u00bbgironde-33\\\u00a0\u00bb,\\\u00a0\u00bbdordogne-24\\\u00a0\u00bb,\\\u00a0\u00bblot-46\\\u00a0\u00bb,\\\u00a0\u00bbtarn-et-garonne-82\\\u00a0\u00bb,\\\u00a0\u00bbgers-32\\\u00a0\u00bb,\\\u00a0\u00bblandes-40\\\u00a0\u00bb],\\\u00a0\u00bbcities\\\u00a0\u00bb:[{\\\u00a0\u00bbpath\\\u00a0\u00bb:\\\u00a0\u00bb\/nouvelle-aquitaine\/lot-et-garonne-47\/agen\\\u00a0\u00bb,\\\u00a0\u00bbtitle\\\u00a0\u00bb:\\\u00a0\u00bbAgen\\\u00a0\u00bb},{\\\u00a0\u00bbpath\\\u00a0\u00bb:\\\u00a0\u00bb\/nouvelle-aquitaine\/lot-et-garonne-47\/bon-encontre\\\u00a0\u00bb,\\\u00a0\u00bbtitle\\\u00a0\u00bb:\\\u00a0\u00bbBon-Encontre\\\u00a0\u00bb},{\\\u00a0\u00bbpath\\\u00a0\u00bb:\\\u00a0\u00bb\/nouvelle-aquitaine\/lot-et-garonne-47\/boe\\\u00a0\u00bb,\\\u00a0\u00bbtitle\\\u00a0\u00bb:\\\u00a0\u00bbBo\u00e9\\\u00a0\u00bb},{\\\u00a0\u00bbpath\\\u00a0\u00bb:\\\u00a0\u00bb\/nouvelle-aquitaine\/lot-et-garonne-47\/marmande\\\u00a0\u00bb,\\\u00a0\u00bbtitle\\\u00a0\u00bb:\\\u00a0\u00bbMarmande\\\u00a0\u00bb},{\\\u00a0\u00bbpath\\\u00a0\u00bb:\\\u00a0\u00bb\/nouvelle-aquitaine\/lot-et-garonne-47\/nerac\\\u00a0\u00bb,\\\u00a0\u00bbtitle\\\u00a0\u00bb:\\\u00a0\u00bbN\u00e9rac\\\u00a0\u00bb},{\\\u00a0\u00bbpath\\\u00a0\u00bb:\\\u00a0\u00bb\/nouvelle-aquitaine\/lot-et-garonne-47\/sainte-livrade-sur-lot\\\u00a0\u00bb,\\\u00a0\u00bbtitle\\\u00a0\u00bb:\\\u00a0\u00bbSainte-Livrade-sur-Lot\\\u00a0\u00bb},{\\\u00a0\u00bbpath\\\u00a0\u00bb:\\\u00a0\u00bb\/nouvelle-aquitaine\/lot-et-garonne-47\/tonneins\\\u00a0\u00bb,\\\u00a0\u00bbtitle\\\u00a0\u00bb:\\\u00a0\u00bbTonneins\\\u00a0\u00bb},{\\\u00a0\u00bbpath\\\u00a0\u00bb:\\\u00a0\u00bb\/nouvelle-aquitaine\/lot-et-garonne-47\/villeneuve-sur-lot\\\u00a0\u00bb,\\\u00a0\u00bbtitle\\\u00a0\u00bb:\\\u00a0\u00bbVilleneuve-sur-Lot\\\u00a0\u00bb},{\\\u00a0\u00bbpath\\\u00a0\u00bb:\\\u00a0\u00bb\/nouvelle-aquitaine\/lot-et-garonne-47\/foulayronnes\\\u00a0\u00bb,\\\u00a0\u00bbtitle\\\u00a0\u00bb:\\\u00a0\u00bbFoulayronnes\\\u00a0\u00bb},{\\\u00a0\u00bbpath\\\u00a0\u00bb:\\\u00a0\u00bb\/nouvelle-aquitaine\/lot-et-garonne-47\/passage\\\u00a0\u00bb,\\\u00a0\u00bbtitle\\\u00a0\u00bb:\\\u00a0\u00bbLe Passage\\\u00a0\u00bb}]},{\\\u00a0\u00bbslug\\\u00a0\u00bb:\\\u00a0\u00bbpyrenees-atlantiques-64\\\u00a0\u00bb,\\\u00a0\u00bbtitle\\\u00a0\u00bb:\\\u00a0\u00bbPyr\u00e9n\u00e9es-Atlantiques\\\u00a0\u00bb,\\\u00a0\u00bbtitleArticle\\\u00a0\u00bb:\\\u00a0\u00bbdes \\\u00a0\u00bb,\\\u00a0\u00bblocale\\\u00a0\u00bb:{\\\u00a0\u00bbmain\\\u00a0\u00bb:\\\u00a0\u00bbbearn\\\u00a0\u00bb,\\\u00a0\u00bbnearest\\\u00a0\u00bb:[\\\u00a0\u00bbpays-basque\\\u00a0\u00bb]},\\\u00a0\u00bbnearestDepartment\\\u00a0\u00bb:[\\\u00a0\u00bblandes-40\\\u00a0\u00bb,\\\u00a0\u00bbgers-32\\\u00a0\u00bb,\\\u00a0\u00bbhautes-pyrenees-65\\\u00a0\u00bb],\\\u00a0\u00bbcities\\\u00a0\u00bb:[{\\\u00a0\u00bbpath\\\u00a0\u00bb:\\\u00a0\u00bb\/nouvelle-aquitaine\/pyrenees-atlantiques-64\/anglet\\\u00a0\u00bb,\\\u00a0\u00bbtitle\\\u00a0\u00bb:\\\u00a0\u00bbAnglet\\\u00a0\u00bb},{\\\u00a0\u00bbpath\\\u00a0\u00bb:\\\u00a0\u00bb\/nouvelle-aquitaine\/pyrenees-atlantiques-64\/bayonne\\\u00a0\u00bb,\\\u00a0\u00bbtitle\\\u00a0\u00bb:\\\u00a0\u00bbBayonne\\\u00a0\u00bb},{\\\u00a0\u00bbpath\\\u00a0\u00bb:\\\u00a0\u00bb\/nouvelle-aquitaine\/pyrenees-atlantiques-64\/biarritz\\\u00a0\u00bb,\\\u00a0\u00bbtitle\\\u00a0\u00bb:\\\u00a0\u00bbBiarritz\\\u00a0\u00bb},{\\\u00a0\u00bbpath\\\u00a0\u00bb:\\\u00a0\u00bb\/nouvelle-aquitaine\/pyrenees-atlantiques-64\/billere\\\u00a0\u00bb,\\\u00a0\u00bbtitle\\\u00a0\u00bb:\\\u00a0\u00bbBill\u00e8re\\\u00a0\u00bb},{\\\u00a0\u00bbpath\\\u00a0\u00bb:\\\u00a0\u00bb\/nouvelle-aquitaine\/pyrenees-atlantiques-64\/hendaye\\\u00a0\u00bb,\\\u00a0\u00bbtitle\\\u00a0\u00bb:\\\u00a0\u00bbHendaye\\\u00a0\u00bb},{\\\u00a0\u00bbpath\\\u00a0\u00bb:\\\u00a0\u00bb\/nouvelle-aquitaine\/pyrenees-atlantiques-64\/lons\\\u00a0\u00bb,\\\u00a0\u00bbtitle\\\u00a0\u00bb:\\\u00a0\u00bbLons\\\u00a0\u00bb},{\\\u00a0\u00bbpath\\\u00a0\u00bb:\\\u00a0\u00bb\/nouvelle-aquitaine\/pyrenees-atlantiques-64\/oloron-sainte-marie\\\u00a0\u00bb,\\\u00a0\u00bbtitle\\\u00a0\u00bb:\\\u00a0\u00bbOloron-Sainte-Marie\\\u00a0\u00bb},{\\\u00a0\u00bbpath\\\u00a0\u00bb:\\\u00a0\u00bb\/nouvelle-aquitaine\/pyrenees-atlantiques-64\/pau\\\u00a0\u00bb,\\\u00a0\u00bbtitle\\\u00a0\u00bb:\\\u00a0\u00bbPau\\\u00a0\u00bb},{\\\u00a0\u00bbpath\\\u00a0\u00bb:\\\u00a0\u00bb\/nouvelle-aquitaine\/pyrenees-atlantiques-64\/saint-jean-de-luz\\\u00a0\u00bb,\\\u00a0\u00bbtitle\\\u00a0\u00bb:\\\u00a0\u00bbSaint-Jean-de-Luz\\\u00a0\u00bb},{\\\u00a0\u00bbpath\\\u00a0\u00bb:\\\u00a0\u00bb\/nouvelle-aquitaine\/pyrenees-atlantiques-64\/orthez\\\u00a0\u00bb,\\\u00a0\u00bbtitle\\\u00a0\u00bb:\\\u00a0\u00bbOrthez\\\u00a0\u00bb}]},{\\\u00a0\u00bbslug\\\u00a0\u00bb:\\\u00a0\u00bbvienne-86\\\u00a0\u00bb,\\\u00a0\u00bbtitle\\\u00a0\u00bb:\\\u00a0\u00bbVienne\\\u00a0\u00bb,\\\u00a0\u00bbtitleArticle\\\u00a0\u00bb:\\\u00a0\u00bbde \\\u00a0\u00bb,\\\u00a0\u00bblocale\\\u00a0\u00bb:{\\\u00a0\u00bbmain\\\u00a0\u00bb:\\\u00a0\u00bbpoitou\\\u00a0\u00bb,\\\u00a0\u00bbnearest\\\u00a0\u00bb:[]},\\\u00a0\u00bbnearestDepartment\\\u00a0\u00bb:[\\\u00a0\u00bbmaine-et-loire-49\\\u00a0\u00bb,\\\u00a0\u00bbindre-et-loire-37\\\u00a0\u00bb,\\\u00a0\u00bbindre-36\\\u00a0\u00bb,\\\u00a0\u00bbhaute-vienne-87\\\u00a0\u00bb,\\\u00a0\u00bbcharente-16\\\u00a0\u00bb,\\\u00a0\u00bbdeux-sevres-79\\\u00a0\u00bb],\\\u00a0\u00bbcities\\\u00a0\u00bb:[{\\\u00a0\u00bbpath\\\u00a0\u00bb:\\\u00a0\u00bb\/nouvelle-aquitaine\/vienne-86\/buxerolles\\\u00a0\u00bb,\\\u00a0\u00bbtitle\\\u00a0\u00bb:\\\u00a0\u00bbBuxerolles\\\u00a0\u00bb},{\\\u00a0\u00bbpath\\\u00a0\u00bb:\\\u00a0\u00bb\/nouvelle-aquitaine\/vienne-86\/chauvigny\\\u00a0\u00bb,\\\u00a0\u00bbtitle\\\u00a0\u00bb:\\\u00a0\u00bbChauvigny\\\u00a0\u00bb},{\\\u00a0\u00bbpath\\\u00a0\u00bb:\\\u00a0\u00bb\/nouvelle-aquitaine\/vienne-86\/chatellerault\\\u00a0\u00bb,\\\u00a0\u00bbtitle\\\u00a0\u00bb:\\\u00a0\u00bbCh\u00e2tellerault\\\u00a0\u00bb},{\\\u00a0\u00bbpath\\\u00a0\u00bb:\\\u00a0\u00bb\/nouvelle-aquitaine\/vienne-86\/jaunay-marigny\\\u00a0\u00bb,\\\u00a0\u00bbtitle\\\u00a0\u00bb:\\\u00a0\u00bbJaunay-Marigny\\\u00a0\u00bb},{\\\u00a0\u00bbpath\\\u00a0\u00bb:\\\u00a0\u00bb\/nouvelle-aquitaine\/vienne-86\/loudun\\\u00a0\u00bb,\\\u00a0\u00bbtitle\\\u00a0\u00bb:\\\u00a0\u00bbLoudun\\\u00a0\u00bb},{\\\u00a0\u00bbpath\\\u00a0\u00bb:\\\u00a0\u00bb\/nouvelle-aquitaine\/vienne-86\/migne-auxances\\\u00a0\u00bb,\\\u00a0\u00bbtitle\\\u00a0\u00bb:\\\u00a0\u00bbMign\u00e9-Auxances\\\u00a0\u00bb},{\\\u00a0\u00bbpath\\\u00a0\u00bb:\\\u00a0\u00bb\/nouvelle-aquitaine\/vienne-86\/montmorillon\\\u00a0\u00bb,\\\u00a0\u00bbtitle\\\u00a0\u00bb:\\\u00a0\u00bbMontmorillon\\\u00a0\u00bb},{\\\u00a0\u00bbpath\\\u00a0\u00bb:\\\u00a0\u00bb\/nouvelle-aquitaine\/vienne-86\/poitiers\\\u00a0\u00bb,\\\u00a0\u00bbtitle\\\u00a0\u00bb:\\\u00a0\u00bbPoitiers\\\u00a0\u00bb},{\\\u00a0\u00bbpath\\\u00a0\u00bb:\\\u00a0\u00bb\/nouvelle-aquitaine\/vienne-86\/saint-benoit\\\u00a0\u00bb,\\\u00a0\u00bbtitle\\\u00a0\u00bb:\\\u00a0\u00bbSaint-Beno\u00eet\\\u00a0\u00bb},{\\\u00a0\u00bbpath\\\u00a0\u00bb:\\\u00a0\u00bb\/nouvelle-aquitaine\/vienne-86\/naintre\\\u00a0\u00bb,\\\u00a0\u00bbtitle\\\u00a0\u00bb:\\\u00a0\u00bbNaintr\u00e9\\\u00a0\u00bb}]}],\\\u00a0\u00bbtitleArticle\\\u00a0\u00bb:\\\u00a0\u00bbde \\\u00a0\u00bb,\\\u00a0\u00bbnearestRegion\\\u00a0\u00bb:[\\\u00a0\u00bbpays-de-la-loire\\\u00a0\u00bb,\\\u00a0\u00bbcentre-val-de-loire\\\u00a0\u00bb,\\\u00a0\u00bbauvergne-rhone-alpes\\\u00a0\u00bb,\\\u00a0\u00bboccitanie\\\u00a0\u00bb],\\\u00a0\u00bbnearestLocales\\\u00a0\u00bb:[\\\u00a0\u00bbla-rochelle\\\u00a0\u00bb,\\\u00a0\u00bbcreuse\\\u00a0\u00bb,\\\u00a0\u00bbperigord\\\u00a0\u00bb,\\\u00a0\u00bbgironde\\\u00a0\u00bb,\\\u00a0\u00bblimousin\\\u00a0\u00bb,\\\u00a0\u00bbgascogne\\\u00a0\u00bb,\\\u00a0\u00bbpays-basque\\\u00a0\u00bb,\\\u00a0\u00bbbearn\\\u00a0\u00bb,\\\u00a0\u00bbpoitou\\\u00a0\u00bb]},\\\u00a0\u00bbdepartment\\\u00a0\u00bb:{\\\u00a0\u00bbslug\\\u00a0\u00bb:\\\u00a0\u00bbgironde-33\\\u00a0\u00bb,\\\u00a0\u00bbtitle\\\u00a0\u00bb:\\\u00a0\u00bbGironde\\\u00a0\u00bb,\\\u00a0\u00bbtitleArticle\\\u00a0\u00bb:\\\u00a0\u00bbde \\\u00a0\u00bb,\\\u00a0\u00bblocale\\\u00a0\u00bb:{\\\u00a0\u00bbmain\\\u00a0\u00bb:\\\u00a0\u00bbgironde\\\u00a0\u00bb,\\\u00a0\u00bbnearest\\\u00a0\u00bb:[]},\\\u00a0\u00bbnearestDepartment\\\u00a0\u00bb:[\\\u00a0\u00bbcharente-maritime-17\\\u00a0\u00bb,\\\u00a0\u00bbdordogne-24\\\u00a0\u00bb,\\\u00a0\u00bblot-et-garonne-47\\\u00a0\u00bb,\\\u00a0\u00bblandes-40\\\u00a0\u00bb],\\\u00a0\u00bbcities\\\u00a0\u00bb:[{\\\u00a0\u00bbpath\\\u00a0\u00bb:\\\u00a0\u00bb\/nouvelle-aquitaine\/gironde-33\/bordeaux\\\u00a0\u00bb,\\\u00a0\u00bbtitle\\\u00a0\u00bb:\\\u00a0\u00bbBordeaux\\\u00a0\u00bb},{\\\u00a0\u00bbpath\\\u00a0\u00bb:\\\u00a0\u00bb\/nouvelle-aquitaine\/gironde-33\/begles\\\u00a0\u00bb,\\\u00a0\u00bbtitle\\\u00a0\u00bb:\\\u00a0\u00bbB\u00e8gles\\\u00a0\u00bb},{\\\u00a0\u00bbpath\\\u00a0\u00bb:\\\u00a0\u00bb\/nouvelle-aquitaine\/gironde-33\/gradignan\\\u00a0\u00bb,\\\u00a0\u00bbtitle\\\u00a0\u00bb:\\\u00a0\u00bbGradignan\\\u00a0\u00bb},{\\\u00a0\u00bbpath\\\u00a0\u00bb:\\\u00a0\u00bb\/nouvelle-aquitaine\/gironde-33\/merignac\\\u00a0\u00bb,\\\u00a0\u00bbtitle\\\u00a0\u00bb:\\\u00a0\u00bbM\u00e9rignac\\\u00a0\u00bb},{\\\u00a0\u00bbpath\\\u00a0\u00bb:\\\u00a0\u00bb\/nouvelle-aquitaine\/gironde-33\/pessac\\\u00a0\u00bb,\\\u00a0\u00bbtitle\\\u00a0\u00bb:\\\u00a0\u00bbPessac\\\u00a0\u00bb},{\\\u00a0\u00bbpath\\\u00a0\u00bb:\\\u00a0\u00bb\/nouvelle-aquitaine\/gironde-33\/saint-medard-en-jalles\\\u00a0\u00bb,\\\u00a0\u00bbtitle\\\u00a0\u00bb:\\\u00a0\u00bbSaint-M\u00e9dard-en-Jalles\\\u00a0\u00bb},{\\\u00a0\u00bbpath\\\u00a0\u00bb:\\\u00a0\u00bb\/nouvelle-aquitaine\/gironde-33\/talence\\\u00a0\u00bb,\\\u00a0\u00bbtitle\\\u00a0\u00bb:\\\u00a0\u00bbTalence\\\u00a0\u00bb},{\\\u00a0\u00bbpath\\\u00a0\u00bb:\\\u00a0\u00bb\/nouvelle-aquitaine\/gironde-33\/villenave-dornon\\\u00a0\u00bb,\\\u00a0\u00bbtitle\\\u00a0\u00bb:\\\u00a0\u00bbVillenave-d&rsquo;Ornon\\\u00a0\u00bb},{\\\u00a0\u00bbpath\\\u00a0\u00bb:\\\u00a0\u00bb\/nouvelle-aquitaine\/gironde-33\/libourne\\\u00a0\u00bb,\\\u00a0\u00bbtitle\\\u00a0\u00bb:\\\u00a0\u00bbLibourne\\\u00a0\u00bb},{\\\u00a0\u00bbpath\\\u00a0\u00bb:\\\u00a0\u00bb\/nouvelle-aquitaine\/gironde-33\/teste-de-buch\\\u00a0\u00bb,\\\u00a0\u00bbtitle\\\u00a0\u00bb:\\\u00a0\u00bbLa Teste-de-Buch\\\u00a0\u00bb}],\\\u00a0\u00bbregionSlug\\\u00a0\u00bb:\\\u00a0\u00bbnouvelle-aquitaine\\\u00a0\u00bb},\\\u00a0\u00bbcity\\\u00a0\u00bb:{\\\u00a0\u00bbtitle\\\u00a0\u00bb:\\\u00a0\u00bbBordeaux\\\u00a0\u00bb,\\\u00a0\u00bbslug\\\u00a0\u00bb:\\\u00a0\u00bbbordeaux\\\u00a0\u00bb,\\\u00a0\u00bbinseeCode\\\u00a0\u00bb:\\\u00a0\u00bb33063\\\u00a0\u00bb}}],\\\u00a0\u00bbeditorialInfo\\\u00a0\u00bb:{\\\u00a0\u00bbstrPublishedDate\\\u00a0\u00bb:\\\u00a0\u00bbmercredi 14 janvier 2026 \u00e0 7:49\\\u00a0\u00bb,\\\u00a0\u00bbpublishedDateISOString\\\u00a0\u00bb:\\\u00a0\u00bb2026-01-14T06:49:43.000Z\\\u00a0\u00bb,\\\u00a0\u00bbstrManualUpdate\\\u00a0\u00bb:null,\\\u00a0\u00bbmanualUpdateISOString\\\u00a0\u00bb:null,\\\u00a0\u00bbauthors\\\u00a0\u00bb:[{\\\u00a0\u00bbtitle\\\u00a0\u00bb:\\\u00a0\u00bbNicolas Fauveau\\\u00a0\u00bb,\\\u00a0\u00bbpath\\\u00a0\u00bb:\\\u00a0\u00bbles-equipes\/nicolas-fauveau\\\u00a0\u00bb,\\\u00a0\u00bbvisual\\\u00a0\u00bb:{\\\u00a0\u00bbid\\\u00a0\u00bb:\\\u00a0\u00bb8b1b4fc0-f28f-4ba1-bb5d-8c64b83fa1cb\\\u00a0\u00bb,\\\u00a0\u00bbpreview\\\u00a0\u00bb:\\\u00a0\u00bb\/9j\/2wBDACgcHiMeGSgjISMtKygwPGRBPDc3PHtYXUlkkYCZlo+AjIqgtObDoKrarYqMyP\/L2u71\/\/\/\/m8H\/\/\/\/6\/+b9\/\/j\/2wBDASstLTw1PHZBQXb4pYyl+Pj4+Pj4+Pj4+Pj4+Pj4+Pj4+Pj4+Pj4+Pj4+Pj4+Pj4+Pj4+Pj4+Pj4+Pj4+Pj4+Pj\/wAARCAAXACoDASIAAhEBAxEB\/8QAGQAAAwEBAQAAAAAAAAAAAAAAAAIDBAEF\/8QAGhABAQEBAAMAAAAAAAAAAAAAAAIBEhETIf\/EABUBAQEAAAAAAAAAAAAAAAAAAAAB\/8QAFBEBAAAAAAAAAAAAAAAAAAAAAP\/aAAwDAQACEQMRAD8A9PdJtOVSNWCvbuUzew02K1ZpvKE0p0IhdM92Aojt\/TzYCK0RSvQAj\/\/Z\\\u00a0\u00bb}}]}}},\\\u00a0\u00bbdisplay\\\u00a0\u00bb:{\\\u00a0\u00bbhighBanner\\\u00a0\u00bb:true}}\u00a0\u00bb}<\/p>\n","protected":false},"excerpt":{"rendered":"Saut d\u2019obstacles, \u00e9l\u00e9gance et \u00e9motions\u00a0! Le Jumping international de Bordeaux se d\u00e9roule au Parc des expositions de Bordeaux-Lac&hellip;\n","protected":false},"author":2,"featured_media":662529,"comment_status":"","ping_status":"","sticky":false,"template":"","format":"standard","meta":{"footnotes":""},"categories":[2817],"tags":[1111,11,1997,1777,674,1011,27,12,2219,25],"class_list":{"0":"post-662528","1":"post","2":"type-post","3":"status-publish","4":"format-standard","5":"has-post-thumbnail","7":"category-bordeaux","8":"tag-actu","9":"tag-actualites","10":"tag-bordeaux","11":"tag-eu","12":"tag-europe","13":"tag-fr","14":"tag-france","15":"tag-news","16":"tag-nouvelle-aquitaine","17":"tag-republique-francaise"},"share_on_mastodon":{"url":"https:\/\/pubeurope.com\/@fr\/115892567704923461","error":""},"_links":{"self":[{"href":"https:\/\/www.europesays.com\/fr\/wp-json\/wp\/v2\/posts\/662528","targetHints":{"allow":["GET"]}}],"collection":[{"href":"https:\/\/www.europesays.com\/fr\/wp-json\/wp\/v2\/posts"}],"about":[{"href":"https:\/\/www.europesays.com\/fr\/wp-json\/wp\/v2\/types\/post"}],"author":[{"embeddable":true,"href":"https:\/\/www.europesays.com\/fr\/wp-json\/wp\/v2\/users\/2"}],"replies":[{"embeddable":true,"href":"https:\/\/www.europesays.com\/fr\/wp-json\/wp\/v2\/comments?post=662528"}],"version-history":[{"count":0,"href":"https:\/\/www.europesays.com\/fr\/wp-json\/wp\/v2\/posts\/662528\/revisions"}],"wp:featuredmedia":[{"embeddable":true,"href":"https:\/\/www.europesays.com\/fr\/wp-json\/wp\/v2\/media\/662529"}],"wp:attachment":[{"href":"https:\/\/www.europesays.com\/fr\/wp-json\/wp\/v2\/media?parent=662528"}],"wp:term":[{"taxonomy":"category","embeddable":true,"href":"https:\/\/www.europesays.com\/fr\/wp-json\/wp\/v2\/categories?post=662528"},{"taxonomy":"post_tag","embeddable":true,"href":"https:\/\/www.europesays.com\/fr\/wp-json\/wp\/v2\/tags?post=662528"}],"curies":[{"name":"wp","href":"https:\/\/api.w.org\/{rel}","templated":true}]}}