{"id":66253,"date":"2025-05-01T06:27:08","date_gmt":"2025-05-01T06:27:08","guid":{"rendered":"https:\/\/www.europesays.com\/fr\/66253\/"},"modified":"2025-05-01T06:27:08","modified_gmt":"2025-05-01T06:27:08","slug":"oqtf-interpelle-avec-un-cutter-dans-une-synagogue-pres-de-lyon-un-simple-cambriolage","status":"publish","type":"post","link":"https:\/\/www.europesays.com\/fr\/66253\/","title":{"rendered":"OQTF interpell\u00e9 avec un cutter dans une synagogue pr\u00e8s de Lyon : un simple cambriolage ?"},"content":{"rendered":"<p>OQTF interpell\u00e9 avec un cutter dans une synagogue pr\u00e8s de Lyon : un simple cambriolage ? &#8211; LyonMag<\/p>\n<p>L&rsquo;homme interpell\u00e9 dans la nuit de mardi \u00e0 mercredi dans la synagogue de Caluire-et-Cuire ne serait qu&rsquo;un cambrioleur.<\/p>\n<p>Dans un premier temps, les \u00e9l\u00e9ments communiqu\u00e9s pouvaient laisser craindre \u00e0 un acte plus grave. Car l&rsquo;individu ma\u00eetris\u00e9 par les b\u00e9n\u00e9voles du lieu de culte \u00e9tait un migrant sous OQTF arm\u00e9 d&rsquo;un cutter.<\/p>\n<p>Ce SDF de nationalit\u00e9 arm\u00e9nienne avait visiblement forc\u00e9 la porte de la synagogue dans l&rsquo;optique d&rsquo;y trouver des objets \u00e0 voler.<\/p>\n<p>Il a \u00e9t\u00e9 plac\u00e9 en garde \u00e0 vue, l&rsquo;enqu\u00eate se poursuit.<\/p>\n","protected":false},"excerpt":{"rendered":"OQTF interpell\u00e9 avec un cutter dans une synagogue pr\u00e8s de Lyon : un simple cambriolage ? &#8211; LyonMag&hellip;\n","protected":false},"author":2,"featured_media":66254,"comment_status":"","ping_status":"","sticky":false,"template":"","format":"standard","meta":{"footnotes":""},"categories":[1889],"tags":[1111,11,2813,2190,2430,1109,251,1112,2811,1777,674,118,1011,27,1922,1110,1114,2428,2810,12,241,316,25,2812,517,800],"class_list":{"0":"post-66253","1":"post","2":"type-post","3":"status-publish","4":"format-standard","5":"has-post-thumbnail","7":"category-lyon","8":"tag-actu","9":"tag-actualites","10":"tag-article","11":"tag-asvel","12":"tag-auvergne-rhone-alpes","13":"tag-breves","14":"tag-culture","15":"tag-depeches","16":"tag-economique","17":"tag-eu","18":"tag-europe","19":"tag-faits-divers","20":"tag-fr","21":"tag-france","22":"tag-info","23":"tag-informations","24":"tag-infos","25":"tag-lyon","26":"tag-lyonmag","27":"tag-news","28":"tag-ol","29":"tag-politique","30":"tag-republique-francaise","31":"tag-sociale","32":"tag-sport","33":"tag-transports"},"share_on_mastodon":{"url":"https:\/\/pubeurope.com\/@fr\/114431160667671683","error":""},"_links":{"self":[{"href":"https:\/\/www.europesays.com\/fr\/wp-json\/wp\/v2\/posts\/66253","targetHints":{"allow":["GET"]}}],"collection":[{"href":"https:\/\/www.europesays.com\/fr\/wp-json\/wp\/v2\/posts"}],"about":[{"href":"https:\/\/www.europesays.com\/fr\/wp-json\/wp\/v2\/types\/post"}],"author":[{"embeddable":true,"href":"https:\/\/www.europesays.com\/fr\/wp-json\/wp\/v2\/users\/2"}],"replies":[{"embeddable":true,"href":"https:\/\/www.europesays.com\/fr\/wp-json\/wp\/v2\/comments?post=66253"}],"version-history":[{"count":0,"href":"https:\/\/www.europesays.com\/fr\/wp-json\/wp\/v2\/posts\/66253\/revisions"}],"wp:featuredmedia":[{"embeddable":true,"href":"https:\/\/www.europesays.com\/fr\/wp-json\/wp\/v2\/media\/66254"}],"wp:attachment":[{"href":"https:\/\/www.europesays.com\/fr\/wp-json\/wp\/v2\/media?parent=66253"}],"wp:term":[{"taxonomy":"category","embeddable":true,"href":"https:\/\/www.europesays.com\/fr\/wp-json\/wp\/v2\/categories?post=66253"},{"taxonomy":"post_tag","embeddable":true,"href":"https:\/\/www.europesays.com\/fr\/wp-json\/wp\/v2\/tags?post=66253"}],"curies":[{"name":"wp","href":"https:\/\/api.w.org\/{rel}","templated":true}]}}