{"id":662530,"date":"2026-01-14T08:43:12","date_gmt":"2026-01-14T08:43:12","guid":{"rendered":"https:\/\/www.europesays.com\/fr\/662530\/"},"modified":"2026-01-14T08:43:12","modified_gmt":"2026-01-14T08:43:12","slug":"des-kilometres-de-bouchons-au-sud-de-toulouse-ce-mercredi","status":"publish","type":"post","link":"https:\/\/www.europesays.com\/fr\/662530\/","title":{"rendered":"des kilom\u00e8tres de bouchons au Sud de Toulouse, ce mercredi"},"content":{"rendered":"<p><strong>La prudence est de mise sur les routes toulousaines ce mercredi 14 janvier 2026. Un accident sur l\u2019A620, au Sud de Toulouse, provoque des kilom\u00e8tres de bouchon, tandis qu\u2019un blocage agricole a entra\u00een\u00e9 la fermeture de la circulation sur une partie de l\u2019A64. Suivez l\u2019\u00e9volution du trafic routier avec Le Journal Toulousain. <\/strong><\/p>\n<p><img fetchpriority=\"high\" decoding=\"async\" width=\"1200\" height=\"799\" src=\"https:\/\/www.europesays.com\/fr\/wp-content\/uploads\/2026\/01\/Depositphotos_310147406_XL.jpg\" alt=\"Accident et blocage agricole : des kilom\u00e8tres de bouchons signal\u00e9s au Sud de Toulouse, ce mercredi\"  \/><\/p>\n<p>Accident et blocage agricole : des kilom\u00e8tres de bouchons signal\u00e9s au Sud de Toulouse, ce mercredi \u00a9 bilanol.i.ua \/ Depositphotos<\/p>\n<p><strong>Au Sud de Toulouse : <\/strong>Attention, Bison Fut\u00e9 signale un accident impliquant trois v\u00e9hicules l\u00e9gers sur l\u2019A620, dans le sens ext\u00e9rieur de Toulouse nord vers Toulouse sud. Par cons\u00e9quent, deux voies sont neutralis\u00e9es, entra\u00eenant 4 kilom\u00e8tres de bouchon entre Purpan et Basso Cambo. Dans le sens inverse, un embouteillage s\u2019\u00e9tend sur pr\u00e8s de 4 kilom\u00e8tres entre Montaudran et le quartier Empalot. <\/p>\n<p>Du c\u00f4t\u00e9 de l\u2019A64, dans le sens Bayonne-Toulouse, 7 kilom\u00e8tres de bouchon sont \u00e0 d\u00e9plorer entre Roques et la Ville rose. Bison Fut\u00e9 signale un blocage sur l\u2019axe, ainsi les entr\u00e9es et sorties sont ferm\u00e9es entre Portet-sur-Garonne et Toulouse. <\/p>\n<p><strong>A l\u2019Ouest de Toulouse : <\/strong>La circulation est \u00e0 l\u2019arr\u00eat sur pr\u00e8s de 2 kilom\u00e8tres sur l\u2019A624, dans le sens Colomiers-Toulouse. Dans le sens inverse, plus d\u2019un kilom\u00e8tre de bouchon a \u00e9t\u00e9 recens\u00e9. Un bouchon commence \u00e9galement \u00e0 se former sur l\u2019A621, en direction de l\u2019a\u00e9roport Toulouse-Blagnac. <\/p>\n<p><strong>Au Nord de Toulouse : <\/strong>Des ralentissements sont \u00e0 d\u00e9plorer sur pr\u00e8s de 3 kilom\u00e8tres sur l\u2019A62, dans le sens ext\u00e9rieur de Toulouse vers Bordeaux. En cause : le r\u00e9tr\u00e9cissement des voies. Pr\u00e8s de 2 kilom\u00e8tres de bouchon ont \u00e9t\u00e9 signal\u00e9s sur l\u2019A620, en direction de la Ville rose, entre Aucamville et Toulouse. <\/p>\n<p><strong>A l\u2019Est de Toulouse : <\/strong>La prudence est de mise. Le trafic, \u00e9galement perturb\u00e9 par le r\u00e9tr\u00e9cissement des voies, est au ralenti sur pr\u00e8s de 5 kilom\u00e8tres sur l\u2019A61, dans le sens int\u00e9rieur de Toulouse vers Narbonne. <\/p>\n","protected":false},"excerpt":{"rendered":"La prudence est de mise sur les routes toulousaines ce mercredi 14 janvier 2026. Un accident sur l\u2019A620,&hellip;\n","protected":false},"author":2,"featured_media":662531,"comment_status":"","ping_status":"","sticky":false,"template":"","format":"standard","meta":{"footnotes":""},"categories":[2816],"tags":[76394,1111,11,57353,1777,674,1011,27,12,2680,25,2312],"class_list":{"0":"post-662530","1":"post","2":"type-post","3":"status-publish","4":"format-standard","5":"has-post-thumbnail","7":"category-toulouse","8":"tag-accident-et-blocage-agricole-des-kilomu00e8tres-de-bouchons-au-sud-de-toulouse","9":"tag-actu","10":"tag-actualites","11":"tag-ce-mercredi","12":"tag-eu","13":"tag-europe","14":"tag-fr","15":"tag-france","16":"tag-news","17":"tag-occitanie","18":"tag-republique-francaise","19":"tag-toulouse"},"share_on_mastodon":{"url":"https:\/\/pubeurope.com\/@fr\/115892571745988061","error":""},"_links":{"self":[{"href":"https:\/\/www.europesays.com\/fr\/wp-json\/wp\/v2\/posts\/662530","targetHints":{"allow":["GET"]}}],"collection":[{"href":"https:\/\/www.europesays.com\/fr\/wp-json\/wp\/v2\/posts"}],"about":[{"href":"https:\/\/www.europesays.com\/fr\/wp-json\/wp\/v2\/types\/post"}],"author":[{"embeddable":true,"href":"https:\/\/www.europesays.com\/fr\/wp-json\/wp\/v2\/users\/2"}],"replies":[{"embeddable":true,"href":"https:\/\/www.europesays.com\/fr\/wp-json\/wp\/v2\/comments?post=662530"}],"version-history":[{"count":0,"href":"https:\/\/www.europesays.com\/fr\/wp-json\/wp\/v2\/posts\/662530\/revisions"}],"wp:featuredmedia":[{"embeddable":true,"href":"https:\/\/www.europesays.com\/fr\/wp-json\/wp\/v2\/media\/662531"}],"wp:attachment":[{"href":"https:\/\/www.europesays.com\/fr\/wp-json\/wp\/v2\/media?parent=662530"}],"wp:term":[{"taxonomy":"category","embeddable":true,"href":"https:\/\/www.europesays.com\/fr\/wp-json\/wp\/v2\/categories?post=662530"},{"taxonomy":"post_tag","embeddable":true,"href":"https:\/\/www.europesays.com\/fr\/wp-json\/wp\/v2\/tags?post=662530"}],"curies":[{"name":"wp","href":"https:\/\/api.w.org\/{rel}","templated":true}]}}