{"id":662532,"date":"2026-01-14T08:44:13","date_gmt":"2026-01-14T08:44:13","guid":{"rendered":"https:\/\/www.europesays.com\/fr\/662532\/"},"modified":"2026-01-14T08:44:13","modified_gmt":"2026-01-14T08:44:13","slug":"autoroutes-coupees-convoi-de-tracteurs-un-blesse-le-point-sur-la-mobilisation","status":"publish","type":"post","link":"https:\/\/www.europesays.com\/fr\/662532\/","title":{"rendered":"autoroutes coup\u00e9es, convoi de tracteurs, un bless\u00e9&#8230; le point sur la mobilisation"},"content":{"rendered":"<p class=\"article__intro\">Les agriculteurs sont toujours en col\u00e8re et ils le font savoir depuis tr\u00e8s t\u00f4t ce mercredi 14 janvier 2026. L&rsquo;autoroute A64 a \u00e9t\u00e9 coup\u00e9e \u00e0 hauteur de Muret. Un convoi est aussi en route pour le MEETT de Toulouse.<\/p>\n<p>\n      L\u2019actu des r\u00e9gions\n    <\/p>\n<p>\n      Chaque jour, un tour d\u2019horizon des principales infos de toutes les r\u00e9gions.\n    <\/p>\n<p>    France T\u00e9l\u00e9visions utilise votre adresse e-mail afin de vous envoyer la newsletter \u00ab\u00a0L\u2019actu des r\u00e9gions\u00a0\u00bb. Vous pouvez vous d\u00e9sinscrire \u00e0 tout moment via le lien en bas de cette newsletter. <a target=\"_blank\" href=\"https:\/\/www.francetelevisions.fr\/groupe\/confidentialite\/politique-de-confidentialite\/politique-de-confidentialite-de-france-televisions-6503\" rel=\"noopener\">Notre politique de confidentialit\u00e9<\/a><\/p>\n<p>L&rsquo;action a d\u00e9marr\u00e9 tr\u00e8s t\u00f4t dans la nuit du 13 au 14 janvier 2026 \u00e0 Toulouse. Le pr\u00e9fet de Haute-Garonne a beau avoir sign\u00e9 un arr\u00eat\u00e9 interdisant la manifestation, <a href=\"https:\/\/france3-regions.franceinfo.fr\/occitanie\/haute-garonne\/toulouse\/en-images-les-agriculteurs-passent-en-force-quinze-tracteurs-penetrent-de-nuit-dans-le-centre-de-toulouse-malgre-l-interdiction-prefectorale-3281504.html\" target=\"_blank\" rel=\"noopener noreferrer nofollow\" data-tooltip-url=\"https:\/\/france3-regions.franceinfo.fr\/occitanie\/haute-garonne\/toulouse\/en-images-les-agriculteurs-passent-en-force-quinze-tracteurs-penetrent-de-nuit-dans-le-centre-de-toulouse-malgre-l-interdiction-prefectorale-3281504.html\">les tracteurs de la Coordination Rurale ont p\u00e9n\u00e9tr\u00e9 dans Toulouse<\/a> vers 23 heures, au niveau du Port de l&rsquo;Embouchure. Au moins deux agriculteurs ont \u00e9t\u00e9 interpell\u00e9s et plac\u00e9s en garde \u00e0 vue.<\/p>\n<p>Malgr\u00e9 la lev\u00e9e du barrage de Carbonne sur l&rsquo;A64 mardi 13 janvier, l&rsquo;autoroute est cette fois bloqu\u00e9e au niveau de la sortie n\u00b038 Le Chapitre.<\/p>\n<p><a data-article-figure=\"\" href=\"https:\/\/france3-regions.franceinfo.fr\/image\/54_IWZj_u8t0P8BR7ewOoK_dsLY\/2560x1920\/regions\/2026\/01\/14\/461b3769-5b88-4a13-ab05-ccd596c05c36-69674b52def28565198908.jpg\" data-pswp-width=\"2560\" data-pswp-height=\"1920\" target=\"_blank\" rel=\"noopener\"><\/p>\n<p>          <img width=\"600\" height=\"400\" class=\"article-image lazy\" data-src=\"https:\/\/www.europesays.com\/fr\/wp-content\/uploads\/2026\/01\/461b3769-5b88-4a13-ab05-ccd596c05c36-69674b52def28565198908.jpg\" alt=\"Les tracteurs bloquent la sortie 38 de l'A64 ce mercredi 14 janvier 2026. \" fetchpriority=\"high\" as=\"image\"\/><\/p>\n<p>\n            Les tracteurs bloquent la sortie 38 de l&rsquo;A64 ce mercredi 14 janvier 2026.<br \/>\n                           \u2022<br \/>\n                                      \u00a9 C. Neidhardt \/ FTV\n                      <\/p>\n<p><\/a><\/p>\n<p>Un temps \u00e0 l&rsquo;arr\u00eat, la circulation a rouvert dans la matin\u00e9e entre le p\u00e9riph\u00e9rique toulousain et cette sortie, d&rsquo;apr\u00e8s Vinci Autoroutes.<\/p>\n<\/p>\n<p>La pr\u00e9fecture de Haute-Garonne pr\u00e9cise qu&rsquo;un d\u00e9versement de pneus et de paille a entra\u00een\u00e9 un accident de la route et fait un bless\u00e9.<\/p>\n<p><a data-article-figure=\"\" href=\"https:\/\/france3-regions.franceinfo.fr\/image\/9Bqip3WtrEdSUQA4byLFD9xbfhw\/1280x720\/regions\/2026\/01\/14\/b52d508c-6f37-4eb9-af5f-c9ac3b7005ab-69674beade2cd165734348.jpg\" data-pswp-width=\"1280\" data-pswp-height=\"720\" target=\"_blank\" rel=\"noopener\"><\/p>\n<p>          <img width=\"600\" height=\"400\" class=\"article-image lazy\" data-src=\"https:\/\/www.europesays.com\/fr\/wp-content\/uploads\/2026\/01\/b52d508c-6f37-4eb9-af5f-c9ac3b7005ab-69674beade2cd165734348.jpg\" alt=\"Le long de l'A64, cette voiture a par exemple \u00e9t\u00e9 accident\u00e9e ce matin a proximit\u00e9 du barrage des agriculteurs.\" fetchpriority=\"high\" as=\"image\"\/><\/p>\n<p>\n            Le long de l&rsquo;A64, cette voiture a par exemple \u00e9t\u00e9 accident\u00e9e ce matin a proximit\u00e9 du barrage des agriculteurs.<br \/>\n                           \u2022<br \/>\n                                      \u00a9 C. Neidhardt \/ FTV\n                      <\/p>\n<p><\/a><\/p>\n<p>\u00ab\u00a0Les proc\u00e9dures judiciaires seront engag\u00e9es pour rechercher les responsables de cet accident\u00a0\u00bb, assure la pr\u00e9fecture.<\/p>\n<blockquote class=\"twitter-tweet\">\n<p dir=\"ltr\" lang=\"fr\">06h30 \u26a0\ufe0f : autoroute rouverte sur 2 voies dans les deux sens de circulation entre les p\u00e9riph\u00e9riques toulousains et la sortie n\u00b038 Le Chapitre. \u27a1\ufe0f Sortie obligatoire et entr\u00e9e interdite n\u00b038 Le Chapitre dir\u00b0 Toulouse. Sortie interdite direction Muret . \u00c9coutez<a href=\"https:\/\/twitter.com\/Radio1077?ref_src=twsrc%5Etfw\" target=\"_blank\" rel=\"noopener\">@Radio1077<\/a><a href=\"https:\/\/twitter.com\/hashtag\/A64?src=hash&amp;ref_src=twsrc%5Etfw\" target=\"_blank\" rel=\"noopener\">#A64<\/a>\u2026<\/p>\n<p>\u2014 Toulouse P\u00e9riph (@ToulousePeriph) <a href=\"https:\/\/twitter.com\/ToulousePeriph\/status\/2011317795221307613?ref_src=twsrc%5Etfw\" target=\"_blank\" rel=\"noopener\">January 14, 2026<\/a><\/p><\/blockquote>\n<p>L&rsquo;A680 est coup\u00e9e dans les deux sens \u00e0 Gragnague et Verfeil. Des manifestants sont pr\u00e9sents sur les voies d&rsquo;apr\u00e8s Vinci Autoroutes. La sortie est interdite \u00e0 Gragnague en direction d&rsquo;Albi.<\/p>\n<p>Un convoi d&rsquo;agriculteurs est \u00e9galement en partance pour le MEETT ce mercredi matin. Les engins ne passent pas par le p\u00e9riph\u00e9rique. Les tracteurs \u00e9taient ce matin dans le quartier des Sept Deniers, avenue de Blagnac. A 8h30, le convoi de 7 tracteurs est rendu sur le parking de l&rsquo;a\u00e9roport de Toulouse-Blagnac.<\/p>\n<p>En raison de cette mobilisation, Tiss\u00e9o pr\u00e9cise que <a href=\"https:\/\/www.tisseo.fr\/se-deplacer\/info-trafic\/ligne\/AERO\" target=\"_blank\" rel=\"noopener noreferrer nofollow\" data-tooltip-url=\"https:\/\/www.tisseo.fr\/se-deplacer\/info-trafic\/ligne\/AERO\">sa navette a\u00e9roport est d\u00e9vi\u00e9e<\/a> ce mercredi 14 janvier. De m\u00eame que la ligne de bus 70.<\/p>\n<p>Dans le Lot, sur l&rsquo;A20, les entr\u00e9es et sorties sont ferm\u00e9es au niveau de l&rsquo;\u00e9changeur de Labastide-Murat (sortie n\u00b056) vers Brive et Toulouse.<\/p>\n<p>Dans le Tarn-et-Garonne, c&rsquo;est la sortie n\u00b09, l&rsquo;\u00e9changeur de Castelsarrasin, que les acc\u00e8s sont bloqu\u00e9s en direction de Brive et de Toulouse.<\/p>\n<p>  <script async src=\"https:\/\/platform.twitter.com\/widgets.js\" charset=\"utf-8\"><\/script><\/p>\n","protected":false},"excerpt":{"rendered":"Les agriculteurs sont toujours en col\u00e8re et ils le font savoir depuis tr\u00e8s t\u00f4t ce mercredi 14 janvier&hellip;\n","protected":false},"author":2,"featured_media":662533,"comment_status":"","ping_status":"","sticky":false,"template":"","format":"standard","meta":{"footnotes":""},"categories":[2816],"tags":[1111,11,1777,674,1011,27,12,2680,25,2312],"class_list":{"0":"post-662532","1":"post","2":"type-post","3":"status-publish","4":"format-standard","5":"has-post-thumbnail","7":"category-toulouse","8":"tag-actu","9":"tag-actualites","10":"tag-eu","11":"tag-europe","12":"tag-fr","13":"tag-france","14":"tag-news","15":"tag-occitanie","16":"tag-republique-francaise","17":"tag-toulouse"},"share_on_mastodon":{"url":"https:\/\/pubeurope.com\/@fr\/115892575429378825","error":""},"_links":{"self":[{"href":"https:\/\/www.europesays.com\/fr\/wp-json\/wp\/v2\/posts\/662532","targetHints":{"allow":["GET"]}}],"collection":[{"href":"https:\/\/www.europesays.com\/fr\/wp-json\/wp\/v2\/posts"}],"about":[{"href":"https:\/\/www.europesays.com\/fr\/wp-json\/wp\/v2\/types\/post"}],"author":[{"embeddable":true,"href":"https:\/\/www.europesays.com\/fr\/wp-json\/wp\/v2\/users\/2"}],"replies":[{"embeddable":true,"href":"https:\/\/www.europesays.com\/fr\/wp-json\/wp\/v2\/comments?post=662532"}],"version-history":[{"count":0,"href":"https:\/\/www.europesays.com\/fr\/wp-json\/wp\/v2\/posts\/662532\/revisions"}],"wp:featuredmedia":[{"embeddable":true,"href":"https:\/\/www.europesays.com\/fr\/wp-json\/wp\/v2\/media\/662533"}],"wp:attachment":[{"href":"https:\/\/www.europesays.com\/fr\/wp-json\/wp\/v2\/media?parent=662532"}],"wp:term":[{"taxonomy":"category","embeddable":true,"href":"https:\/\/www.europesays.com\/fr\/wp-json\/wp\/v2\/categories?post=662532"},{"taxonomy":"post_tag","embeddable":true,"href":"https:\/\/www.europesays.com\/fr\/wp-json\/wp\/v2\/tags?post=662532"}],"curies":[{"name":"wp","href":"https:\/\/api.w.org\/{rel}","templated":true}]}}