{"id":662534,"date":"2026-01-14T08:46:24","date_gmt":"2026-01-14T08:46:24","guid":{"rendered":"https:\/\/www.europesays.com\/fr\/662534\/"},"modified":"2026-01-14T08:46:24","modified_gmt":"2026-01-14T08:46:24","slug":"envie-de-bouger-a-lille-ce-week-end-16-18-janvier-voici-7-idees-de-sorties","status":"publish","type":"post","link":"https:\/\/www.europesays.com\/fr\/662534\/","title":{"rendered":"Envie de bouger \u00e0 Lille ce week-end (16-18 janvier) ? Voici 7 id\u00e9es de sorties"},"content":{"rendered":"<p class=\"intro\">Que vous soyez en qu\u00eate de magie Disney, d&rsquo;exp\u00e9riences immersives ou de soir\u00e9es culturelles raffin\u00e9es, ce week-end du 16 au 18 janvier promet d&rsquo;\u00eatre riche en \u00e9motions \u00e0 Lille et ses alentours\u00a0! Entre spectacles familiaux, th\u00e9\u00e2tre participatif, concerts intimistes et d\u00e9couvertes historiques, il y en a pour tous les go\u00fbts et toutes les envies. Alors, enfilez votre plus beau manteau (vous en aurez besoin\u00a0!) et laissez-vous tenter par l&rsquo;une de ces 7 propositions soigneusement s\u00e9lectionn\u00e9es pour \u00e9gayer votre week-end lillois.<\/p>\n<p class=\"mise_en_avant\"><strong>Pr\u00e9visions m\u00e9t\u00e9o ce week-end\u00a0:<\/strong> pr\u00e9parez-vous \u00e0 un temps plut\u00f4t maussade avec de la pluie l\u00e9g\u00e8re vendredi (9\u00b0C), de la pluie mod\u00e9r\u00e9e samedi (9\u00b0C) et un ciel nuageux dimanche (8\u00b0C). L&rsquo;occasion parfaite pour se r\u00e9fugier dans des lieux couverts\u00a0!<\/p>\n<p>1\/ [Coup de \u2764\ufe0f JDS] Disney sur Glace &#8211; R\u00eavons Ensemble\u00a0: la magie Disney d\u00e9barque au Z\u00e9nith<\/p>\n<p>Le <a href=\"https:\/\/www.jds.fr\/lille\/spectacles\/spectacle-musical\/disney-sur-glace-revons-ensemble-zenith-arena-lille-965423_A\" target=\"_blank\" rel=\"noopener\">spectacle Disney sur Glace &#8211; R\u00eavons Ensemble \u00e0 Lille<\/a> transforme le Z\u00e9nith en royaume enchant\u00e9 o\u00f9 Anna, Elsa, Vaiana et Miguel prennent vie sur la glace. Avec trois repr\u00e9sentations ce week-end (vendredi 19h30, samedi 10h15, 14h et 17h30, dimanche 10h15, 14h et 17h30), ce show familial promet des moments magiques port\u00e9s par des patineurs d&rsquo;exception. Un incontournable pour partager l&rsquo;univers Disney en famille, d&rsquo;autant que les places d\u00e9marrent \u00e0 partir de 28\u20ac.<\/p>\n<p><strong>Notre conseil\u00a0:<\/strong> optez pour la s\u00e9ance de 14h samedi ou dimanche, parfaite pour les enfants qui ne tiennent pas en place le soir. Arrivez 30 minutes avant pour \u00e9viter la cohue et profiter pleinement de l&rsquo;ambiance pr\u00e9-spectacle.<\/p>\n<p>Z\u00e9nith de Lille | Lille<br \/>Du 14\/01\/2026 au 18\/01\/2026<\/p>\n<p class=\"mise_en_avant\"><a href=\"https:\/\/www.jds.fr\/lille\/spectacles\/spectacle-musical\/disney-sur-glace-revons-ensemble-zenith-arena-lille-965423_A\" target=\"_blank\" rel=\"noopener\">[Coup de \u2764\ufe0f JDS] Disney sur Glace &#8211; R\u00eavons Ensemble &#8211; Z\u00e9nith Arena, Lille\u00a0: toutes les informations<\/a><\/p>\n<p><a class=\"btn btn-lg shadow-lg btn-primary rounded-pill fnac_link\" data-fnac=\"in_article\" href=\"https:\/\/www.awin1.com\/pclick.php?p=43318295403&amp;a=634278&amp;m=12494&amp;clickref=in_article-A-desktop\" target=\"_blank\" rel=\"nofollow noopener\"> Acheter des billets<\/a><\/p>\n<p>2\/ The Jury Experience\u00a0: devenez jur\u00e9 dans un proc\u00e8s haletant<\/p>\n<p>Pr\u00eat \u00e0 endosser la robe de jur\u00e9\u00a0? <a href=\"https:\/\/www.jds.fr\/lille\/manifestations\/the-jury-experience-une-affaire-immersive-au-c-ur-d-une-salle-d-audience-1174902_A\" target=\"_blank\" rel=\"noopener\">The Jury Experience \u00e0 Lille<\/a> vous plonge dans l&rsquo;univers judiciaire le temps d&rsquo;1h15 au 1894. Ce th\u00e9\u00e2tre immersif vous met dans la peau d&rsquo;un membre du jury qui doit analyser t\u00e9moignages, preuves et arguments pour d\u00e9cider du sort de l&rsquo;accus\u00e9. Une exp\u00e9rience originale qui questionne nos notions de justice et de v\u00e9rit\u00e9, o\u00f9 chaque spectateur devient acteur du d\u00e9nouement.<\/p>\n<p><strong>Notre conseil\u00a0:<\/strong> n&rsquo;oubliez pas votre t\u00e9l\u00e9phone, indispensable pour scanner les QR codes et participer activement aux moments cl\u00e9s. Pr\u00e9parez-vous mentalement \u00e0 prendre des d\u00e9cisions difficiles\u00a0!<\/p>\n<p>Le 1894 | Lille<br \/>Du 16\/01\/2026 au 05\/06\/2026<\/p>\n<p class=\"mise_en_avant\"><a href=\"https:\/\/www.jds.fr\/lille\/manifestations\/the-jury-experience-une-affaire-immersive-au-c-ur-d-une-salle-d-audience-1174902_A\" target=\"_blank\" rel=\"noopener\">The Jury Experience\u00a0: une affaire immersive au c\u0153ur d&rsquo;une salle d&rsquo;audience\u00a0: toutes les informations<\/a><\/p>\n<p><a class=\"btn btn-lg shadow-lg btn-primary rounded-pill fnac_link\" data-fnac=\"in_article\" href=\"https:\/\/pdt.tradedoubler.com\/click?a(3419081)p(354825)product(103801-391268)ttid(3)url(https%3A%2F%2Ffeverup.com%2Fm%2F391268)\" target=\"_blank\" rel=\"nofollow noopener\"> Acheter des billets<\/a><\/p>\n<p><a data-lightbox=\"article\" data-title=\" DR\" class=\"image detail fullwidth\" href=\"https:\/\/www.jds.fr\/medias\/image\/the-jury-experience-une-affaire-immersive-au-c-ur--721998-1200-0-F.webp\" title=\" DR\" target=\"_blank\" rel=\"noopener\"><br \/>\n<img decoding=\"async\" loading=\"lazy\" src=\"https:\/\/www.europesays.com\/fr\/wp-content\/uploads\/2026\/01\/the-jury-experience-une-affaire-immersive-au-c-ur--721998-1200-0.webp.webp\"   alt=\"The Jury Experience : une affaire immersive au c\u0153ur d\u2019une salle d\u2019audience\" class=\"shortcode_image border\"\/><br \/>\n\u00a9 DR<br \/>\n<\/a>\n<\/p>\n<p>3\/ Candlelight\u00a0: Hommage \u00e0 ABBA dans l&rsquo;\u00e9crin du Carlton<\/p>\n<p>L&rsquo;ambiance feutr\u00e9e de <a href=\"https:\/\/www.jds.fr\/lille\/manifestations\/festival\/candlelight-hommage-a-abba-1129174_A\" target=\"_blank\" rel=\"noopener\">Candlelight\u00a0: Hommage \u00e0 ABBA \u00e0 Lille<\/a> transforme l&rsquo;H\u00f4tel Carlton en temple musical o\u00f9 r\u00e9sonnent\u00a0\u00ab\u00a0Dancing Queen\u00a0\u00bb,\u00a0\u00ab\u00a0Mamma Mia\u00a0\u00bb et\u00a0\u00ab\u00a0The Winner Takes It All\u00a0\u00bb. Le quatuor \u00e0 cordes Jupiter revisite les tubes du groupe su\u00e9dois dans une atmosph\u00e8re intimiste \u00e9clair\u00e9e \u00e0 la bougie, pour un concert d&rsquo;une heure qui promet des frissons garantis. Une soir\u00e9e parfaite pour les amoureux de musique en qu\u00eate d&rsquo;originalit\u00e9.<\/p>\n<p><strong>Notre conseil\u00a0:<\/strong> arrivez 30 minutes avant le d\u00e9but, les portes ferment \u00e0 l&rsquo;heure pile et les retardataires ne peuvent plus entrer. Les places \u00e9tant attribu\u00e9es par ordre d&rsquo;arriv\u00e9e, la ponctualit\u00e9 sera r\u00e9compens\u00e9e\u00a0!<\/p>\n<p>H\u00f4tel Carlton Lille | Lille<br \/>Du 17\/01\/2026 au 14\/03\/2026<\/p>\n<p class=\"mise_en_avant\"><a href=\"https:\/\/www.jds.fr\/lille\/manifestations\/festival\/candlelight-hommage-a-abba-1129174_A\" target=\"_blank\" rel=\"noopener\">Candlelight\u00a0: Hommage \u00e0 ABBA\u00a0: toutes les informations<\/a><\/p>\n<p><a class=\"btn btn-lg shadow-lg btn-primary rounded-pill fnac_link\" data-fnac=\"in_article\" href=\"https:\/\/pdt.tradedoubler.com\/click?a(3419081)p(354825)product(103801-107835)ttid(3)url(https%3A%2F%2Ffeverup.com%2Fm%2F107835)\" target=\"_blank\" rel=\"nofollow noopener\"> Acheter des billets<\/a><\/p>\n<p><a data-lightbox=\"article\" data-title=\" DR\" class=\"image detail fullwidth\" href=\"https:\/\/www.jds.fr\/medias\/image\/candlelight-hommage-a-abba-695618-1200-0-F.webp\" title=\" DR\" target=\"_blank\" rel=\"noopener\"><br \/>\n<img decoding=\"async\" loading=\"lazy\" src=\"https:\/\/www.europesays.com\/fr\/wp-content\/uploads\/2025\/10\/candlelight-hommage-a-abba-695618-1200-0.webp.webp\"   alt=\"Candlelight : Hommage \u00e0 ABBA\" class=\"shortcode_image border\"\/><br \/>\n\u00a9 DR<br \/>\n<\/a>\n<\/p>\n<p>4\/ The Jazz Room\u00a0: voyage soul \u00e0 La Nouvelle-Orl\u00e9ans<\/p>\n<p>Direction EuraTechnologies pour <a href=\"https:\/\/www.jds.fr\/lille\/spectacles\/diner-spectacle\/the-jazz-room-un-voyage-au-c-ur-de-la-nouvelle-orleans-1187061_A\" target=\"_blank\" rel=\"noopener\">The Jazz Room\u00a0: un voyage au c\u0153ur de La Nouvelle-Orl\u00e9ans \u00e0 Lille<\/a>, o\u00f9 l&rsquo;\u00e2me de la musique soul prend vie dans un concert d&rsquo;une heure. Luther Vandross, Al Green, Marvin Gaye et Stevie Wonder s&rsquo;invitent \u00e0 La Cantina pour une soir\u00e9e d\u00e9di\u00e9e aux plus grands standards du genre, interpr\u00e9t\u00e9s par des musiciens et chanteurs passionn\u00e9s. Un hommage vibrant \u00e0 cette musique qui touche l&rsquo;\u00e2me, dans un cadre chic et intimiste.<\/p>\n<p><strong>Notre conseil\u00a0:<\/strong> r\u00e9serv\u00e9 aux plus de 18 ans, cette soir\u00e9e se d\u00e9guste avec un verre \u00e0 la main. Attention, les tables sont partag\u00e9es et les places attribu\u00e9es selon le principe du premier arriv\u00e9, premier servi dans chaque zone.<\/p>\n<p>EuraTechnologies | Lille<br \/>Du 17\/01\/2026 au 11\/04\/2026<\/p>\n<p class=\"mise_en_avant\"><a href=\"https:\/\/www.jds.fr\/lille\/spectacles\/diner-spectacle\/the-jazz-room-un-voyage-au-c-ur-de-la-nouvelle-orleans-1187061_A\" target=\"_blank\" rel=\"noopener\">The Jazz Room\u00a0: un voyage au c\u0153ur de La Nouvelle-Orl\u00e9ans\u00a0: toutes les informations<\/a><\/p>\n<p><a class=\"btn btn-lg shadow-lg btn-primary rounded-pill fnac_link\" data-fnac=\"in_article\" href=\"https:\/\/pdt.tradedoubler.com\/click?a(3419081)p(354825)product(103801-463625)ttid(3)url(https%3A%2F%2Ffeverup.com%2Fm%2F463625)\" target=\"_blank\" rel=\"nofollow noopener\"> Acheter des billets<\/a><\/p>\n<p><a data-lightbox=\"article\" data-title=\" DR\" class=\"image detail fullwidth\" href=\"https:\/\/www.jds.fr\/medias\/image\/the-jazz-room-un-voyage-au-c-ur-de-la-nouvelle-orl-729369-1200-0-F.webp\" title=\" DR\" target=\"_blank\" rel=\"noopener\"><br \/>\n<img decoding=\"async\" loading=\"lazy\" src=\"https:\/\/www.europesays.com\/fr\/wp-content\/uploads\/2025\/11\/the-jazz-room-un-voyage-au-c-ur-de-la-nouvelle-orl-729369-1200-0.webp.webp\"   alt=\"The Jazz Room : un voyage au c\u0153ur de La Nouvelle-Orl\u00e9ans\" class=\"shortcode_image border\"\/><br \/>\n\u00a9 DR<br \/>\n<\/a>\n<\/p>\n<p>5\/ Villa Cavrois\u00a0: plong\u00e9e dans le modernisme des ann\u00e9es 30<\/p>\n<p>\u00c9chappez-vous \u00e0 Croix pour d\u00e9couvrir <a href=\"https:\/\/www.jds.fr\/lille\/manifestations\/billet-coupe-file-pour-la-villa-cavrois-1198933_A\" target=\"_blank\" rel=\"noopener\">la Villa Cavrois avec un billet coupe-file<\/a>, ce joyau architectural de Mallet-Stevens parfaitement restaur\u00e9. Cette merveille moderniste vous ouvre ses portes pour explorer l&rsquo;univers fascinant de la famille Cavrois et leur mode de vie dans les ann\u00e9es 1930. Une visite culturelle accessible \u00e0 tous, id\u00e9ale pour d\u00e9couvrir un pan m\u00e9connu du patrimoine architectural r\u00e9gional.<\/p>\n<p><strong>Notre conseil\u00a0:<\/strong> pensez \u00e0 r\u00e9server obligatoirement votre cr\u00e9neau horaire sur le site officiel apr\u00e8s l&rsquo;achat de votre billet. La villa ferme \u00e0 18h avec dernier acc\u00e8s \u00e0 17h15, parfait pour une apr\u00e8s-midi d\u00e9couverte.<\/p>\n<p>Villa Cavrois | Croix<br \/>Du 14\/01\/2026 au 08\/03\/2026<\/p>\n<p class=\"mise_en_avant\"><a href=\"https:\/\/www.jds.fr\/lille\/manifestations\/billet-coupe-file-pour-la-villa-cavrois-1198933_A\" target=\"_blank\" rel=\"noopener\">Billet coupe-file pour la Villa Cavrois\u00a0: toutes les informations<\/a><\/p>\n<p><a class=\"btn btn-lg shadow-lg btn-primary rounded-pill fnac_link\" data-fnac=\"in_article\" href=\"https:\/\/pdt.tradedoubler.com\/click?a(3419081)p(354825)product(103801-141528)ttid(3)url(https%3A%2F%2Ffeverup.com%2Fm%2F141528)\" target=\"_blank\" rel=\"nofollow noopener\"> Acheter des billets<\/a><\/p>\n<p><a data-lightbox=\"article\" data-title=\" DR\" class=\"image detail fullwidth\" href=\"https:\/\/www.jds.fr\/medias\/image\/billet-coupe-file-pour-la-villa-cavrois-736728-1200-0-F.webp\" title=\" DR\" target=\"_blank\" rel=\"noopener\"><br \/>\n<img decoding=\"async\" loading=\"lazy\" src=\"https:\/\/www.europesays.com\/fr\/wp-content\/uploads\/2025\/12\/billet-coupe-file-pour-la-villa-cavrois-736728-1200-0.webp.webp\"   alt=\"Billet coupe-file pour la Villa Cavrois\" class=\"shortcode_image border\"\/><br \/>\n\u00a9 DR<br \/>\n<\/a>\n<\/p>\n<p>6\/ Napol\u00e9on, l&rsquo;\u00c9pop\u00e9e Immersive\u00a0: l&rsquo;Histoire en r\u00e9alit\u00e9 virtuelle<\/p>\n<p>Follow Park Lille vous propose de revivre <a href=\"https:\/\/www.jds.fr\/lille\/activite-experience\/experiences-interactives-immersives\/napoleon-l-epopee-immersive-une-experience-en-realite-virtuelle-1316025_A\" target=\"_blank\" rel=\"noopener\">Napol\u00e9on, l&rsquo;\u00c9pop\u00e9e Immersive en r\u00e9alit\u00e9 virtuelle \u00e0 Lille<\/a> pour 40 minutes d&rsquo;exp\u00e9rience dont 30 minutes de VR pure. \u00c9quip\u00e9 d&rsquo;un casque de derni\u00e8re g\u00e9n\u00e9ration, d\u00e9ambulez librement dans les moments cl\u00e9s de l&rsquo;\u00e9pop\u00e9e napol\u00e9onienne\u00a0: Austerlitz, la B\u00e9r\u00e9zina, Sainte-H\u00e9l\u00e8ne&#8230; Une approche technologique innovante pour d\u00e9couvrir l&rsquo;Histoire, pl\u00e9biscit\u00e9e par la presse nationale.<\/p>\n<p><strong>Notre conseil\u00a0:<\/strong> accessible d\u00e8s 8 ans et 1,10m minimum, cette exp\u00e9rience convient parfaitement aux familles curieuses d&rsquo;Histoire. Pr\u00e9voyez 10 minutes suppl\u00e9mentaires pour l&rsquo;\u00e9quipement et les explications techniques.<\/p>\n<p>Follow Park Lille | Lille<br \/>Du 14\/01\/2026 au 01\/03\/2026<\/p>\n<p class=\"mise_en_avant\"><a href=\"https:\/\/www.jds.fr\/lille\/activite-experience\/experiences-interactives-immersives\/napoleon-l-epopee-immersive-une-experience-en-realite-virtuelle-1316025_A\" target=\"_blank\" rel=\"noopener\">Napol\u00e9on, l&rsquo;\u00c9pop\u00e9e Immersive &#8211; une exp\u00e9rience en r\u00e9alit\u00e9 virtuelle\u00a0: toutes les informations<\/a><\/p>\n<p><a class=\"btn btn-lg shadow-lg btn-primary rounded-pill fnac_link\" data-fnac=\"in_article\" href=\"https:\/\/pdt.tradedoubler.com\/click?a(3419081)p(354825)product(103801-522754)ttid(3)url(https%3A%2F%2Ffeverup.com%2Fm%2F522754)\" target=\"_blank\" rel=\"nofollow noopener\"> Acheter des billets<\/a><\/p>\n<p><a data-lightbox=\"article\" data-title=\" DR\" class=\"image detail fullwidth\" href=\"https:\/\/www.jds.fr\/medias\/image\/napoleon-l-epopee-immersive-une-experience-en-real-817392-1200-0-F.webp\" title=\" DR\" target=\"_blank\" rel=\"noopener\"><br \/>\n<img decoding=\"async\" loading=\"lazy\" src=\"https:\/\/www.europesays.com\/fr\/wp-content\/uploads\/2026\/01\/napoleon-l-epopee-immersive-une-experience-en-real-817392-1200-0.webp.webp\"   alt=\"Napol\u00e9on, l'\u00c9pop\u00e9e Immersive - une exp\u00e9rience en r\u00e9alit\u00e9 virtuelle\" class=\"shortcode_image border\"\/><br \/>\n\u00a9 DR<br \/>\n<\/a>\n<\/p>\n<p>7\/ Olivier de Benoist\u00a0: le droit au rire au Th\u00e9\u00e2tre S\u00e9bastopol<\/p>\n<p>Pour cl\u00f4turer ce week-end en beaut\u00e9, <a href=\"https:\/\/www.jds.fr\/lille\/spectacles\/humour\/olivier-de-benoist-le-droit-au-bonheur-386170_A\" target=\"_blank\" rel=\"noopener\">Olivier de Benoist et son spectacle\u00a0\u00ab\u00a0Le droit au bonheur\u00a0\u00bb au Th\u00e9\u00e2tre S\u00e9bastopol \u00e0 Lille<\/a> promet une soir\u00e9e hilarante samedi soir \u00e0 20h. L&rsquo;humoriste, ma\u00eetre dans l&rsquo;art de transformer le quotidien en moments comiques, livre une performance o\u00f9 anecdotes personnelles et observations soci\u00e9tales se m\u00e9langent avec un talent incomparable. Une valeur s\u00fbre du rire fran\u00e7ais pour une soir\u00e9e d\u00e9tente garantie.<\/p>\n<p><strong>Notre conseil\u00a0:<\/strong> avec des places \u00e0 partir de 38\u20ac, r\u00e9servez rapidement car Olivier de Benoist affiche souvent complet. Arrivez un peu en avance pour profiter de l&rsquo;ambiance chaleureuse du Th\u00e9\u00e2tre S\u00e9bastopol.<\/p>\n<p>Th\u00e9\u00e2tre S\u00e9bastopol | Lille<br \/>Du 17\/01\/2026 au 17\/12\/2026<\/p>\n<p class=\"mise_en_avant\"><a href=\"https:\/\/www.jds.fr\/lille\/spectacles\/humour\/olivier-de-benoist-le-droit-au-bonheur-386170_A\" target=\"_blank\" rel=\"noopener\">Olivier de Benoist &#8211; Le droit au bonheur\u00a0: toutes les informations<\/a><\/p>\n<p><a class=\"btn btn-lg shadow-lg btn-primary rounded-pill fnac_link\" data-fnac=\"in_article\" href=\"https:\/\/www.awin1.com\/pclick.php?p=43300660128&amp;a=634278&amp;m=12494&amp;clickref=in_article-A-desktop\" target=\"_blank\" rel=\"nofollow noopener\"> Acheter des billets<\/a><\/p>\n<p>Date de publication : le 14\/01\/2026.<\/p>\n","protected":false},"excerpt":{"rendered":"Que vous soyez en qu\u00eate de magie Disney, d&rsquo;exp\u00e9riences immersives ou de soir\u00e9es culturelles raffin\u00e9es, ce week-end du&hellip;\n","protected":false},"author":2,"featured_media":662535,"comment_status":"","ping_status":"","sticky":false,"template":"","format":"standard","meta":{"footnotes":""},"categories":[2815],"tags":[1111,11,1777,674,1011,27,811,1307,12,25],"class_list":{"0":"post-662534","1":"post","2":"type-post","3":"status-publish","4":"format-standard","5":"has-post-thumbnail","7":"category-lille","8":"tag-actu","9":"tag-actualites","10":"tag-eu","11":"tag-europe","12":"tag-fr","13":"tag-france","14":"tag-hauts-de-france","15":"tag-lille","16":"tag-news","17":"tag-republique-francaise"},"share_on_mastodon":{"url":"https:\/\/pubeurope.com\/@fr\/115892583644211796","error":""},"_links":{"self":[{"href":"https:\/\/www.europesays.com\/fr\/wp-json\/wp\/v2\/posts\/662534","targetHints":{"allow":["GET"]}}],"collection":[{"href":"https:\/\/www.europesays.com\/fr\/wp-json\/wp\/v2\/posts"}],"about":[{"href":"https:\/\/www.europesays.com\/fr\/wp-json\/wp\/v2\/types\/post"}],"author":[{"embeddable":true,"href":"https:\/\/www.europesays.com\/fr\/wp-json\/wp\/v2\/users\/2"}],"replies":[{"embeddable":true,"href":"https:\/\/www.europesays.com\/fr\/wp-json\/wp\/v2\/comments?post=662534"}],"version-history":[{"count":0,"href":"https:\/\/www.europesays.com\/fr\/wp-json\/wp\/v2\/posts\/662534\/revisions"}],"wp:featuredmedia":[{"embeddable":true,"href":"https:\/\/www.europesays.com\/fr\/wp-json\/wp\/v2\/media\/662535"}],"wp:attachment":[{"href":"https:\/\/www.europesays.com\/fr\/wp-json\/wp\/v2\/media?parent=662534"}],"wp:term":[{"taxonomy":"category","embeddable":true,"href":"https:\/\/www.europesays.com\/fr\/wp-json\/wp\/v2\/categories?post=662534"},{"taxonomy":"post_tag","embeddable":true,"href":"https:\/\/www.europesays.com\/fr\/wp-json\/wp\/v2\/tags?post=662534"}],"curies":[{"name":"wp","href":"https:\/\/api.w.org\/{rel}","templated":true}]}}