{"id":662536,"date":"2026-01-14T08:47:11","date_gmt":"2026-01-14T08:47:11","guid":{"rendered":"https:\/\/www.europesays.com\/fr\/662536\/"},"modified":"2026-01-14T08:47:11","modified_gmt":"2026-01-14T08:47:11","slug":"de-grosses-difficultes-de-circulation-sont-a-prevoir-en-direction-de-marseille-et-toulon","status":"publish","type":"post","link":"https:\/\/www.europesays.com\/fr\/662536\/","title":{"rendered":"de grosses difficult\u00e9s de circulation sont \u00e0 pr\u00e9voir en direction de Marseille et Toulon"},"content":{"rendered":"<p class=\"fs-5 \">Ce mercredi 14\u00a0Janvier, des regroupements d\u2019agriculteurs sont en cours sur les ronds-points de Bandol et Saint-Cyr, dans le Var.<\/p>\n<p class=\"fs-5 \">Les rassemblements ont commenc\u00e9 ce mercredi matin, d\u00e8s 5h30, sur les deux ronds-points de l\u2019autoroute, encadr\u00e9s par des gendarmes et des policiers nationaux.<\/p>\n<p class=\"fs-5 \">Les convois pr\u00e9voient de <strong>prendre l\u2019A50, en direction de Marseille et Toulon<\/strong>, ce qui devrait engendrer de grosses difficult\u00e9s de circulation sur cet axe, dans les deux sens de circulation.<\/p>\n<p class=\"fs-5 \">Ce mercredi matin, Vinci rapporte que l\u2019Entr\u00e9e 11 La Cardi\u00e8re est interdite, l\u2019entr\u00e9e 12 Bandol est d\u00e9conseill\u00e9e, l\u2019entr\u00e9e 13 Ollioules l\u2019est tout autant. La sortie 12 Bandol est quant \u00e0 elle conseill\u00e9e.<\/p>\n<p>                                                                                <strong>De tr\u00e8s forts ralentissements pr\u00e9vus <\/strong><\/p>\n<p class=\"fs-5 \">D\u2019apr\u00e8s <strong>la pr\u00e9fecture, ils pr\u00e9voient de se retrouver au niveau du pont de la Malissonne<\/strong> et devraient <strong>occuper deux voies de circulation<\/strong> sur trois. Mais contrairement \u00e0 ce qui \u00e9tait pr\u00e9vu, ce mercredi matin, ce sont les trois voies qui sont bloqu\u00e9es.<\/p>\n<p class=\"fs-5 \">Cons\u00e9quence de quoi, les automobilistes ne pourront circuler que tr\u00e8s difficilement et ce dans les deux sens. Selon Vinci, <strong>des r\u00e9percutions pourraient \u00e9galement survenir sur les autoroutes A52 et A57<\/strong>, avec des perturbations de la circulation.<\/p>\n<p>        <img src=\"https:\/\/www.europesays.com\/fr\/wp-content\/uploads\/2026\/01\/72b3f70_upload-from-url-1-do0ufg8i9r4l-data-art-16938085.jpg\"   loading=\"lazy\" decoding=\"async\" alt=\"Les agriculteurs du Var manifestent leur ras-le-bol, et leurs revendications sont nombreuses\u2026 Photo doc Camille Dodet \" class=\"img-fluid position-absolute w-100 object-fit-cover rounded-2\" width=\"600\" height=\"400\"\/><\/p>\n<p class=\"fs-5 \">La pr\u00e9fecture appelle les automobilistes <strong>\u00e0 la plus grande prudence aux abords des cort\u00e8ges <\/strong>d\u2019agriculteurs.  \u00ab\u00a0Des policiers de la CRS autorouti\u00e8re seront pr\u00e9sents pour assurer la s\u00e9curit\u00e9 de tous\u00a0\u00bb, pr\u00e9cise cette derni\u00e8re.<\/p>\n<p class=\"fs-5 \">La fin de la manifestation est annonc\u00e9e pour 13h.<\/p>\n","protected":false},"excerpt":{"rendered":"Ce mercredi 14\u00a0Janvier, des regroupements d\u2019agriculteurs sont en cours sur les ronds-points de Bandol et Saint-Cyr, dans le&hellip;\n","protected":false},"author":2,"featured_media":662537,"comment_status":"","ping_status":"","sticky":false,"template":"","format":"standard","meta":{"footnotes":""},"categories":[2814],"tags":[1111,11,76319,1777,674,1011,27,884,12,882,25],"class_list":{"0":"post-662536","1":"post","2":"type-post","3":"status-publish","4":"format-standard","5":"has-post-thumbnail","7":"category-marseille","8":"tag-actu","9":"tag-actualites","10":"tag-colere-des-agriculteurs","11":"tag-eu","12":"tag-europe","13":"tag-fr","14":"tag-france","15":"tag-marseille","16":"tag-news","17":"tag-provence-alpes-cote-dazur","18":"tag-republique-francaise"},"share_on_mastodon":{"url":"https:\/\/pubeurope.com\/@fr\/115892587368089838","error":""},"_links":{"self":[{"href":"https:\/\/www.europesays.com\/fr\/wp-json\/wp\/v2\/posts\/662536","targetHints":{"allow":["GET"]}}],"collection":[{"href":"https:\/\/www.europesays.com\/fr\/wp-json\/wp\/v2\/posts"}],"about":[{"href":"https:\/\/www.europesays.com\/fr\/wp-json\/wp\/v2\/types\/post"}],"author":[{"embeddable":true,"href":"https:\/\/www.europesays.com\/fr\/wp-json\/wp\/v2\/users\/2"}],"replies":[{"embeddable":true,"href":"https:\/\/www.europesays.com\/fr\/wp-json\/wp\/v2\/comments?post=662536"}],"version-history":[{"count":0,"href":"https:\/\/www.europesays.com\/fr\/wp-json\/wp\/v2\/posts\/662536\/revisions"}],"wp:featuredmedia":[{"embeddable":true,"href":"https:\/\/www.europesays.com\/fr\/wp-json\/wp\/v2\/media\/662537"}],"wp:attachment":[{"href":"https:\/\/www.europesays.com\/fr\/wp-json\/wp\/v2\/media?parent=662536"}],"wp:term":[{"taxonomy":"category","embeddable":true,"href":"https:\/\/www.europesays.com\/fr\/wp-json\/wp\/v2\/categories?post=662536"},{"taxonomy":"post_tag","embeddable":true,"href":"https:\/\/www.europesays.com\/fr\/wp-json\/wp\/v2\/tags?post=662536"}],"curies":[{"name":"wp","href":"https:\/\/api.w.org\/{rel}","templated":true}]}}