{"id":662539,"date":"2026-01-14T08:49:16","date_gmt":"2026-01-14T08:49:16","guid":{"rendered":"https:\/\/www.europesays.com\/fr\/662539\/"},"modified":"2026-01-14T08:49:16","modified_gmt":"2026-01-14T08:49:16","slug":"les-passagers-lyonnais-sont-ils-les-plus-sympas-selon-uber","status":"publish","type":"post","link":"https:\/\/www.europesays.com\/fr\/662539\/","title":{"rendered":"Les passagers lyonnais sont-ils les plus sympas selon Uber ?"},"content":{"rendered":"<p itemprop=\"description\"><strong>La capitale des Gaules se distingue par la gentillesse et la courtoisie de ses voyageurs.<\/strong><\/p>\n<p>Les utilisateurs d\u2019Uber \u00e0 Lyon sont cette ann\u00e9e particuli\u00e8rement bien not\u00e9s. Avec une moyenne de 4,90 sur 5, les passagers lyonnais figurent parmi les plus appr\u00e9ci\u00e9s de France.<\/p>\n<p>Le classement annuel, qui compile des millions de notes sur les trajets Uber, montre une tendance claire : les villes du Nord comme Saint-Quentin dominent le haut du podium, mais Lyon se d\u00e9marque aussi dans le peloton de t\u00eate, loin devant la capitale nationale, Paris, qui termine \u00e0 4,85\/5, pire ville de France parmi celles \u00e9valu\u00e9es.<\/p>\n<p>Des r\u00e9sultats confirment que les passagers fran\u00e7ais continuent de progresser, la note moyenne nationale passant \u00e0 4,89 sur 5 en 2026, un chiffre sup\u00e9rieur \u00e0 la moyenne mondiale qui est de 4,84.<\/p>\n<p>Lyon est donc symboliquement au-dessus de la notation moyenne fran\u00e7aise dans ce classement qui se base surtout sur des principes de courtoisie, de politesse, de ponctualit\u00e9 et de respect du code de la route, atout que les Lyonnais ma\u00eetrisent d\u00e9j\u00e0 parfaitement avec la multiplication des travaux dans son centre-ville.<\/p>\n","protected":false},"excerpt":{"rendered":"La capitale des Gaules se distingue par la gentillesse et la courtoisie de ses voyageurs. Les utilisateurs d\u2019Uber&hellip;\n","protected":false},"author":2,"featured_media":662540,"comment_status":"","ping_status":"","sticky":false,"template":"","format":"standard","meta":{"footnotes":""},"categories":[1889],"tags":[1111,11,2813,2190,2430,1109,251,1112,2811,1777,674,118,1011,27,1922,1110,1114,2428,2810,12,241,316,25,2812,517,800],"class_list":{"0":"post-662539","1":"post","2":"type-post","3":"status-publish","4":"format-standard","5":"has-post-thumbnail","7":"category-lyon","8":"tag-actu","9":"tag-actualites","10":"tag-article","11":"tag-asvel","12":"tag-auvergne-rhone-alpes","13":"tag-breves","14":"tag-culture","15":"tag-depeches","16":"tag-economique","17":"tag-eu","18":"tag-europe","19":"tag-faits-divers","20":"tag-fr","21":"tag-france","22":"tag-info","23":"tag-informations","24":"tag-infos","25":"tag-lyon","26":"tag-lyonmag","27":"tag-news","28":"tag-ol","29":"tag-politique","30":"tag-republique-francaise","31":"tag-sociale","32":"tag-sport","33":"tag-transports"},"share_on_mastodon":{"url":"https:\/\/pubeurope.com\/@fr\/115892595238923309","error":""},"_links":{"self":[{"href":"https:\/\/www.europesays.com\/fr\/wp-json\/wp\/v2\/posts\/662539","targetHints":{"allow":["GET"]}}],"collection":[{"href":"https:\/\/www.europesays.com\/fr\/wp-json\/wp\/v2\/posts"}],"about":[{"href":"https:\/\/www.europesays.com\/fr\/wp-json\/wp\/v2\/types\/post"}],"author":[{"embeddable":true,"href":"https:\/\/www.europesays.com\/fr\/wp-json\/wp\/v2\/users\/2"}],"replies":[{"embeddable":true,"href":"https:\/\/www.europesays.com\/fr\/wp-json\/wp\/v2\/comments?post=662539"}],"version-history":[{"count":0,"href":"https:\/\/www.europesays.com\/fr\/wp-json\/wp\/v2\/posts\/662539\/revisions"}],"wp:featuredmedia":[{"embeddable":true,"href":"https:\/\/www.europesays.com\/fr\/wp-json\/wp\/v2\/media\/662540"}],"wp:attachment":[{"href":"https:\/\/www.europesays.com\/fr\/wp-json\/wp\/v2\/media?parent=662539"}],"wp:term":[{"taxonomy":"category","embeddable":true,"href":"https:\/\/www.europesays.com\/fr\/wp-json\/wp\/v2\/categories?post=662539"},{"taxonomy":"post_tag","embeddable":true,"href":"https:\/\/www.europesays.com\/fr\/wp-json\/wp\/v2\/tags?post=662539"}],"curies":[{"name":"wp","href":"https:\/\/api.w.org\/{rel}","templated":true}]}}