{"id":662541,"date":"2026-01-14T08:50:27","date_gmt":"2026-01-14T08:50:27","guid":{"rendered":"https:\/\/www.europesays.com\/fr\/662541\/"},"modified":"2026-01-14T08:50:27","modified_gmt":"2026-01-14T08:50:27","slug":"un-mercredi-entre-nuages-et-soleil-a-lyon-jusqua-14-degres-attendus","status":"publish","type":"post","link":"https:\/\/www.europesays.com\/fr\/662541\/","title":{"rendered":"Un mercredi entre nuages et soleil \u00e0 Lyon, jusqu&rsquo;\u00e0 14 degr\u00e9s attendus"},"content":{"rendered":"<p>                            <img loading=\"lazy\" width=\"1200\" height=\"900\" class=\"attachment-article size-article wp-post-image lazyload\" alt=\"\" decoding=\"async\" src=\"https:\/\/www.europesays.com\/fr\/wp-content\/uploads\/2025\/06\/lyon-confluence-e1680498447691-scaled-e1748417399851-1200x900.jpg\" data-eio-rwidth=\"1200\" data-eio-rheight=\"900\"\/><\/p>\n<p>Lever de soleil \u00e0 Lyon sur le Mus\u00e9e des Confluence.<\/p>\n<p class=\"content\" style=\"font-size:1.2em;font-weight:700\">C&rsquo;est de nouveau une journ\u00e9e particuli\u00e8rement douce qui attend l&rsquo;agglom\u00e9ration lyonnaise ce mercredi 14 janvier 2026.<\/p>\n<p>La semaine se poursuit sous le signe de la douceur \u00e0 Lyon. Ce mercredi 14 janvier les temp\u00e9ratures seront encore tr\u00e8s douces sous un vent de sud toujours assez fort. Il fait d\u00e9j\u00e0 11 degr\u00e9s ce mercredi matin et le mercure grimpera jusqu&rsquo;\u00e0 14 degr\u00e9s au meilleur de la journ\u00e9e. Des valeurs 7 degr\u00e9s au dessus des normales de saison.<\/p>\n<p>C\u00f4t\u00e9 ciel, les nuages alterneront tout au long de la journ\u00e9e avec le soleil qui devrait \u00eatre pr\u00e9sent sous forme de belles \u00e9claircies dans l&rsquo;apr\u00e8s-midi. Aucune pluie n&rsquo;est pr\u00e9vu ce mercredi.<\/p>\n","protected":false},"excerpt":{"rendered":"Lever de soleil \u00e0 Lyon sur le Mus\u00e9e des Confluence. C&rsquo;est de nouveau une journ\u00e9e particuli\u00e8rement douce qui&hellip;\n","protected":false},"author":2,"featured_media":155710,"comment_status":"","ping_status":"","sticky":false,"template":"","format":"standard","meta":{"footnotes":""},"categories":[1889],"tags":[1111,11,2430,1777,674,1011,27,2428,12,25],"class_list":{"0":"post-662541","1":"post","2":"type-post","3":"status-publish","4":"format-standard","5":"has-post-thumbnail","7":"category-lyon","8":"tag-actu","9":"tag-actualites","10":"tag-auvergne-rhone-alpes","11":"tag-eu","12":"tag-europe","13":"tag-fr","14":"tag-france","15":"tag-lyon","16":"tag-news","17":"tag-republique-francaise"},"share_on_mastodon":{"url":"https:\/\/pubeurope.com\/@fr\/115892599027382446","error":""},"_links":{"self":[{"href":"https:\/\/www.europesays.com\/fr\/wp-json\/wp\/v2\/posts\/662541","targetHints":{"allow":["GET"]}}],"collection":[{"href":"https:\/\/www.europesays.com\/fr\/wp-json\/wp\/v2\/posts"}],"about":[{"href":"https:\/\/www.europesays.com\/fr\/wp-json\/wp\/v2\/types\/post"}],"author":[{"embeddable":true,"href":"https:\/\/www.europesays.com\/fr\/wp-json\/wp\/v2\/users\/2"}],"replies":[{"embeddable":true,"href":"https:\/\/www.europesays.com\/fr\/wp-json\/wp\/v2\/comments?post=662541"}],"version-history":[{"count":0,"href":"https:\/\/www.europesays.com\/fr\/wp-json\/wp\/v2\/posts\/662541\/revisions"}],"wp:featuredmedia":[{"embeddable":true,"href":"https:\/\/www.europesays.com\/fr\/wp-json\/wp\/v2\/media\/155710"}],"wp:attachment":[{"href":"https:\/\/www.europesays.com\/fr\/wp-json\/wp\/v2\/media?parent=662541"}],"wp:term":[{"taxonomy":"category","embeddable":true,"href":"https:\/\/www.europesays.com\/fr\/wp-json\/wp\/v2\/categories?post=662541"},{"taxonomy":"post_tag","embeddable":true,"href":"https:\/\/www.europesays.com\/fr\/wp-json\/wp\/v2\/tags?post=662541"}],"curies":[{"name":"wp","href":"https:\/\/api.w.org\/{rel}","templated":true}]}}