{"id":662542,"date":"2026-01-14T08:52:39","date_gmt":"2026-01-14T08:52:39","guid":{"rendered":"https:\/\/www.europesays.com\/fr\/662542\/"},"modified":"2026-01-14T08:52:39","modified_gmt":"2026-01-14T08:52:39","slug":"greve-sncf-ce-mardi-en-ile-de-france-trafic-tres-perturbe-sur-le-rer-d-les-previsions-detaillees","status":"publish","type":"post","link":"https:\/\/www.europesays.com\/fr\/662542\/","title":{"rendered":"Gr\u00e8ve SNCF ce mardi en \u00cele-de-France\u00a0: trafic tr\u00e8s perturb\u00e9 sur le RER D, les pr\u00e9visions d\u00e9taill\u00e9es"},"content":{"rendered":"<p>Des perturbations sont \u00e0 pr\u00e9voir, ce mardi, sur certaines lignes de transports en \u00cele-de-France. Le RER D est l&rsquo;une des plus touch\u00e9e avec la moiti\u00e9 des trains supprim\u00e9s.<\/p>\n<p>Un appel \u00e0 la gr\u00e8ve interne \u00e0 la SNCF va perturber le trafic de certaines lignes de transports en \u00cele-de-France. Les RER D et E ainsi que la ligne R du Transilien sont concern\u00e9es. Voici les pr\u00e9visions d\u00e9taill\u00e9es.<\/p>\n<ul>\n<li><strong>RER D, trafic tr\u00e8s perturb\u00e9\u00a0:<\/strong> pr\u00e9voir 1 train sur 2 sur la branche Corbeil-Essonnes \u2013 Creil et sur l&rsquo;axe Melun \u2013Goussainville, pr\u00e9voir 1 train sur 4 entre Juvisy et Malesherbes via Ris-Orangis. Le trafic est toujours interrompu entre Melun et Corbeil-Essonnes (voir plus bas).<\/li>\n<li><strong>RER E, trafic perturb\u00e9\u00a0:<\/strong> pr\u00e9voir 2 trains sur 3.<\/li>\n<li><strong>Ligne R, trafic perturb\u00e9\u00a0:<\/strong> pr\u00e9voir 2 trains sur 3.<\/li>\n<\/ul>\n<p>Face \u00e0 l&rsquo;affluence redout\u00e9e dans les trains, la SNCF recommande aux usagers de ces lignes de \u00ab\u00a0limiter leurs d\u00e9placements\u00a0\u00bb. Le trafic est annonc\u00e9 \u00ab\u00a0normal\u00a0\u00bb sur les autres lignes (RER\u00a0 A, B et C ainsi que les Transiliens H, J, K, L, N, P, U et V).<\/p>\n<p>N\u00e9gociations avec la direction<\/p>\n<p>\u00c0 l&rsquo;origine de ce mouvement, la CGT-Cheminots et SUD-Rail, ont lanc\u00e9 un appel \u00e0 la gr\u00e8ve pour r\u00e9clamer une am\u00e9lioration des salaires et des conditions de travail alors que s&rsquo;ouvrent les n\u00e9gociations annuelles obligatoires (NAO) au sein de la SNCF.<\/p>\n<p>Malgr\u00e9 le versement d&rsquo;une prime en d\u00e9cembre par la direction, la CGT-Cheminots et SUD-Rail estiment que le compte n&rsquo;y est pas. Dans un tract publi\u00e9 jeudi dernier, la CGT r\u00e9clame une hausse des salaires et des pensions, ainsi que la mise en place d&rsquo;un treizi\u00e8me mois pour tous les cheminots.<\/p>\n<p>Le syndicat d\u00e9nonce \u00e9galement les recrutements insuffisants et la d\u00e9gradation des conditions de travail, en appelant \u00e0 la mobilisation. De son c\u00f4t\u00e9, SUD-Rail demande \u00e0 la direction de revaloriser imm\u00e9diatement les salaires de 400 euros pour tous les salari\u00e9s, ainsi qu&rsquo;une augmentation des primes.<\/p>\n<p>Trafic toujours perturb\u00e9 par la temp\u00eate<\/p>\n<p>Le trafic est interrompu ce lundi matin sur la ligne D entre Melun et Corbeil-Essonnes dans les deux sens jusqu&rsquo;\u00e0 mercredi matin. Une interruption due au passage de la temp\u00eate Goretti qui a provoqu\u00e9 la chute d\u2019un arbre sur les voies dans le secteur de Vosves. D&rsquo;importants travaux sont n\u00e9cessaires pour r\u00e9tablir l&rsquo; alimentation \u00e9lectrique permettant aux trains de\u00a0 circuler.<\/p>\n","protected":false},"excerpt":{"rendered":"Des perturbations sont \u00e0 pr\u00e9voir, ce mardi, sur certaines lignes de transports en \u00cele-de-France. Le RER D est&hellip;\n","protected":false},"author":2,"featured_media":662543,"comment_status":"","ping_status":"","sticky":false,"template":"","format":"standard","meta":{"footnotes":""},"categories":[1592],"tags":[1111,11,1777,674,1011,27,662,12,626,25],"class_list":{"0":"post-662542","1":"post","2":"type-post","3":"status-publish","4":"format-standard","5":"has-post-thumbnail","7":"category-ile-de-france","8":"tag-actu","9":"tag-actualites","10":"tag-eu","11":"tag-europe","12":"tag-fr","13":"tag-france","14":"tag-ile-de-france","15":"tag-news","16":"tag-paris","17":"tag-republique-francaise"},"share_on_mastodon":{"url":"https:\/\/pubeurope.com\/@fr\/115892606966296115","error":""},"_links":{"self":[{"href":"https:\/\/www.europesays.com\/fr\/wp-json\/wp\/v2\/posts\/662542","targetHints":{"allow":["GET"]}}],"collection":[{"href":"https:\/\/www.europesays.com\/fr\/wp-json\/wp\/v2\/posts"}],"about":[{"href":"https:\/\/www.europesays.com\/fr\/wp-json\/wp\/v2\/types\/post"}],"author":[{"embeddable":true,"href":"https:\/\/www.europesays.com\/fr\/wp-json\/wp\/v2\/users\/2"}],"replies":[{"embeddable":true,"href":"https:\/\/www.europesays.com\/fr\/wp-json\/wp\/v2\/comments?post=662542"}],"version-history":[{"count":0,"href":"https:\/\/www.europesays.com\/fr\/wp-json\/wp\/v2\/posts\/662542\/revisions"}],"wp:featuredmedia":[{"embeddable":true,"href":"https:\/\/www.europesays.com\/fr\/wp-json\/wp\/v2\/media\/662543"}],"wp:attachment":[{"href":"https:\/\/www.europesays.com\/fr\/wp-json\/wp\/v2\/media?parent=662542"}],"wp:term":[{"taxonomy":"category","embeddable":true,"href":"https:\/\/www.europesays.com\/fr\/wp-json\/wp\/v2\/categories?post=662542"},{"taxonomy":"post_tag","embeddable":true,"href":"https:\/\/www.europesays.com\/fr\/wp-json\/wp\/v2\/tags?post=662542"}],"curies":[{"name":"wp","href":"https:\/\/api.w.org\/{rel}","templated":true}]}}