{"id":662544,"date":"2026-01-14T08:53:11","date_gmt":"2026-01-14T08:53:11","guid":{"rendered":"https:\/\/www.europesays.com\/fr\/662544\/"},"modified":"2026-01-14T08:53:11","modified_gmt":"2026-01-14T08:53:11","slug":"votre-bebe-va-bien-de-quoi-vous-plaignez-vous-a-la-maternite-les-soins-irrespectueux-ont-la-peau-dure","status":"publish","type":"post","link":"https:\/\/www.europesays.com\/fr\/662544\/","title":{"rendered":"\u00ab\u00a0Votre b\u00e9b\u00e9 va bien, de quoi vous plaignez-vous\u00a0?\u00a0\u00bb\u00a0: \u00e0 la maternit\u00e9, les soins irrespectueux ont la peau dure"},"content":{"rendered":"<p class=\"\">\u00c0 la question : \u00ab Est-ce que vous avez v\u00e9cu, des paroles, des gestes ou des comportements de soignants qui vous ont bless\u00e9e, choqu\u00e9e ou qui ont mis mal \u00e0 l\u2019aise ? \u00bb, un quart des 7 189 nouvelles m\u00e8res interrog\u00e9es (soit, 24,9 %) ont r\u00e9pondu par l\u2019affirmative. Si le concept de \u00ab soins irrespectueux \u00bb englobe la violence physique, verbale ou sexuelle, nous nous concentrerons sur les remarques blessantes, dont l\u2019impact est souvent minimis\u00e9.<\/p>\n","protected":false},"excerpt":{"rendered":"\u00c0 la question : \u00ab Est-ce que vous avez v\u00e9cu, des paroles, des gestes ou des comportements de&hellip;\n","protected":false},"author":2,"featured_media":662545,"comment_status":"","ping_status":"","sticky":false,"template":"","format":"standard","meta":{"footnotes":""},"categories":[1888],"tags":[1111,1928,11,1927,1777,674,1011,27,12,1926,626,1925,25,71,104],"class_list":{"0":"post-662544","1":"post","2":"type-post","3":"status-publish","4":"format-standard","5":"has-post-thumbnail","7":"category-paris","8":"tag-actu","9":"tag-actu-paris","10":"tag-actualites","11":"tag-actualites-paris","12":"tag-eu","13":"tag-europe","14":"tag-fr","15":"tag-france","16":"tag-news","17":"tag-news-paris","18":"tag-paris","19":"tag-paris-news","20":"tag-republique-francaise","21":"tag-sante","22":"tag-societe"},"share_on_mastodon":{"url":"https:\/\/pubeurope.com\/@fr\/115892610893617542","error":""},"_links":{"self":[{"href":"https:\/\/www.europesays.com\/fr\/wp-json\/wp\/v2\/posts\/662544","targetHints":{"allow":["GET"]}}],"collection":[{"href":"https:\/\/www.europesays.com\/fr\/wp-json\/wp\/v2\/posts"}],"about":[{"href":"https:\/\/www.europesays.com\/fr\/wp-json\/wp\/v2\/types\/post"}],"author":[{"embeddable":true,"href":"https:\/\/www.europesays.com\/fr\/wp-json\/wp\/v2\/users\/2"}],"replies":[{"embeddable":true,"href":"https:\/\/www.europesays.com\/fr\/wp-json\/wp\/v2\/comments?post=662544"}],"version-history":[{"count":0,"href":"https:\/\/www.europesays.com\/fr\/wp-json\/wp\/v2\/posts\/662544\/revisions"}],"wp:featuredmedia":[{"embeddable":true,"href":"https:\/\/www.europesays.com\/fr\/wp-json\/wp\/v2\/media\/662545"}],"wp:attachment":[{"href":"https:\/\/www.europesays.com\/fr\/wp-json\/wp\/v2\/media?parent=662544"}],"wp:term":[{"taxonomy":"category","embeddable":true,"href":"https:\/\/www.europesays.com\/fr\/wp-json\/wp\/v2\/categories?post=662544"},{"taxonomy":"post_tag","embeddable":true,"href":"https:\/\/www.europesays.com\/fr\/wp-json\/wp\/v2\/tags?post=662544"}],"curies":[{"name":"wp","href":"https:\/\/api.w.org\/{rel}","templated":true}]}}