{"id":662546,"date":"2026-01-14T08:54:10","date_gmt":"2026-01-14T08:54:10","guid":{"rendered":"https:\/\/www.europesays.com\/fr\/662546\/"},"modified":"2026-01-14T08:54:10","modified_gmt":"2026-01-14T08:54:10","slug":"projection-courts-de-comedies-ville-de-paris","status":"publish","type":"post","link":"https:\/\/www.europesays.com\/fr\/662546\/","title":{"rendered":"Projection COURTS DE COMEDIES &#8211; Ville de Paris"},"content":{"rendered":"<p>  Ceux du Rail &amp; CINE FAC sont heureux de vous inviter \u00e0 une s\u00e9ance de<br \/>\n courts-m\u00e9trages intitul\u00e9e COURTS DE COMEDIES, suivie d\u2019une rencontre<br \/>\navec les \u00e9quipes des films.<\/p>\n<p>Mercredi 14 janvier 2026 \u00e0 18H00<br \/>Universit\u00e9 Sorbonne-Nouvelle<br \/>Campus Nation<br \/>Salle de Projection<br \/>8 avenue Saint-Mand\u00e9 75012 Paris<br \/>M\u00e9tro Nation<\/p>\n<p><strong><\/p>\n<p>Au programme\u00a0:<br \/><\/strong><br \/>La cr\u00e8che (Francis Lalau)\u00a0\u2013 3 mn<br \/>La guilde des chevaliers du bouclier d\u2019argent d\u00e9chu (Robin Viale)\u00a0\u2013 15 mn<br \/>D\u00e9sert (Marie Christine Martin d\u2019Aigueperse)\u00a0\u2013 1 mn<br \/>ChoXolatine (Jos\u00e9 Joubert)\u00a0\u2013 9,40 mn<br \/>La derni\u00e8re ile (Guillaume Neltro)\u00a0\u2013 7,50 mn<br \/>Donne batterie (Carmen Leroi)\u00a0\u2013 25,00 mn<br \/>L\u2019affaire Beverley (Franck Higelin)\u00a0\u2013 5,5 mn<br \/>D\u2019apr\u00e8s une histoire invent\u00e9e (Charles Ritter)\u00a0\u2013 11,30 mn<br \/>Bref (C\u00e9dric Lefebvre)\u00a0\u2013 3,1 mn<br \/> Une folle journ\u00e9e (Olivier Leclerc et G\u00e9rard Dejoux)\u00a0\u2013 8,40 mn<\/p>\n<p>Entr\u00e9e gratuite, r\u00e9servation obligatoire pour les personnes ext\u00e9rieures \u00e0<br \/>\n l\u2019Universit\u00e9 Sorbonne Nouvelle via le formulaire ci-dessous\u00a0: <a href=\"http:\/\/www.cinefac.fr\/ap.asp?EvID=517\" target=\"_blank\" rel=\"noopener\" title=\"Ouverture dans un nouvel onglet\">http:\/\/www.cinefac.fr\/ap.asp?EvID=517<\/a><\/p>\n","protected":false},"excerpt":{"rendered":"Ceux du Rail &amp; CINE FAC sont heureux de vous inviter \u00e0 une s\u00e9ance de courts-m\u00e9trages intitul\u00e9e COURTS&hellip;\n","protected":false},"author":2,"featured_media":662547,"comment_status":"","ping_status":"","sticky":false,"template":"","format":"standard","meta":{"footnotes":""},"categories":[1888],"tags":[1111,1928,11,1927,1777,674,1011,27,12,1926,626,1925,25],"class_list":{"0":"post-662546","1":"post","2":"type-post","3":"status-publish","4":"format-standard","5":"has-post-thumbnail","7":"category-paris","8":"tag-actu","9":"tag-actu-paris","10":"tag-actualites","11":"tag-actualites-paris","12":"tag-eu","13":"tag-europe","14":"tag-fr","15":"tag-france","16":"tag-news","17":"tag-news-paris","18":"tag-paris","19":"tag-paris-news","20":"tag-republique-francaise"},"share_on_mastodon":{"url":"https:\/\/pubeurope.com\/@fr\/115892615010942124","error":""},"_links":{"self":[{"href":"https:\/\/www.europesays.com\/fr\/wp-json\/wp\/v2\/posts\/662546","targetHints":{"allow":["GET"]}}],"collection":[{"href":"https:\/\/www.europesays.com\/fr\/wp-json\/wp\/v2\/posts"}],"about":[{"href":"https:\/\/www.europesays.com\/fr\/wp-json\/wp\/v2\/types\/post"}],"author":[{"embeddable":true,"href":"https:\/\/www.europesays.com\/fr\/wp-json\/wp\/v2\/users\/2"}],"replies":[{"embeddable":true,"href":"https:\/\/www.europesays.com\/fr\/wp-json\/wp\/v2\/comments?post=662546"}],"version-history":[{"count":0,"href":"https:\/\/www.europesays.com\/fr\/wp-json\/wp\/v2\/posts\/662546\/revisions"}],"wp:featuredmedia":[{"embeddable":true,"href":"https:\/\/www.europesays.com\/fr\/wp-json\/wp\/v2\/media\/662547"}],"wp:attachment":[{"href":"https:\/\/www.europesays.com\/fr\/wp-json\/wp\/v2\/media?parent=662546"}],"wp:term":[{"taxonomy":"category","embeddable":true,"href":"https:\/\/www.europesays.com\/fr\/wp-json\/wp\/v2\/categories?post=662546"},{"taxonomy":"post_tag","embeddable":true,"href":"https:\/\/www.europesays.com\/fr\/wp-json\/wp\/v2\/tags?post=662546"}],"curies":[{"name":"wp","href":"https:\/\/api.w.org\/{rel}","templated":true}]}}