{"id":662548,"date":"2026-01-14T08:55:16","date_gmt":"2026-01-14T08:55:16","guid":{"rendered":"https:\/\/www.europesays.com\/fr\/662548\/"},"modified":"2026-01-14T08:55:16","modified_gmt":"2026-01-14T08:55:16","slug":"mais-que-vient-faire-emmanuel-macron-dans-le-cockpit-dun-avion-pilote-par-thomas-pesquet","status":"publish","type":"post","link":"https:\/\/www.europesays.com\/fr\/662548\/","title":{"rendered":"mais que vient faire Emmanuel Macron dans le cockpit d&rsquo;un avion pilot\u00e9 par Thomas Pesquet\u00a0?"},"content":{"rendered":"<p>                    Par<br \/>\n        <strong><br \/>\n            <a href=\"https:\/\/actu.fr\/auteur\/redaction-actu\" title=\"Consulter tous les articles de R\u00e9daction Actu\" target=\"_blank\" rel=\"noopener\">R\u00e9daction Actu<\/a><br \/>\n                    <\/strong><\/p>\n<p>        Publi\u00e9 le<\/p>\n<p>            14 janv. 2026 \u00e0 5h32        <\/p>\n<p>L\u2019astronaute <a href=\"https:\/\/actu.fr\/tag\/thomas-pesquet\" target=\"_blank\" rel=\"noopener\">Thomas Pesquet<\/a> sera aux commandes du <strong>ravitailleur A330 MRTT<\/strong> qui ram\u00e8nera <a href=\"https:\/\/actu.fr\/tag\/emmanuel-macron\" target=\"_blank\" rel=\"noopener\">Emmanuel Macron<\/a> de la base a\u00e9rienne d\u2019Istres (<a href=\"https:\/\/actu.fr\/provence-alpes-cote-d-azur\/bouches-du-rhone_13\" target=\"_blank\" rel=\"noopener\">Bouches-du-Rh\u00f4ne<\/a>) \u00e0 Orly jeudi 15 janvier 2026, \u00e0 l\u2019issue de la traditionnelle c\u00e9r\u00e9monie des voeux aux <a href=\"https:\/\/actu.fr\/tag\/armee\" target=\"_blank\" rel=\"noopener\">Arm\u00e9es<\/a>, a annonc\u00e9 mardi 13 janvier l\u2019\u00c9lys\u00e9e.<\/p>\n<p class=\" wall-content\">Le chef de l\u2019\u00c9tat prononcera \u00e0 cette occasion un discours qui sera en grand partie ax\u00e9 sur l\u2019actualisation de la loi de programmation militaire (LPM) 2024-2030, rendue plus compliqu\u00e9e par <a href=\"https:\/\/actu.fr\/politique\/budget-2026-pourquoi-le-49-3-semble-etre-la-derniere-option-envisageable-pour-sebastien-lecornu_63689517.html\" target=\"_blank\" rel=\"noopener\">l\u2019impasse budg\u00e9taire actuelle<\/a>, et sur les grands enjeux g\u00e9opolitiques du moment, de l\u2019Ukraine au <a href=\"https:\/\/actu.fr\/monde\/dans-deux-mois-donald-trump-menace-encore-d-annexer-le-groenland-mais-que-veut-il-vraiment-la-bas_63654343.html\" target=\"_blank\" rel=\"noopener\">Groenland<\/a>.<\/p>\n<p>Budget des Arm\u00e9es en hausse<\/p>\n<p class=\" wall-content\">La loi de programmation militaire (LPM) vot\u00e9e en juillet 2023 pr\u00e9voit <strong>413 milliards d\u2019euros pour les arm\u00e9es de 2024 \u00e0 2030<\/strong>.<\/p>\n<p class=\" wall-content\">Mais Emmanuel Macron a demand\u00e9 le 13 juillet dernier une rallonge budg\u00e9taire de 3,5 milliards d\u2019euros en 2026 et 3 milliards en 2027 face \u00e0 \u00ab\u00a0un monde plus brutal\u00a0\u00bb et \u00e0 l\u2019aggravation des <a href=\"https:\/\/actu.fr\/monde\/si-elle-veut-la-guerre-avec-la-russie-nous-sommes-prets-la-menace-de-vladimir-poutine-envers-l-europe_63519192.html\" target=\"_blank\" rel=\"noopener\">menaces, \u00e9manant notamment de la Russie<\/a>, de sorte que le budget de la d\u00e9fense aura quasiment doubl\u00e9 en dix ans sous ses deux mandats, pour atteindre pr\u00e8s de 64 milliards d\u2019euros annuels \u00e0 cet horizon.<\/p>\n<p class=\" wall-content\">Cette actualisation de la LPM, plusieurs fois report\u00e9e, doit intervenir d\u00e9sormais avant l\u2019\u00e9t\u00e9, a pr\u00e9cis\u00e9 lundi <a href=\"https:\/\/actu.fr\/politique\/gouvernement-barnier-qui-est-catherine-vautrin-la-nouvelle-ministre-des-territoires_61630962.html\" target=\"_blank\" rel=\"noopener\">la ministre des Arm\u00e9es, Catherine Vautrin<\/a>.<\/p>\n<p>Dans le cockpit avec Thomas Pesquet<\/p>\n<p class=\" wall-content\">A l\u2019issue de la s\u00e9quence \u00e0 Istres, il montera dans un MRTT, direction Orly, o\u00f9 <strong>il assistera au d\u00e9collage et \u00e0 l\u2019atterrissage depuis le cockpit<\/strong> ainsi qu\u2019\u00e0 des d\u00e9monstrations en vol, notamment de ravitaillement d\u2019un avion de combat Rafale et d\u2019\u00e9vacuation de bless\u00e9s.<\/p>\n<p class=\" wall-content\"><a href=\"https:\/\/actu.fr\/provence-alpes-cote-d-azur\/marseille_13055\/pres-de-marseille-thomas-pesquet-rejoint-la-base-aerienne-d-istres-voici-pourquoi_61471169.html\" target=\"_blank\" rel=\"noopener\">Thomas Pesquet est \u00ab\u00a0colonel de r\u00e9serve dans l\u2019arm\u00e9e de l\u2019Air<\/a> affect\u00e9 \u00e0 Istres\u00a0\u00bb et a \u00ab\u00a0tous les brevets et dipl\u00f4mes pour piloter un MRTT\u00a0\u00bb, a pr\u00e9cis\u00e9 la pr\u00e9sidence.<\/p>\n<p>Votre r\u00e9gion, votre actu !<\/p>\n<p>Recevez chaque jour les infos qui comptent pour vous.<\/p>\n<p>\t<a href=\"https:\/\/actu.fr\/newsletter\" class=\"ac-btn ac-btn--corner ac-btn--medium ac-btn--blue800\" target=\"_blank\" rel=\"noopener\">S&rsquo;incrire<\/a><\/p>\n<p>    <img   decoding=\"async\" loading=\"lazy\" src=\"https:\/\/www.europesays.com\/fr\/wp-content\/uploads\/2026\/01\/avion-a330-mrtt-armees-2-960x640.jpg\" alt=\"Le ravitailleur A330 MRTT. \" width=\"960\" height=\"640\"\/><br \/>\n    Le ravitailleur A330 MRTT\u00a0Phenix, \u00e0 l\u2019occasion du 14 juillet 2025. (\u00a9MARINE GONARD \/ AFP)Risque accru de conflit<\/p>\n<p class=\" wall-content\">Le projet de budget pour 2026 comprend 57,1 milliards d\u2019euros de cr\u00e9dits pour la d\u00e9fense, en hausse de 13 %. Mais les difficult\u00e9s du gouvernement et du Parlement \u00e0 trouver un compris pour adopter le budget pour 2026 suscitent quelques interrogations sur la r\u00e9alisation de cette trajectoire.<\/p>\n<p class=\" wall-content\">L\u2019ann\u00e9e 2026 est aussi celle du lancement du <a href=\"https:\/\/actu.fr\/societe\/service-national-volontaire-qui-peut-rejoindre-et-comment-ce-nouveau-dispositif-purement-militaire_63496668.html\" target=\"_blank\" rel=\"noopener\">nouveau \u00ab\u00a0service national\u00a0\u00bb r\u00e9mun\u00e9r\u00e9<\/a> d\u2019une dur\u00e9e de dix mois sur le territoire national, une initiative annonc\u00e9e en novembre par le pr\u00e9sident, Emmanuel Macron, pour \u00ab\u00a0r\u00e9pondre aux besoins des arm\u00e9es\u00a0\u00bb face aux risques accrus de conflit.<\/p>\n<p class=\" wall-content\">Les arm\u00e9es comptent en enr\u00f4ler 3 000 cette ann\u00e9e (1 800 dans l\u2019arm\u00e9e de Terre, 600 dans celle de l\u2019Air et de l\u2019Espace et 600 dans la Marine), puis 4 000 en 2027, 10 000 en 2030 avec 42 500 comme ambition en 2035.<\/p>\n<p class=\" wall-content\">Le pr\u00e9sident prononcera aussi plus tard dans l\u2019ann\u00e9e un discours tr\u00e8s attendu sur la <a href=\"https:\/\/actu.fr\/tag\/nucleaire\" target=\"_blank\" rel=\"noopener\">dissuasion nucl\u00e9aire<\/a> dans un contexte de menaces accrues en Europe depuis le d\u00e9but de la <a href=\"https:\/\/actu.fr\/tag\/guerre-en-ukraine\" target=\"_blank\" rel=\"noopener\">guerre en Ukraine<\/a> en 2022.\u00a0<\/p>\n<p class=\" wall-content\"><strong>Avec AFP<\/strong><\/p>\n<p class=\" wall-content\">Personnalisez votre actualit\u00e9 en ajoutant vos villes et m\u00e9dias en favori avec <a href=\"https:\/\/moncompte.actu.fr\" title=\"D\u00e9couvez Mon Actu\" rel=\"nofollow noopener\" data-trk=\"{&quot;cta&quot;:{&quot;action&quot;:&quot;https:\\\/\\\/moncompte.actu.fr&quot;,&quot;category&quot;:&quot;mon compte&quot;,&quot;from&quot;:&quot;article footer&quot;,&quot;name&quot;:&quot;Mon actu&quot;,&quot;type&quot;:&quot;cta&quot;}}\" target=\"_blank\">Mon Actu<\/a>.<\/p>\n","protected":false},"excerpt":{"rendered":"Par R\u00e9daction Actu Publi\u00e9 le 14 janv. 2026 \u00e0 5h32 L\u2019astronaute Thomas Pesquet sera aux commandes du ravitailleur&hellip;\n","protected":false},"author":2,"featured_media":662549,"comment_status":"","ping_status":"","sticky":false,"template":"","format":"standard","meta":{"footnotes":""},"categories":[1888],"tags":[11,1813,1073,1777,674,1011,27,12,626,25,104,7470],"class_list":{"0":"post-662548","1":"post","2":"type-post","3":"status-publish","4":"format-standard","5":"has-post-thumbnail","7":"category-paris","8":"tag-actualites","9":"tag-armee","10":"tag-emmanuel-macron","11":"tag-eu","12":"tag-europe","13":"tag-fr","14":"tag-france","15":"tag-news","16":"tag-paris","17":"tag-republique-francaise","18":"tag-societe","19":"tag-thomas-pesquet"},"share_on_mastodon":{"url":"https:\/\/pubeurope.com\/@fr\/115892618827967674","error":""},"_links":{"self":[{"href":"https:\/\/www.europesays.com\/fr\/wp-json\/wp\/v2\/posts\/662548","targetHints":{"allow":["GET"]}}],"collection":[{"href":"https:\/\/www.europesays.com\/fr\/wp-json\/wp\/v2\/posts"}],"about":[{"href":"https:\/\/www.europesays.com\/fr\/wp-json\/wp\/v2\/types\/post"}],"author":[{"embeddable":true,"href":"https:\/\/www.europesays.com\/fr\/wp-json\/wp\/v2\/users\/2"}],"replies":[{"embeddable":true,"href":"https:\/\/www.europesays.com\/fr\/wp-json\/wp\/v2\/comments?post=662548"}],"version-history":[{"count":0,"href":"https:\/\/www.europesays.com\/fr\/wp-json\/wp\/v2\/posts\/662548\/revisions"}],"wp:featuredmedia":[{"embeddable":true,"href":"https:\/\/www.europesays.com\/fr\/wp-json\/wp\/v2\/media\/662549"}],"wp:attachment":[{"href":"https:\/\/www.europesays.com\/fr\/wp-json\/wp\/v2\/media?parent=662548"}],"wp:term":[{"taxonomy":"category","embeddable":true,"href":"https:\/\/www.europesays.com\/fr\/wp-json\/wp\/v2\/categories?post=662548"},{"taxonomy":"post_tag","embeddable":true,"href":"https:\/\/www.europesays.com\/fr\/wp-json\/wp\/v2\/tags?post=662548"}],"curies":[{"name":"wp","href":"https:\/\/api.w.org\/{rel}","templated":true}]}}