{"id":66255,"date":"2025-05-01T06:29:15","date_gmt":"2025-05-01T06:29:15","guid":{"rendered":"https:\/\/www.europesays.com\/fr\/66255\/"},"modified":"2025-05-01T06:29:15","modified_gmt":"2025-05-01T06:29:15","slug":"soleil-et-30c-a-paris-et-en-ile-de-france-les-temperatures-vont-bientot-chuter-de-15-degres-mais-quand","status":"publish","type":"post","link":"https:\/\/www.europesays.com\/fr\/66255\/","title":{"rendered":"soleil et 30\u00b0C \u00e0 Paris et en \u00cele-de-France ! Les temp\u00e9ratures vont bient\u00f4t chuter de 15 degr\u00e9s ! Mais quand ?"},"content":{"rendered":"<p> <img decoding=\"async\" fetchpriority=\"high\" src=\"https:\/\/www.europesays.com\/fr\/wp-content\/uploads\/2025\/05\/dailymotion-x9isadg_1024.jpg\"  width=\"768\" height=\"432\" id=\"x9isadg\"\/>  <\/p>\n<p>Alors que la barre des 30 degr\u00e9s devrait \u00eatre franchie cet apr\u00e8s-midi dans la capitale, une d\u00e9gradation orageuse marqu\u00e9e concernera l\u2019\u00cele-de-France ce week-end. Une nette d\u00e9gringolade des temp\u00e9ratures est attendue. Voici les pr\u00e9visions compl\u00e8tes.<\/p>\n<p>    <img decoding=\"async\" fetchpriority=\"high\" src=\"https:\/\/www.europesays.com\/fr\/wp-content\/uploads\/2025\/04\/marc-hay.jpg\" alt=\"Marc Hay\" width=\"40\" height=\"40\"\/>    <a class=\"nombre text-hv\" href=\"https:\/\/www.tameteo.com\/auteur\/marc-hay\/\" title=\"Marc Hay\" rel=\"nofollow noopener\" target=\"_blank\">Marc Hay<\/a>         01\/05\/2025 07:00   4 min   <\/p>\n<p>Pour l\u2019instant, tout va bien dans le meilleur des mondes. <strong>Le soleil brille et les temp\u00e9ratures sont estivales.<\/strong> Elles sont m\u00eame plus qu\u2019estivales, et il faut se rendre \u00e0 l\u2019\u00e9vidence : <strong>tout cela n\u2019est pas vraiment normal.<\/strong> De telles temp\u00e9ratures ne devraient pas \u00eatre observ\u00e9es \u00e0 cette p\u00e9riode de l\u2019ann\u00e9e.<\/p>\n<p>La chaleur, d\u00e9j\u00e0 bien pr\u00e9sente hier apr\u00e8s-midi sur la capitale et en r\u00e9gion parisienne, va encore s\u2019accentuer au cours des prochaines heures. Pour la premi\u00e8re fois de l\u2019ann\u00e9e 2025, la barre des 30 degr\u00e9s pourrait \u00eatre franchie en ce jeudi 1er mai, <strong>ce qui en ferait le 1er mai le plus chaud jamais enregistr\u00e9 depuis le d\u00e9but des relev\u00e9s m\u00e9t\u00e9o.<\/strong><\/p>\n<p>Ces temp\u00e9ratures anormalement \u00e9lev\u00e9es vont se maintenir jusqu\u2019\u00e0 demain. Samedi, avec l\u2019arriv\u00e9e des orages, les valeurs devraient perdre quelques degr\u00e9s. <strong>Il faudra ensuite s\u2019attendre litt\u00e9ralement \u00e0 une d\u00e9gringolade des temp\u00e9ratures d\u2019ici le d\u00e9but de semaine prochaine.<\/strong><\/p>\n<p><strong>Quelle sera l\u2019ampleur de cette baisse ? <\/strong>Comment vont \u00e9voluer les temp\u00e9ratures au cours des prochains jours ? Retrouvez toutes les derni\u00e8res pr\u00e9cisions dans cet article.<\/p>\n<p>Un 1er mai tr\u00e8s chaud <\/p>\n<p>Cette journ\u00e9e de jeudi s\u2019annonce exceptionnelle \u00e0 l\u2019\u00e9chelle de Paris et de sa r\u00e9gion.<strong> La capitale sera l\u2019une des villes les plus chaudes de France cet apr\u00e8s-midi,<\/strong> avec une maximale de 30 \u00b0C pr\u00e9vue \u00e0 l\u2019ombre. Tr\u00e8s localement, <strong>la barre des 30 degr\u00e9s pourrait m\u00eame \u00eatre d\u00e9pass\u00e9e en r\u00e9gion parisienne.<\/strong><\/p>\n<p><img loading=\"lazy\" decoding=\"async\" fetchpriority=\"low\" class=\"lazy \" src=\"https:\/\/www.europesays.com\/fr\/wp-content\/uploads\/2025\/05\/meteo-soleil-de-plomb-et-30-c-a-paris-et-en-ile-de-france-les-temperatures-vont-bientot-chuter-de-15.png\"  width=\"768\" height=\"432\" alt=\"Temp\u00e9ratures tr\u00e8s nettement sup\u00e9rieures aux normales de saison cet apr\u00e8s-midi.\" title=\"Temp\u00e9ratures tr\u00e8s nettement sup\u00e9rieures aux normales de saison cet apr\u00e8s-midi.\" data-image=\"v2t96m8xvyu7\"\/>Temp\u00e9ratures tr\u00e8s nettement sup\u00e9rieures aux normales de saison cet apr\u00e8s-midi. <\/p>\n<p>Avec 30 \u00b0C pr\u00e9vus cet apr\u00e8s-midi dans la capitale,<strong> ce 1er mai s\u2019annonce comme le plus chaud jamais enregistr\u00e9 \u00e0 <a href=\"https:\/\/www.tameteo.com\/meteo-Europe-France-Ile+de+France-Paris-1-1-135-29-5461.html\" data-mrf-recirculation=\"cuerpo_intext\" rel=\"nofollow noopener\" target=\"_blank\">Paris<\/a>. <\/strong>Le dernier 1er mai particuli\u00e8rement chaud remonte \u00e0 2005, avec 28,7 \u00b0C relev\u00e9s.<\/p>\n<p>Vous pouvez d\u00e8s \u00e0 pr\u00e9sent retrouver toutes nos pr\u00e9visions m\u00e9t\u00e9o compl\u00e8tes et gratuites sur <a href=\"https:\/\/www.whatsapp.com\/channel\/0029Vb5XCzJAjPXEPuVDMZ1H\" rel=\"nofollow noopener\" target=\"_blank\">la cha\u00eene WhatsApp de Meteored<\/a> !<\/p>\n<p>Si le record mensuel de chaleur ne sera pas battu aujourd\u2019hui \u2014 il est de 34,8 \u00b0C, enregistr\u00e9 le 29 mai 1944 \u2014 <strong>un record d\u00e9cadaire pourrait en revanche tomber.<\/strong> Celui-ci date du 8 mai 1976, avec 30,2 \u00b0C. Il faudra donc surveiller de pr\u00e8s l\u2019\u00e9volution des temp\u00e9ratures cet apr\u00e8s-midi dans la capitale.<\/p>\n<p>Des valeurs tr\u00e8s chaudes<\/p>\n<p>Ces temp\u00e9ratures sont tr\u00e8s nettement sup\u00e9rieures aux normales de saison, <strong>avec souvent plus de 10 degr\u00e9s d\u2019\u00e9cart.<\/strong><\/p>\n<p><a class=\"imagen \" href=\"https:\/\/www.tameteo.com\/actualites\/actualite\/meteo-des-records-de-chaleur-en-normandie-et-des-temperatures-encore-plus-elevees-attendues-ce-1er-mai-en-france-anticyclone.html\" title=\"M\u00e9t\u00e9o : des records de chaleur en Normandie, et des temp\u00e9ratures encore plus \u00e9lev\u00e9es attendues ce 1er mai en France\" rel=\"nofollow noopener\" target=\"_blank\"><img loading=\"lazy\" decoding=\"async\" fetchpriority=\"low\" class=\"lazy img-body non-editable\" src=\"https:\/\/www.europesays.com\/fr\/wp-content\/uploads\/2025\/05\/meteo-des-records-de-chaleur-en-normandie-et-des-temperatures-encore-plus-elevees-attendues-ce-1er-m.png\"  width=\"320\" height=\"225\" alt=\"M\u00e9t\u00e9o : des records de chaleur en Normandie, et des temp\u00e9ratures encore plus \u00e9lev\u00e9es attendues ce 1er mai en France\"\/><\/a><\/p>\n<p>Les valeurs attendues entre aujourd\u2019hui et demain (29 \u00e0 30 \u00b0C) ne correspondent m\u00eame pas \u00e0 celles habituellement relev\u00e9es au c\u0153ur de l\u2019\u00e9t\u00e9.<strong> C\u2019est dire \u00e0 quel point cette s\u00e9quence chaude est particuli\u00e8rement remarquable sur la r\u00e9gion parisienne.<\/strong><\/p>\n<p>Des orages et une d\u00e9gringolade des temp\u00e9ratures <\/p>\n<p>Sauf que cela ne va pas durer \u00e9ternellement. Apr\u00e8s deux journ\u00e9es exceptionnellement ensoleill\u00e9es et chaudes (jeudi et vendredi), <strong>des orages sont attendus d\u00e8s samedi \u00e0 la mi-journ\u00e9e, <\/strong>accompagn\u00e9s d\u2019une premi\u00e8re baisse des temp\u00e9ratures.<\/p>\n<p><img loading=\"lazy\" decoding=\"async\" fetchpriority=\"low\" class=\"lazy \" src=\"https:\/\/www.europesays.com\/fr\/wp-content\/uploads\/2025\/05\/1746080955_344_meteo-soleil-de-plomb-et-30-c-a-paris-et-en-ile-de-france-les-temperatures-vont-bientot-chuter-de-15.png\"  width=\"768\" height=\"432\" alt=\"Chute des temp\u00e9ratures en d\u00e9but de semaine prochaine en \u00cele-de-France !\" title=\"Chute des temp\u00e9ratures en d\u00e9but de semaine prochaine en \u00cele-de-France !\" data-image=\"voioutewglfr\"\/>Chute des temp\u00e9ratures en d\u00e9but de semaine prochaine en \u00cele-de-France !<\/p>\n<p>Sous une m\u00e9t\u00e9o pluvieuse dimanche <strong>et avec l\u2019arriv\u00e9e d\u2019une masse d\u2019air d\u2019origine plus polaire dans un flux basculant au secteur nord, <\/strong>une chute vertigineuse des temp\u00e9ratures est attendue entre samedi apr\u00e8s-midi et lundi. En effet,<strong> les valeurs pourraient chuter de pr\u00e8s d\u2019une quinzaine de degr\u00e9s \u00e0 Paris. <\/strong><\/p>\n<p><a class=\"imagen \" href=\"https:\/\/www.tameteo.com\/actualites\/previsions\/degradation-orageuse-ce-week-end-des-phenomenes-violents-attendus-quelles-regions-touchees-previsions-1er-mai.html\" title=\"M\u00e9t\u00e9o : d\u00e9gradation orageuse ce week-end en France : des ph\u00e9nom\u00e8nes violents attendus, quelles r\u00e9gions touch\u00e9es ?\" rel=\"nofollow noopener\" target=\"_blank\"><img loading=\"lazy\" decoding=\"async\" fetchpriority=\"low\" class=\"lazy img-body non-editable\" src=\"https:\/\/www.europesays.com\/fr\/wp-content\/uploads\/2025\/05\/degradation-orageuse-ce-week-end-des-phenomenes-violents-attendus-quelles-regions-touchees-prevision.png\"  width=\"320\" height=\"225\" alt=\"M\u00e9t\u00e9o : d\u00e9gradation orageuse ce week-end en France : des ph\u00e9nom\u00e8nes violents attendus, quelles r\u00e9gions touch\u00e9es ?\"\/><\/a><\/p>\n<p>Il faudra alors oublier les 30 \u00b0C, <strong>puisque la capitale ne devrait afficher que 16 \u00b0C dimanche et pas plus de 15 \u00b0C lundi. <\/strong>Nous allons donc passer de l\u2019\u00e9t\u00e9 \u00e0 l\u2019automne !<\/p>\n","protected":false},"excerpt":{"rendered":"Alors que la barre des 30 degr\u00e9s devrait \u00eatre franchie cet apr\u00e8s-midi dans la capitale, une d\u00e9gradation orageuse&hellip;\n","protected":false},"author":2,"featured_media":66256,"comment_status":"","ping_status":"","sticky":false,"template":"","format":"standard","meta":{"footnotes":""},"categories":[1592],"tags":[1111,11,13208,1777,674,16671,1011,27,662,16672,12,626,25],"class_list":{"0":"post-66255","1":"post","2":"type-post","3":"status-publish","4":"format-standard","5":"has-post-thumbnail","7":"category-ile-de-france","8":"tag-actu","9":"tag-actualites","10":"tag-chaleur","11":"tag-eu","12":"tag-europe","13":"tag-forte-chute-des-temperatures","14":"tag-fr","15":"tag-france","16":"tag-ile-de-france","17":"tag-masse-d","18":"tag-news","19":"tag-paris","20":"tag-republique-francaise"},"share_on_mastodon":{"url":"https:\/\/pubeurope.com\/@fr\/114431168826385254","error":""},"_links":{"self":[{"href":"https:\/\/www.europesays.com\/fr\/wp-json\/wp\/v2\/posts\/66255","targetHints":{"allow":["GET"]}}],"collection":[{"href":"https:\/\/www.europesays.com\/fr\/wp-json\/wp\/v2\/posts"}],"about":[{"href":"https:\/\/www.europesays.com\/fr\/wp-json\/wp\/v2\/types\/post"}],"author":[{"embeddable":true,"href":"https:\/\/www.europesays.com\/fr\/wp-json\/wp\/v2\/users\/2"}],"replies":[{"embeddable":true,"href":"https:\/\/www.europesays.com\/fr\/wp-json\/wp\/v2\/comments?post=66255"}],"version-history":[{"count":0,"href":"https:\/\/www.europesays.com\/fr\/wp-json\/wp\/v2\/posts\/66255\/revisions"}],"wp:featuredmedia":[{"embeddable":true,"href":"https:\/\/www.europesays.com\/fr\/wp-json\/wp\/v2\/media\/66256"}],"wp:attachment":[{"href":"https:\/\/www.europesays.com\/fr\/wp-json\/wp\/v2\/media?parent=66255"}],"wp:term":[{"taxonomy":"category","embeddable":true,"href":"https:\/\/www.europesays.com\/fr\/wp-json\/wp\/v2\/categories?post=66255"},{"taxonomy":"post_tag","embeddable":true,"href":"https:\/\/www.europesays.com\/fr\/wp-json\/wp\/v2\/tags?post=66255"}],"curies":[{"name":"wp","href":"https:\/\/api.w.org\/{rel}","templated":true}]}}