{"id":662550,"date":"2026-01-14T08:56:11","date_gmt":"2026-01-14T08:56:11","guid":{"rendered":"https:\/\/www.europesays.com\/fr\/662550\/"},"modified":"2026-01-14T08:56:11","modified_gmt":"2026-01-14T08:56:11","slug":"les-tracteurs-de-la-fnsea-quittent-paris-les-mobilisations-continuent-en-france","status":"publish","type":"post","link":"https:\/\/www.europesays.com\/fr\/662550\/","title":{"rendered":"Les tracteurs de la FNSEA quittent Paris, les mobilisations continuent en France"},"content":{"rendered":"<p>Malgr\u00e9 l&rsquo;annonce de nouvelles mesures en faveur des agriculteurs mardi par le Premier ministre S\u00e9bastien Lecornu, les manifestants et leurs plus de 350 tracteurs venus \u00e0 Paris mardi \u00e0 l&rsquo;aube r\u00e9clamaient encore dans la soir\u00e9e des engagements sur des sujets de tr\u00e9sorerie.<\/p>\n<p>\u00ab\u00a0Une d\u00e9l\u00e9gation a \u00e9t\u00e9 re\u00e7ue vers minuit par la ministre de l&rsquo;Agriculture Annie Genevard qui nous a donn\u00e9 des pr\u00e9cisions et des engagements sur les pr\u00eats de tr\u00e9sorerie et de restructuration pour les agriculteurs les plus endett\u00e9s\u00a0\u00bb, a confi\u00e9 \u00e0 l&rsquo;AFP le vice-pr\u00e9sident de la FNSEA Luc Smessaert, avant de repartir dans l&rsquo;Oise.<\/p>\n<p>Les premiers tracteurs ont commenc\u00e9 \u00e0 quitter la capitale vers 04H00, a-t-il pr\u00e9cis\u00e9. \u00ab\u00a0\u00c0 06H20, l&rsquo;ensemble des engins agricoles avaient quitt\u00e9 Paris\u00a0\u00bb, selon la pr\u00e9fecture de police.<\/p>\n<p>&#8211; \u00ab\u00a0Fi\u00e8vre toujours l\u00e0\u00a0\u00bb &#8211;<\/p>\n<p>Mais ailleurs la col\u00e8re continue \u00e0 s&rsquo;exprimer, notamment du c\u00f4t\u00e9 de Toulouse.<\/p>\n<p>Mercredi matin, une dizaine de tracteurs de la Coordination rurale du Gers filtraient la circulation sur un rond-point menant \u00e0 l&rsquo;a\u00e9roport Toulouse-Blagnac. Un autre groupe a bloqu\u00e9 l&rsquo;A64 en d\u00e9versant des pneus et de la paille, \u00e0 proximit\u00e9 du p\u00e9riph\u00e9rique, interrompant la circulation sur cet axe tr\u00e8s emprunt\u00e9.<\/p>\n<p>Dans le Var, un convoi d&rsquo;une vingtaine de tracteurs tenait un barrage filtrant sur l&rsquo;A50, formant quelques kilom\u00e8tres d&#8217;embouteillage.<\/p>\n<p>\u00ab\u00a0La fi\u00e8vre est toujours l\u00e0, m\u00eame si les annonces du Premier ministre \u00e9taient pour un certain nombre d&rsquo;entre elles, attendues. Le sujet de fond, c&rsquo;est le constat pour nombre d&rsquo;agriculteurs qu&rsquo;aujourd&rsquo;hui, la situation \u00e9conomique dans leur exploitation ne leur permet pas d&rsquo;envisager l&rsquo;avenir\u00a0\u00bb, a dit le pr\u00e9sident de la FNSEA Arnaud Rousseau mercredi matin sur RTL.<\/p>\n<p>Le gouvernement a annonc\u00e9 mardi une \u00ab\u00a0loi d&rsquo;urgence agricole\u00a0\u00bb portant sur \u00ab\u00a0plusieurs priorit\u00e9s: eau, pr\u00e9dation (les attaques de loups, NDLR), moyens de production\u00a0\u00bb.<\/p>\n<p>Ce projet de loi \u00ab\u00a0sera inscrit \u00e0 l&rsquo;ordre du jour du Conseil des ministres au mois de mars et sera ensuite examin\u00e9 par le Parlement avant l&rsquo;\u00e9t\u00e9\u00a0\u00bb, a assur\u00e9 le Premier ministre.<\/p>\n<p>Des annonces dans un premier temps salu\u00e9es comme des \u00ab\u00a0avanc\u00e9es\u00a0\u00bb par les organisateurs de la manifestation parisienne, avant que beaucoup, parmi la base, n&rsquo;expriment leur volont\u00e9 de rester pour poursuivre les n\u00e9gociations et maintenir le rapport de force.<\/p>\n<p>Mardi, S\u00e9bastien Lecornu a \u00e9galement affirm\u00e9 qu&rsquo;un \u00ab\u00a0cap clair\u00a0\u00bb sur la politique de l&rsquo;eau serait \u00ab\u00a0fix\u00e9 d&rsquo;ici le salon\u00a0\u00bb de l&rsquo;Agriculture qui se tiendra du 21 f\u00e9vrier au 1er mars, et demand\u00e9, avant la pr\u00e9sentation du projet de loi, un \u00ab\u00a0moratoire sur toutes les d\u00e9cisions relatives\u00a0\u00bb \u00e0 cette question et la suspension des \u00ab\u00a0textes fixant les volumes d&rsquo;eau pr\u00e9levables (&#8230;) jusqu&rsquo;\u00e0 septembre\u00a0\u00bb.<\/p>\n<p>Le chef du gouvernement a enfin \u00e9voqu\u00e9 des r\u00e9unions pour \u00e9tudier \u00ab\u00a0les possibilit\u00e9s de d\u00e9rogation\u00a0\u00bb \u00e0 la directive europ\u00e9enne sur les nitrates, qui encadre notamment les \u00e9pandages d&rsquo;engrais par les agriculteurs.<\/p>\n<p>Cela s&rsquo;ajoute \u00e0 un paquet de \u00ab\u00a0300 millions d&rsquo;euros\u00a0\u00bb annonc\u00e9 vendredi et qui contient des mesures pr\u00e9vues \u00e0 la fois dans le budget, et donc soumises au vote des parlementaires, et d&rsquo;autres d\u00e9j\u00e0 \u00e9gren\u00e9es ces derni\u00e8res semaines par le gouvernement pour r\u00e9pondre \u00e0 la crise agricole.<\/p>\n<p>&#8211; \u00ab\u00a0Diff\u00e9rence de traitement\u00a0\u00bb &#8211;<\/p>\n<p>Les annonces de mardi r\u00e9pondaient quasiment point par point \u00e0 des demandes de la FNSEA et des JA, alliance qui domine le syndicalisme agricole.<\/p>\n<p>Depuis d\u00e9but d\u00e9cembre, les manifestations d&rsquo;agriculteurs se multiplient et les annonces du gouvernement vendredi, apr\u00e8s des d\u00e9fil\u00e9s de tracteurs de la Coordination rurale puis de la Conf\u00e9d\u00e9ration paysanne dans la capitale, n&rsquo;ont pas suffi \u00e0 calmer la col\u00e8re.<\/p>\n<p>La Coordination rurale a d\u00e9nonc\u00e9 mardi sur X \u00ab\u00a0la diff\u00e9rence de traitement du gouvernement face \u00e0 nos mobilisations\u00a0\u00bb, en r\u00e9f\u00e9rence aux interdictions auxquelles le deuxi\u00e8me syndicat a fait face en amenant ses tracteurs jeudi \u00e0 Paris.<\/p>\n<p>La Conf\u00e9d\u00e9ration paysanne a elle d\u00e9nonc\u00e9 dans un communiqu\u00e9 les demandes de la FNSEA sur l&rsquo;eau qui ne \u00ab\u00a0r\u00e9pondent pas \u00e0 la col\u00e8re\u00a0\u00bb.<\/p>\n<p>bur-mca-alh-mlv-cho\/sb\/gvy<\/p>\n<p>Source : AFP<\/p>\n","protected":false},"excerpt":{"rendered":"Malgr\u00e9 l&rsquo;annonce de nouvelles mesures en faveur des agriculteurs mardi par le Premier ministre S\u00e9bastien Lecornu, les manifestants&hellip;\n","protected":false},"author":2,"featured_media":662551,"comment_status":"","ping_status":"","sticky":false,"template":"","format":"standard","meta":{"footnotes":""},"categories":[1888],"tags":[11,1777,674,1011,27,12,626,25],"class_list":{"0":"post-662550","1":"post","2":"type-post","3":"status-publish","4":"format-standard","5":"has-post-thumbnail","7":"category-paris","8":"tag-actualites","9":"tag-eu","10":"tag-europe","11":"tag-fr","12":"tag-france","13":"tag-news","14":"tag-paris","15":"tag-republique-francaise"},"share_on_mastodon":{"url":"https:\/\/pubeurope.com\/@fr\/115892622677587329","error":""},"_links":{"self":[{"href":"https:\/\/www.europesays.com\/fr\/wp-json\/wp\/v2\/posts\/662550","targetHints":{"allow":["GET"]}}],"collection":[{"href":"https:\/\/www.europesays.com\/fr\/wp-json\/wp\/v2\/posts"}],"about":[{"href":"https:\/\/www.europesays.com\/fr\/wp-json\/wp\/v2\/types\/post"}],"author":[{"embeddable":true,"href":"https:\/\/www.europesays.com\/fr\/wp-json\/wp\/v2\/users\/2"}],"replies":[{"embeddable":true,"href":"https:\/\/www.europesays.com\/fr\/wp-json\/wp\/v2\/comments?post=662550"}],"version-history":[{"count":0,"href":"https:\/\/www.europesays.com\/fr\/wp-json\/wp\/v2\/posts\/662550\/revisions"}],"wp:featuredmedia":[{"embeddable":true,"href":"https:\/\/www.europesays.com\/fr\/wp-json\/wp\/v2\/media\/662551"}],"wp:attachment":[{"href":"https:\/\/www.europesays.com\/fr\/wp-json\/wp\/v2\/media?parent=662550"}],"wp:term":[{"taxonomy":"category","embeddable":true,"href":"https:\/\/www.europesays.com\/fr\/wp-json\/wp\/v2\/categories?post=662550"},{"taxonomy":"post_tag","embeddable":true,"href":"https:\/\/www.europesays.com\/fr\/wp-json\/wp\/v2\/tags?post=662550"}],"curies":[{"name":"wp","href":"https:\/\/api.w.org\/{rel}","templated":true}]}}