{"id":662556,"date":"2026-01-14T08:59:10","date_gmt":"2026-01-14T08:59:10","guid":{"rendered":"https:\/\/www.europesays.com\/fr\/662556\/"},"modified":"2026-01-14T08:59:10","modified_gmt":"2026-01-14T08:59:10","slug":"claudette-colvin-figure-des-droits-civiques-aux-usa-est-decedee-2","status":"publish","type":"post","link":"https:\/\/www.europesays.com\/fr\/662556\/","title":{"rendered":"Claudette Colvin, figure des droits civiques aux USA, est d\u00e9c\u00e9d\u00e9e"},"content":{"rendered":"<p>Claudette Colvin est d\u00e9c\u00e9d\u00e9e \u00e0 86 ans, a annonc\u00e9 mardi sa fondation. Elle \u00e9tait devenue en 1955 une figure afro-am\u00e9ricaine des droits civiques pour avoir refus\u00e9 \u00e0 15 ans de c\u00e9der son si\u00e8ge dans un bus de l&rsquo;Alabama s\u00e9gr\u00e9gationniste \u00e0 une femme blanche.<\/p>\n<p>Saluant \u00ab\u00a0une pionni\u00e8re des droits civiques\u00a0\u00bb, la fondation Claudette Colvin a annonc\u00e9 mardi son d\u00e9c\u00e8s \u00e0 86 ans.<\/p>\n<p>Neuf mois avant le geste devenu historique de Rosa Parks, l\u2019audace de cette adolescente noire de Montgomery avait d\u00e9j\u00e0 ouvert la voie au mouvement de r\u00e9sistance passive qui a marqu\u00e9 l\u2019histoire. Le 1er d\u00e9cembre 1955, en refusant de c\u00e9der son si\u00e8ge \u00e0 un passager blanc, Rosa Parks d\u00e9clenche le premier grand mouvement de r\u00e9sistance passive contre la s\u00e9gr\u00e9gation<\/p>\n<p>Le jour o\u00f9 elle refuse d\u2019ob\u00e9ir<\/p>\n<p>Responsable locale de la National Association for the Advancement of Colored People (NAACP), une importante organisation de d\u00e9fense des droits civiques, Rosa Parks prendra la t\u00eate avec Martin Luther King du boycott des bus de Montgomery. Les bus municipaux resteront au garage pendant 381 jours.<\/p>\n<p>Avant elle, toutefois, dans la m\u00eame ville et sur la m\u00eame ligne de bus, une coll\u00e9gienne de 15 ans, proche de la NAACP, brave les lois racistes. D&rsquo;autres passagers l&rsquo;avaient d\u00e9j\u00e0 fait, mais elle est la premi\u00e8re \u00e0 plaider non coupable devant la justice.<\/p>\n<p>Ce 2 mars 1955, a-t-elle racont\u00e9 en 2023, \u00ab\u00a0lorsque le bus a descendu la rue principale, de plus en plus de passagers blancs sont mont\u00e9s et le conducteur a demand\u00e9 de lib\u00e9rer les si\u00e8ges\u00a0\u00bb.<\/p>\n<p>\u00ab\u00a0Deux-trois arr\u00eats plus tard, un policier m&rsquo;a demand\u00e9 ce que je faisais assise l\u00e0. J&rsquo;ai dit que j&rsquo;avais pay\u00e9 ma place et que c&rsquo;\u00e9tait un droit constitutionnel. J&rsquo;avais plus que tout envie de le d\u00e9fier et j&rsquo;ai refus\u00e9 de me lever\u00a0\u00bb.<\/p>\n<p>Emprisonn\u00e9e et conspu\u00e9e<\/p>\n<p>Les policiers la jettent, menott\u00e9e, dans leur voiture. Les remarques grivoises fusent. Elle est emprisonn\u00e9e.<\/p>\n<p>Rapidement, elle est lib\u00e9r\u00e9e apr\u00e8s le paiement solidaire de sa caution. A son retour, les voisins la f\u00e9licitent et montent la garde de peur de voir sa maison cibl\u00e9e.<\/p>\n<p>Apr\u00e8s avoir plaid\u00e9 non coupable, elle est condamn\u00e9e pour trouble \u00e0 l&rsquo;ordre public, violation de la loi de s\u00e9gr\u00e9gation et agression sur repr\u00e9sentant de l&rsquo;ordre. La jeune femme fait appel, mais en vain, elle est de nouveau condamn\u00e9e.<\/p>\n<p>Elle apprend \u00e0 ce moment-l\u00e0 \u00eatre enceinte d&rsquo;un homme plus \u00e2g\u00e9. Encore mineure et non mari\u00e9e, elle est accus\u00e9e de moeurs dissolues, et ne peut plus servir de figure pour les associations de d\u00e9fense des droits civiques.<\/p>\n<p>C&rsquo;est l\u00e0 qu&rsquo;intervient Rosa Parks. \u00ab\u00a0Elle \u00e9tait adulte: elle serait plus fiable qu&rsquo;une adolescente\u00a0\u00bb, expliquait Claudette Colvin. \u00ab\u00a0Son grain de peau faisait qu&rsquo;on l&rsquo;associait avec la classe moyenne. Elle avait le bon profil et poss\u00e9dait une autorit\u00e9 naturelle\u00a0\u00bb.<\/p>\n<p>En plein boycott, la ville de Montgomery fait condamner en f\u00e9vrier 1956 une centaine d&rsquo;organisateurs du mouvement, dont Martin Luther King et les \u00e9poux Parks. Deux de leurs appels sont rejet\u00e9s. Licenci\u00e9e, Rosa Parks doit fuir la ville.<\/p>\n<p>\u00ab\u00a0Etincelle\u00a0\u00bb<\/p>\n<p>Le cas de Rosa Parks \u00e9tant bloqu\u00e9 dans les tribunaux locaux, la NAACP d\u00e9cide de porter l&rsquo;affaire de Claudette Colvin et de trois autres passag\u00e8res devant la justice f\u00e9d\u00e9rale.<\/p>\n<p>Le 5 juin 1956, premi\u00e8re victoire: deux juges f\u00e9d\u00e9raux d\u00e9clarent inconstitutionnelle la s\u00e9gr\u00e9gation dans les bus. Montgomery et l&rsquo;Alabama font appel. Mais la Cour supr\u00eame leur donne tort. Le 13 novembre 1956, elle juge que la s\u00e9gr\u00e9gation dans les transports en commun dans le Sud est inconstitutionnelle.<\/p>\n<p>Pour Claudette Colvin, les choses ne s&rsquo;arrangent gu\u00e8re: en raison de sa grossesse hors mariage, elle est renvoy\u00e9e du coll\u00e8ge et ne parvient pas \u00e0 trouver du travail \u00e0 Montgomery. En 1958, elle d\u00e9m\u00e9nage \u00e0 New York, devient aide-soignante et ne s&rsquo;\u00e9tendra pas sur son pass\u00e9 avant longtemps.<\/p>\n<p>En 2005, elle d\u00e9clarait au journal local de Montgomery: \u00ab\u00a0Je me sens tr\u00e8s, tr\u00e8s fi\u00e8re. J&rsquo;ai l&rsquo;impression que ce que j&rsquo;ai fait a \u00e9t\u00e9 une \u00e9tincelle\u00a0\u00bb.<\/p>\n<p class=\"sources\">ats\/miro<\/p>\n","protected":false},"excerpt":{"rendered":"Claudette Colvin est d\u00e9c\u00e9d\u00e9e \u00e0 86 ans, a annonc\u00e9 mardi sa fondation. Elle \u00e9tait devenue en 1955 une&hellip;\n","protected":false},"author":2,"featured_media":662557,"comment_status":"","ping_status":"","sticky":false,"template":"","format":"standard","meta":{"footnotes":""},"categories":[1589],"tags":[11,6962,76384,2951,11412,8616,6963,73,1866,38031,13042,74,76395,76396,12,12030,10162,30457,76397,104,1864,1865,1863,308,17938],"class_list":{"0":"post-662556","1":"post","2":"type-post","3":"status-publish","4":"format-standard","5":"has-post-thumbnail","7":"category-etats-unis","8":"tag-actualites","9":"tag-alabama","10":"tag-claudette-colvin","11":"tag-criminalite","12":"tag-discrimination","13":"tag-droit-et-justice","14":"tag-droits-civiques","15":"tag-etats-unis","16":"tag-etats-unis-damerique","17":"tag-fin-de-vie-et-mort","18":"tag-fondation","19":"tag-monde","20":"tag-montgomery","21":"tag-national-association-for-the-advancement-of-colored-people","22":"tag-news","23":"tag-passager","24":"tag-racisme","25":"tag-rosa-parks","26":"tag-segregation","27":"tag-societe","28":"tag-united-states","29":"tag-united-states-of-america","30":"tag-us","31":"tag-usa","32":"tag-valeurs"},"share_on_mastodon":{"url":"https:\/\/pubeurope.com\/@fr\/115892634537866052","error":""},"_links":{"self":[{"href":"https:\/\/www.europesays.com\/fr\/wp-json\/wp\/v2\/posts\/662556","targetHints":{"allow":["GET"]}}],"collection":[{"href":"https:\/\/www.europesays.com\/fr\/wp-json\/wp\/v2\/posts"}],"about":[{"href":"https:\/\/www.europesays.com\/fr\/wp-json\/wp\/v2\/types\/post"}],"author":[{"embeddable":true,"href":"https:\/\/www.europesays.com\/fr\/wp-json\/wp\/v2\/users\/2"}],"replies":[{"embeddable":true,"href":"https:\/\/www.europesays.com\/fr\/wp-json\/wp\/v2\/comments?post=662556"}],"version-history":[{"count":0,"href":"https:\/\/www.europesays.com\/fr\/wp-json\/wp\/v2\/posts\/662556\/revisions"}],"wp:featuredmedia":[{"embeddable":true,"href":"https:\/\/www.europesays.com\/fr\/wp-json\/wp\/v2\/media\/662557"}],"wp:attachment":[{"href":"https:\/\/www.europesays.com\/fr\/wp-json\/wp\/v2\/media?parent=662556"}],"wp:term":[{"taxonomy":"category","embeddable":true,"href":"https:\/\/www.europesays.com\/fr\/wp-json\/wp\/v2\/categories?post=662556"},{"taxonomy":"post_tag","embeddable":true,"href":"https:\/\/www.europesays.com\/fr\/wp-json\/wp\/v2\/tags?post=662556"}],"curies":[{"name":"wp","href":"https:\/\/api.w.org\/{rel}","templated":true}]}}