{"id":662560,"date":"2026-01-14T09:01:21","date_gmt":"2026-01-14T09:01:21","guid":{"rendered":"https:\/\/www.europesays.com\/fr\/662560\/"},"modified":"2026-01-14T09:01:21","modified_gmt":"2026-01-14T09:01:21","slug":"apres-lallemagne-iveco-lance-avec-plusai-la-conduite-autonome-en-espagne","status":"publish","type":"post","link":"https:\/\/www.europesays.com\/fr\/662560\/","title":{"rendered":"Apr\u00e8s l\u2019Allemagne, Iveco lance avec PlusAI la conduite autonome en Espagne"},"content":{"rendered":"<p>\t\t<img width=\"640\" height=\"480\" src=\"https:\/\/www.europesays.com\/fr\/wp-content\/uploads\/2026\/01\/2025-communique-de-presse-iveco-group-plusai-photo-copie.jpg\" class=\"post-thumbnail__img wp-post-image\" alt=\"\" decoding=\"async\" fetchpriority=\"high\"  \/>\t<\/p>\n<p style=\"font-weight: 400;\"><strong>Iveco annonce le lancement d\u2019un nouveau programme avec son partenaire PlusAI visant \u00e0 d\u00e9ployer, pour la premi\u00e8re fois en Europe du Sud, des poids lourds \u00e9quip\u00e9s de syst\u00e8mes de conduite autonome de niveau 4. Ce projet sera men\u00e9 en Espagne, en partenariat avec l\u2019op\u00e9rateur logistique Ses\u00e9 et avec le soutien du gouvernement d\u2019Aragon.<\/strong><\/p>\n<p>Une alliance strat\u00e9gique autour de l\u2019innovation technologique<\/p>\n<p style=\"font-weight: 400;\">En renfor\u00e7ant sa collaboration de longue date avec PlusAI, sp\u00e9cialiste mondial des logiciels de conduite autonome bas\u00e9s sur l\u2019intelligence artificielle, le constructeur poursuit le d\u00e9veloppement de solutions avanc\u00e9es d\u2019aide \u00e0 la conduite et de syst\u00e8mes de conduite autonome embarqu\u00e9s, au service d\u2019un transport plus performant et plus durable.<\/p>\n<p>Des b\u00e9n\u00e9fices attendus en mati\u00e8re de s\u00e9curit\u00e9 et de comp\u00e9titivit\u00e9<\/p>\n<p style=\"font-weight: 400;\">Pour PlusAI, la conduite autonome de niveau 4 repr\u00e9sente une avanc\u00e9e majeure capable de transformer le transport routier de marchandises. Le d\u00e9ploiement en Espagne, apr\u00e8s l\u2019Allemagne, doit d\u00e9montrer le potentiel de ces technologies pour am\u00e9liorer la s\u00e9curit\u00e9 routi\u00e8re, l\u2019efficacit\u00e9 op\u00e9rationnelle et la durabilit\u00e9, tout en renfor\u00e7ant la comp\u00e9titivit\u00e9 des cha\u00eenes logistiques europ\u00e9ennes.<\/p>\n<p>Une dynamique de R&amp;D d\u00e9j\u00e0 bien engag\u00e9e<\/p>\n<p style=\"font-weight: 400;\">IVECO Group investit depuis plusieurs ann\u00e9es dans la recherche et le d\u00e9veloppement de solutions de conduite autonome et connect\u00e9e, avec des essais conjoints men\u00e9s avec PlusAI sur des syst\u00e8mes de niveau 2+ avanc\u00e9. Ce nouveau projet s\u2019inscrit dans la continuit\u00e9 de ces travaux, tandis que PlusAI entre dans une nouvelle phase de d\u00e9veloppement en tant qu\u2019entreprise cot\u00e9e en bourse.<\/p>\n<p>\u00c7a peut (aussi) vous int\u00e9resser<br \/>\n                         <a href=\"https:\/\/www.trm24.fr\/author\/admin4007\/\" class=\"url\" title=\"Herv\u00e9 R\u00e9billon\" target=\"_blank\" rel=\"noopener\"> <img loading=\"lazy\" width=\"250\" height=\"377\" decoding=\"async\" src=\"data:image\/svg+xml,%3Csvg%20xmlns=\" http:=\"\" class=\"photo\" alt=\"Herv\u00e9 R\u00e9billon\" data-lazy-src=\"https:\/\/www.europesays.com\/fr\/wp-content\/uploads\/2025\/04\/228-herve-rebillon.jpg\"\/><\/a>  <a href=\"https:\/\/www.trm24.fr\/author\/admin4007\/\" class=\"url\" title=\"Herv\u00e9 R\u00e9billon\" target=\"_blank\" rel=\"noopener\"><img loading=\"lazy\" width=\"250\" height=\"377\" decoding=\"async\" src=\"data:image\/svg+xml,%3Csvg%20xmlns=\" http:=\"\" class=\"photo\" alt=\"Herv\u00e9 R\u00e9billon\" data-lazy-src=\"https:\/\/www.europesays.com\/fr\/wp-content\/uploads\/2025\/04\/228-herve-rebillon.jpg\"\/><\/a>Les derniers articles par Herv\u00e9 R\u00e9billon (<a href=\"https:\/\/www.trm24.fr\/author\/admin4007\/\" target=\"_blank\" rel=\"noopener\">tout voir<\/a>)  \t\t\t<\/p>\n","protected":false},"excerpt":{"rendered":"Iveco annonce le lancement d\u2019un nouveau programme avec son partenaire PlusAI visant \u00e0 d\u00e9ployer, pour la premi\u00e8re fois&hellip;\n","protected":false},"author":2,"featured_media":662561,"comment_status":"","ping_status":"","sticky":false,"template":"","format":"standard","meta":{"footnotes":""},"categories":[1587],"tags":[11,672,1804,1805,1803,1777,674,1801,12,1802],"class_list":{"0":"post-662560","1":"post","2":"type-post","3":"status-publish","4":"format-standard","5":"has-post-thumbnail","7":"category-allemagne","8":"tag-actualites","9":"tag-allemagne","10":"tag-bundesrepublik-deutschland","11":"tag-de","12":"tag-deutschland","13":"tag-eu","14":"tag-europe","15":"tag-germany","16":"tag-news","17":"tag-republique-federale-dallemagne"},"share_on_mastodon":{"url":"https:\/\/pubeurope.com\/@fr\/115892643156832758","error":""},"_links":{"self":[{"href":"https:\/\/www.europesays.com\/fr\/wp-json\/wp\/v2\/posts\/662560","targetHints":{"allow":["GET"]}}],"collection":[{"href":"https:\/\/www.europesays.com\/fr\/wp-json\/wp\/v2\/posts"}],"about":[{"href":"https:\/\/www.europesays.com\/fr\/wp-json\/wp\/v2\/types\/post"}],"author":[{"embeddable":true,"href":"https:\/\/www.europesays.com\/fr\/wp-json\/wp\/v2\/users\/2"}],"replies":[{"embeddable":true,"href":"https:\/\/www.europesays.com\/fr\/wp-json\/wp\/v2\/comments?post=662560"}],"version-history":[{"count":0,"href":"https:\/\/www.europesays.com\/fr\/wp-json\/wp\/v2\/posts\/662560\/revisions"}],"wp:featuredmedia":[{"embeddable":true,"href":"https:\/\/www.europesays.com\/fr\/wp-json\/wp\/v2\/media\/662561"}],"wp:attachment":[{"href":"https:\/\/www.europesays.com\/fr\/wp-json\/wp\/v2\/media?parent=662560"}],"wp:term":[{"taxonomy":"category","embeddable":true,"href":"https:\/\/www.europesays.com\/fr\/wp-json\/wp\/v2\/categories?post=662560"},{"taxonomy":"post_tag","embeddable":true,"href":"https:\/\/www.europesays.com\/fr\/wp-json\/wp\/v2\/tags?post=662560"}],"curies":[{"name":"wp","href":"https:\/\/api.w.org\/{rel}","templated":true}]}}