{"id":66257,"date":"2025-05-01T06:30:08","date_gmt":"2025-05-01T06:30:08","guid":{"rendered":"https:\/\/www.europesays.com\/fr\/66257\/"},"modified":"2025-05-01T06:30:08","modified_gmt":"2025-05-01T06:30:08","slug":"musees-centres-commerciaux-ce-qui-est-ouvert-ou-ferme-dans-le-val-de-marne-ce-1er-mai","status":"publish","type":"post","link":"https:\/\/www.europesays.com\/fr\/66257\/","title":{"rendered":"Mus\u00e9es, centres commerciaux&#8230; Ce qui est ouvert ou ferm\u00e9 dans le Val-de-Marne ce 1er-mai"},"content":{"rendered":"<p>            Par<br \/>\n        <strong><br \/>\n            <a href=\"https:\/\/actu.fr\/auteur\/redaction-paris\" title=\"Consulter tous les articles de R\u00e9daction Paris\" target=\"_blank\" rel=\"noopener\">R\u00e9daction Paris<\/a><br \/>\n        <\/strong><\/p>\n<p>        Publi\u00e9 le<\/p>\n<p>            1 mai 2025 \u00e0 7h46        <\/p>\n<p>Que r\u00e9serve le 1er mai 2025 dans le <a href=\"https:\/\/actu.fr\/ile-de-france\/val-de-marne_94\" target=\"_blank\" rel=\"noopener\">Val-de-Marne<\/a> ? Le jour de la <a href=\"https:\/\/actu.fr\/societe\/1er-mai-pourquoi-ce-jour-ferie-est-il-le-seul-jour-vraiment-chome_60982904.html\" target=\"_blank\" rel=\"noopener\">f\u00eate du Travail<\/a> se traduira par de <strong>nombreuses fermetures<\/strong> de centres commerciaux et de mus\u00e9es dans le d\u00e9partement. Voici ce qu\u2019il faut savoir.\u00a0<\/p>\n<p>Les mus\u00e9es seront-ils ouverts le 1er-Mai ?\u00a0<\/p>\n<p class=\" wall-content\">Non. Tous les mus\u00e9es du d\u00e9partement seront ferm\u00e9es. Cela comprend le <strong>mus\u00e9e Fragonard<\/strong> \u00e0 Maisons-Alfort, le <strong>mus\u00e9e de la R\u00e9sistance<\/strong> \u00e0 Champigny-sur-Marne, le <strong>mus\u00e9e de la photographie de Robert Doisneau<\/strong> \u00e0 Gentilly, le MacVal, le <strong>mus\u00e9e de Nogent-sur-Marne<\/strong>, l\u2019Explorad\u00f4me de Vitry-sur-Seine, le <strong>mus\u00e9e du Trot<\/strong> \u00e0 Boissy-Saint-L\u00e9ger ou encore <strong>l\u2019\u00c9comus\u00e9e du Grand-Orly Seine Bi\u00e8vre<\/strong> \u00e0 Fresnes.\u00a0<\/p>\n<p>Quid des centres commerciaux ?\u00a0<\/p>\n<p class=\" wall-content\">Tous les grands centres commerciaux du Val-de-Marne seront ferm\u00e9s, \u00e0 savoir <a href=\"https:\/\/actu.fr\/ile-de-france\/creteil_94028\/on-est-a-la-pointe-de-la-nouveaute-les-secrets-de-jouvence-de-creteil-soleil-50-ans-et-toujours-tendance_61620355.html\" target=\"_blank\" rel=\"noopener\">Cr\u00e9teil Soleil<\/a>, <a href=\"https:\/\/actu.fr\/ile-de-france\/thiais_94073\/val-de-marne-une-nouvelle-bijouterie-devalisee-dans-un-centre-commercial_57877222.html\" target=\"_blank\" rel=\"noopener\">Belle \u00c9pine<\/a> \u00e0 Thiais,\u00a0 Thiais Village, Okab\u00e9 au Kremlin-Bic\u00eatre, <a href=\"https:\/\/actu.fr\/ile-de-france\/ivry-sur-seine_94041\/une-aberration-des-annees-80-deserte-le-centre-commercial-quais-d-ivry-va-t-il-etre-bientot-rase_62297537.html\" target=\"_blank\" rel=\"noopener\">Quai d\u2019Ivry<\/a>, Aushopping \u00e0 Val-de-Fontenay, les Armoiries \u00e0 Bry-sur-Marne, Bercy 2 \u00e0 Charenton-le-Pont.\u00a0<\/p>\n<p class=\" wall-content\">Suivez toute l\u2019actualit\u00e9 de vos villes et m\u00e9dias favoris en vous inscrivant \u00e0 <a href=\"https:\/\/moncompte.actu.fr\" title=\"D\u00e9couvez Mon Actu\" rel=\"nofollow noopener\" data-trk=\"{&quot;cta&quot;:{&quot;action&quot;:&quot;https:\\\/\\\/moncompte.actu.fr&quot;,&quot;category&quot;:&quot;mon compte&quot;,&quot;from&quot;:&quot;article footer&quot;,&quot;name&quot;:&quot;Mon actu&quot;,&quot;type&quot;:&quot;cta&quot;}}\" target=\"_blank\">Mon Actu<\/a>.<\/p>\n","protected":false},"excerpt":{"rendered":"Par R\u00e9daction Paris Publi\u00e9 le 1 mai 2025 \u00e0 7h46 Que r\u00e9serve le 1er mai 2025 dans le&hellip;\n","protected":false},"author":2,"featured_media":66258,"comment_status":"","ping_status":"","sticky":false,"template":"","format":"standard","meta":{"footnotes":""},"categories":[1888],"tags":[1111,1928,11,1927,215,130,15787,1777,674,1011,27,12,1926,626,1925,25,104],"class_list":{"0":"post-66257","1":"post","2":"type-post","3":"status-publish","4":"format-standard","5":"has-post-thumbnail","7":"category-paris","8":"tag-actu","9":"tag-actu-paris","10":"tag-actualites","11":"tag-actualites-paris","12":"tag-commerce","13":"tag-consommation","14":"tag-droit-des-travailleurs","15":"tag-eu","16":"tag-europe","17":"tag-fr","18":"tag-france","19":"tag-news","20":"tag-news-paris","21":"tag-paris","22":"tag-paris-news","23":"tag-republique-francaise","24":"tag-societe"},"share_on_mastodon":{"url":"https:\/\/pubeurope.com\/@fr\/114431172501291524","error":""},"_links":{"self":[{"href":"https:\/\/www.europesays.com\/fr\/wp-json\/wp\/v2\/posts\/66257","targetHints":{"allow":["GET"]}}],"collection":[{"href":"https:\/\/www.europesays.com\/fr\/wp-json\/wp\/v2\/posts"}],"about":[{"href":"https:\/\/www.europesays.com\/fr\/wp-json\/wp\/v2\/types\/post"}],"author":[{"embeddable":true,"href":"https:\/\/www.europesays.com\/fr\/wp-json\/wp\/v2\/users\/2"}],"replies":[{"embeddable":true,"href":"https:\/\/www.europesays.com\/fr\/wp-json\/wp\/v2\/comments?post=66257"}],"version-history":[{"count":0,"href":"https:\/\/www.europesays.com\/fr\/wp-json\/wp\/v2\/posts\/66257\/revisions"}],"wp:featuredmedia":[{"embeddable":true,"href":"https:\/\/www.europesays.com\/fr\/wp-json\/wp\/v2\/media\/66258"}],"wp:attachment":[{"href":"https:\/\/www.europesays.com\/fr\/wp-json\/wp\/v2\/media?parent=66257"}],"wp:term":[{"taxonomy":"category","embeddable":true,"href":"https:\/\/www.europesays.com\/fr\/wp-json\/wp\/v2\/categories?post=66257"},{"taxonomy":"post_tag","embeddable":true,"href":"https:\/\/www.europesays.com\/fr\/wp-json\/wp\/v2\/tags?post=66257"}],"curies":[{"name":"wp","href":"https:\/\/api.w.org\/{rel}","templated":true}]}}