{"id":662572,"date":"2026-01-14T09:11:12","date_gmt":"2026-01-14T09:11:12","guid":{"rendered":"https:\/\/www.europesays.com\/fr\/662572\/"},"modified":"2026-01-14T09:11:12","modified_gmt":"2026-01-14T09:11:12","slug":"resultat-diana-shnaider-katerina-siniakova-wta-500-adelaide-deuxieme-tour-mercredi-14-janvier-2026-lequipe","status":"publish","type":"post","link":"https:\/\/www.europesays.com\/fr\/662572\/","title":{"rendered":"R\u00e9sultat : Diana Shnaider &#8211; Katerina Siniakova, WTA 500, Adela\u00efde, Deuxi\u00e8me tour, Mercredi 14 janvier 2026 &#8211; L&#039;\u00c9quipe"},"content":{"rendered":"<ol>\n<li><a href=\"https:\/\/news.google.com\/rss\/articles\/CBMiyAFBVV95cUxNQ1MtUWMteE9SMDYzOUdPZEstcGo2UzRnSHU5TkMxVjNabWk0ZHJGNHNKWFNjM0w4NXBOd3ZPMzdlbTdOblB5UGZhSUlkdmVLbHE2ZmVUWk9qZ0tzT2wzOWxsTHZZOURsQWxFZUhmTFVDMTFINlZSZmMzVGhHLVJEd0VEOFAyclJqSk5GV3NCdDJwYnlkVmswYjZRTWZPVWVqZnlkcEtZYU02akh0U2w3bHF6WWNsbE16TVBxWWlfSFRUbmFTY0JQWA?oc=5\" target=\"_blank\" rel=\"noopener\">R\u00e9sultat : Diana Shnaider &#8211; Katerina Siniakova, WTA 500, Adela\u00efde, Deuxi\u00e8me tour, Mercredi 14 janvier 2026<\/a>&nbsp;&nbsp;L&rsquo;\u00c9quipe<\/li>\n<li><a href=\"https:\/\/news.google.com\/rss\/articles\/CBMixgFBVV95cUxNTW10SEhFeDdVTVR1ZTZFNW5jZFN0dklUQU00WV9zaVAycnNqV01pMnY1eHd1b09MYl93MjV4UHdHWm44bTZqSG15bkNsUHA3SWQyNzJWUklLZi1fNm1yZXFwTTFyTEpoY094eGJrVFRlbDFCa1pZYXJabGZaLWZFY1p0VkFkMldDY1l2dGYySllfOVExcHJ1SUw0dFlsMGZ0RUNWQk8wT0RDT19uUk5EMDA3NlhUNWdMQ3V1ajc3T3EyTXdwcXc?oc=5\" target=\"_blank\" rel=\"noopener\">Aleksandar Vukic &#8211; Tommy Paul, ATP 250, Adela\u00efde, Quarts de finale, Jeudi 15 janvier 2026<\/a>&nbsp;&nbsp;L&rsquo;\u00c9quipe<\/li>\n<li><a href=\"https:\/\/news.google.com\/rss\/articles\/CBMiwAFBVV95cUxPYkJXaGxDRldMNVpJbG1ySDNSRDVSR0RjX2pZOHlJcXpiQ2pVdzk0WUJPTEsxaTNQbXlxZ2Z0ckNJTy1pTTFBaEdtT0VSNkpfYkVtVDlGU1hNc21SRGRPNWw4YkF3OVJVYVl1VTVDRTVvLUx0Y3hNcXVxdGZTVUViX29VZFVHWW5JS3pXSXJQS29Xb2dEVkYyeWdIdnNWLTluMzlXR1FHYmNLTE5FUmVPQ05zNDYyNWZINEJnN3BMSWM?oc=5\" target=\"_blank\" rel=\"noopener\">Maya Joint &#8211; Ajla Tomljanovic, WTA 500, Adela\u00efde, Deuxi\u00e8me tour, Mercredi 14 janvier 2026<\/a>&nbsp;&nbsp;L&rsquo;\u00c9quipe<\/li>\n<li><a href=\"https:\/\/news.google.com\/rss\/articles\/CBMiwgFBVV95cUxOQ0RHVmhKR0dmdTVHYUEtaVdTWDg4T2dONHE3bi1BR01nQ1p4X1QyNWZaSW90aGNBRWowTmdaUHUxcDNhX18xcFdDMmd4SkNrUjBpekx0aVpybUNCVWt0bUZBM1NRSmh4a0VZTmV3MGw4WU1uWWIzYi1RNktsOTdiN1U0UDBiNExrZTUxRDFTWktaRmdzR2NOVVRkREpwTFRyZTByNXpNVEZfVEllcF9WRUNuMlFFTjhYVDl5T2E1QzlpQQ?oc=5\" target=\"_blank\" rel=\"noopener\">Tomas Machac &#8211; Jaume Munar, ATP 250, Adela\u00efde, Quarts de finale, Jeudi 15 janvier 2026<\/a>&nbsp;&nbsp;L&rsquo;\u00c9quipe<\/li>\n<li><a href=\"https:\/\/news.google.com\/rss\/articles\/CBMiwwFBVV95cUxOcE8wZFZjN0Y0ckItc2tVNGhFdmo0X2l3YV9nekt0RTVKNFRMY1ZqeEowajRjamZIQ3VqcmFQY3dzdVYxWW5uTzdBa1lnVklSN0hiblNfRzdVam9IZ3VISlFfaWpsbFNtd0lkbFVTUGxxbzl3dHNIUmUtUGtUTUxmczA1V29LY1E5d1BvUFJicjVXTkZidVpySFhVWHZuUlM0clBBbnYtb0ZMQUdPRk1LSzd5SFdtNHVIZmlmNTVFWFpHLTQ?oc=5\" target=\"_blank\" rel=\"noopener\">R\u00e9sultat : Yulia Putintseva &#8211; Emma Navarro, WTA 500, Adela\u00efde, Deuxi\u00e8me tour, Mercredi 14 janvier 2026<\/a>&nbsp;&nbsp;L&rsquo;\u00c9quipe<\/li>\n<\/ol>\n","protected":false},"excerpt":{"rendered":"R\u00e9sultat : Diana Shnaider &#8211; Katerina Siniakova, WTA 500, Adela\u00efde, Deuxi\u00e8me tour, Mercredi 14 janvier 2026&nbsp;&nbsp;L&rsquo;\u00c9quipe Aleksandar Vukic&hellip;\n","protected":false},"author":2,"featured_media":662351,"comment_status":"","ping_status":"","sticky":false,"template":"","format":"standard","meta":{"footnotes":""},"categories":[1415],"tags":[1011,27,60,1467],"class_list":{"0":"post-662572","1":"post","2":"type-post","3":"status-publish","4":"format-standard","5":"has-post-thumbnail","7":"category-tennis","8":"tag-fr","9":"tag-france","10":"tag-sports","11":"tag-tennis"},"share_on_mastodon":{"url":"https:\/\/pubeurope.com\/@fr\/115892681631451693","error":""},"_links":{"self":[{"href":"https:\/\/www.europesays.com\/fr\/wp-json\/wp\/v2\/posts\/662572","targetHints":{"allow":["GET"]}}],"collection":[{"href":"https:\/\/www.europesays.com\/fr\/wp-json\/wp\/v2\/posts"}],"about":[{"href":"https:\/\/www.europesays.com\/fr\/wp-json\/wp\/v2\/types\/post"}],"author":[{"embeddable":true,"href":"https:\/\/www.europesays.com\/fr\/wp-json\/wp\/v2\/users\/2"}],"replies":[{"embeddable":true,"href":"https:\/\/www.europesays.com\/fr\/wp-json\/wp\/v2\/comments?post=662572"}],"version-history":[{"count":0,"href":"https:\/\/www.europesays.com\/fr\/wp-json\/wp\/v2\/posts\/662572\/revisions"}],"wp:featuredmedia":[{"embeddable":true,"href":"https:\/\/www.europesays.com\/fr\/wp-json\/wp\/v2\/media\/662351"}],"wp:attachment":[{"href":"https:\/\/www.europesays.com\/fr\/wp-json\/wp\/v2\/media?parent=662572"}],"wp:term":[{"taxonomy":"category","embeddable":true,"href":"https:\/\/www.europesays.com\/fr\/wp-json\/wp\/v2\/categories?post=662572"},{"taxonomy":"post_tag","embeddable":true,"href":"https:\/\/www.europesays.com\/fr\/wp-json\/wp\/v2\/tags?post=662572"}],"curies":[{"name":"wp","href":"https:\/\/api.w.org\/{rel}","templated":true}]}}