{"id":662573,"date":"2026-01-14T09:15:10","date_gmt":"2026-01-14T09:15:10","guid":{"rendered":"https:\/\/www.europesays.com\/fr\/662573\/"},"modified":"2026-01-14T09:15:10","modified_gmt":"2026-01-14T09:15:10","slug":"je-pense-que-jaurais-merite-une-fin-plus-glorieuse-entretien-avec-vincent-lavenu-ancien-patron-de-la-formation-cycliste-decathlon-ag2r-la-mondiale","status":"publish","type":"post","link":"https:\/\/www.europesays.com\/fr\/662573\/","title":{"rendered":"\u00ab\u00a0Je pense que j\u2019aurais m\u00e9rit\u00e9 une fin plus glorieuse\u00a0\u00bb\u00a0: entretien avec Vincent Lavenu, ancien patron de la formation cycliste Decathlon AG2R la Mondiale"},"content":{"rendered":"<p>L\u2019ancien manager et patron de la formation Decathlon AG2R la Mondiale, \u00e0 l\u2019origine de la cr\u00e9ation de l\u2019\u00e9quipe dans les ann\u00e9es 1990 sous le nom de Chazal, a pendant pr\u00e8s de trente\u00a0ans fait grandir sa structure jusqu\u2019au plus haut niveau mondial. Mais apr\u00e8s avoir vendu ses parts, il a \u00e9t\u00e9 licenci\u00e9 sans m\u00e9nagement par la direction d\u2019AG2R. <\/p>\n<p>Un choc <a href=\"https:\/\/www.humanite.fr\/sports\/-\/vincent-lavenu-le-tour-de-france-derange-enormement\" target=\"_blank\" rel=\"noopener\">pour le Brian\u00e7onnais, <\/a>qui a mis plus d\u2019un an \u00e0 s\u2019en remettre avant d\u2019\u00e9crire un livre, J\u2019y crois toujours, sous la plume de Marc Fayet, et de participer \u00e0 la cr\u00e9ation d\u2019une \u00e9quipe f\u00e9minine, Ma Petite Entreprise.<\/p>\n<p class=\"wp-block-huma-question\">Parlons de votre licenciement de Decathlon AG2R la Mondiale, \u00e9bruit\u00e9 en&#8230;<\/p>\n","protected":false},"excerpt":{"rendered":"L\u2019ancien manager et patron de la formation Decathlon AG2R la Mondiale, \u00e0 l\u2019origine de la cr\u00e9ation de l\u2019\u00e9quipe&hellip;\n","protected":false},"author":2,"featured_media":662574,"comment_status":"","ping_status":"","sticky":false,"template":"","format":"standard","meta":{"footnotes":""},"categories":[1411],"tags":[1154,207,1011,27,60],"class_list":{"0":"post-662573","1":"post","2":"type-post","3":"status-publish","4":"format-standard","5":"has-post-thumbnail","7":"category-cyclisme","8":"tag-cycling","9":"tag-cyclisme","10":"tag-fr","11":"tag-france","12":"tag-sports"},"share_on_mastodon":{"url":"https:\/\/pubeurope.com\/@fr\/115892697513423428","error":""},"_links":{"self":[{"href":"https:\/\/www.europesays.com\/fr\/wp-json\/wp\/v2\/posts\/662573","targetHints":{"allow":["GET"]}}],"collection":[{"href":"https:\/\/www.europesays.com\/fr\/wp-json\/wp\/v2\/posts"}],"about":[{"href":"https:\/\/www.europesays.com\/fr\/wp-json\/wp\/v2\/types\/post"}],"author":[{"embeddable":true,"href":"https:\/\/www.europesays.com\/fr\/wp-json\/wp\/v2\/users\/2"}],"replies":[{"embeddable":true,"href":"https:\/\/www.europesays.com\/fr\/wp-json\/wp\/v2\/comments?post=662573"}],"version-history":[{"count":0,"href":"https:\/\/www.europesays.com\/fr\/wp-json\/wp\/v2\/posts\/662573\/revisions"}],"wp:featuredmedia":[{"embeddable":true,"href":"https:\/\/www.europesays.com\/fr\/wp-json\/wp\/v2\/media\/662574"}],"wp:attachment":[{"href":"https:\/\/www.europesays.com\/fr\/wp-json\/wp\/v2\/media?parent=662573"}],"wp:term":[{"taxonomy":"category","embeddable":true,"href":"https:\/\/www.europesays.com\/fr\/wp-json\/wp\/v2\/categories?post=662573"},{"taxonomy":"post_tag","embeddable":true,"href":"https:\/\/www.europesays.com\/fr\/wp-json\/wp\/v2\/tags?post=662573"}],"curies":[{"name":"wp","href":"https:\/\/api.w.org\/{rel}","templated":true}]}}