{"id":662579,"date":"2026-01-14T09:18:24","date_gmt":"2026-01-14T09:18:24","guid":{"rendered":"https:\/\/www.europesays.com\/fr\/662579\/"},"modified":"2026-01-14T09:18:24","modified_gmt":"2026-01-14T09:18:24","slug":"montaut-les-creneaux-les-oeuvres-des-eleves-de-la-section-photo-sexpose-a-la-salle-des-granges","status":"publish","type":"post","link":"https:\/\/www.europesays.com\/fr\/662579\/","title":{"rendered":"Montaut-les-Cr\u00e9neaux : les \u0153uvres des \u00e9l\u00e8ves de la section photo s\u2019expose \u00e0 la salle des Granges"},"content":{"rendered":"<p>Vendredi dernier se d\u00e9roulait le vernissage des photos des \u00e9l\u00e8ves de la section photo faisant partie de l\u2019Association montaltaise d\u2019int\u00e9r\u00eats culturels, d\u2019activit\u00e9s de loisirs, \u00e9ducatives et sportives (Amicales). Jean-Claude Fit\u00e8re, son pr\u00e9sident, retra\u00e7ait l\u2019aventure de la cr\u00e9ation de cette section. Philippe Gunst est \u00e0 Montaut-les-Cr\u00e9neaux en 2022, Jean-Claude Fit\u00e8re le re\u00e7oit en mars 2023 ; un mois apr\u00e8s, la section photo \u00e9tait cr\u00e9\u00e9e, avec 9 \u00e9l\u00e8ves ; leur nombre est pass\u00e9 \u00e0 14. Le maire et les \u00e9lus montaltais ont apport\u00e9 leur soutien. Les cours \u00e0 la salle des Granges le mercredi soir et les sorties ont permis de cr\u00e9er un groupe amical et une dynamique pour le village. Le savoir-faire des participants s\u2019est d\u00e9velopp\u00e9 et cette exposition sur 3 jours a permis de r\u00e9v\u00e9ler leur talent par ces photographies noir et blanc et couleur. Un public nombreux \u00e9tait au rendez-vous et la soir\u00e9e s\u2019est termin\u00e9e par un buffet convivial.<\/p>\n","protected":false},"excerpt":{"rendered":"Vendredi dernier se d\u00e9roulait le vernissage des photos des \u00e9l\u00e8ves de la section photo faisant partie de l\u2019Association&hellip;\n","protected":false},"author":2,"featured_media":662580,"comment_status":"","ping_status":"","sticky":false,"template":"","format":"standard","meta":{"footnotes":""},"categories":[1358],"tags":[1348,1384,1385,872,1386,58,59,1349,1011,27,11328,75151],"class_list":{"0":"post-662579","1":"post","2":"type-post","3":"status-publish","4":"format-standard","5":"has-post-thumbnail","7":"category-arts-et-design","8":"tag-arts","9":"tag-arts-and-design","10":"tag-arts-et-design","11":"tag-culture-et-loisirs","12":"tag-design","13":"tag-divertissement","14":"tag-entertainment","15":"tag-expositions","16":"tag-fr","17":"tag-france","18":"tag-gers","19":"tag-montautlescreneaux"},"share_on_mastodon":{"url":"https:\/\/pubeurope.com\/@fr\/115892709151406583","error":""},"_links":{"self":[{"href":"https:\/\/www.europesays.com\/fr\/wp-json\/wp\/v2\/posts\/662579","targetHints":{"allow":["GET"]}}],"collection":[{"href":"https:\/\/www.europesays.com\/fr\/wp-json\/wp\/v2\/posts"}],"about":[{"href":"https:\/\/www.europesays.com\/fr\/wp-json\/wp\/v2\/types\/post"}],"author":[{"embeddable":true,"href":"https:\/\/www.europesays.com\/fr\/wp-json\/wp\/v2\/users\/2"}],"replies":[{"embeddable":true,"href":"https:\/\/www.europesays.com\/fr\/wp-json\/wp\/v2\/comments?post=662579"}],"version-history":[{"count":0,"href":"https:\/\/www.europesays.com\/fr\/wp-json\/wp\/v2\/posts\/662579\/revisions"}],"wp:featuredmedia":[{"embeddable":true,"href":"https:\/\/www.europesays.com\/fr\/wp-json\/wp\/v2\/media\/662580"}],"wp:attachment":[{"href":"https:\/\/www.europesays.com\/fr\/wp-json\/wp\/v2\/media?parent=662579"}],"wp:term":[{"taxonomy":"category","embeddable":true,"href":"https:\/\/www.europesays.com\/fr\/wp-json\/wp\/v2\/categories?post=662579"},{"taxonomy":"post_tag","embeddable":true,"href":"https:\/\/www.europesays.com\/fr\/wp-json\/wp\/v2\/tags?post=662579"}],"curies":[{"name":"wp","href":"https:\/\/api.w.org\/{rel}","templated":true}]}}