{"id":662583,"date":"2026-01-14T09:21:16","date_gmt":"2026-01-14T09:21:16","guid":{"rendered":"https:\/\/www.europesays.com\/fr\/662583\/"},"modified":"2026-01-14T09:21:16","modified_gmt":"2026-01-14T09:21:16","slug":"quand-les-dirigeants-sud-coreen-et-japonais-jouent-de-la-batterie-ensemble-sur-de-la-musique-k-pop","status":"publish","type":"post","link":"https:\/\/www.europesays.com\/fr\/662583\/","title":{"rendered":"quand les dirigeants sud-cor\u00e9en et japonais jouent de la batterie ensemble sur de la musique K-pop"},"content":{"rendered":"<p>\n    Lee Jae Myung et Sanae Takaichi ont partag\u00e9 un instant musical mardi en marge d\u2019un sommet diplomatique entre les deux pays, \u00e0 Nara au Japon.<\/p>\n<p class=\"fig-paragraph\">Un exercice de soft power en pleine crise r\u00e9gionale. La premi\u00e8re ministre japonaise\u00a0<a href=\"http:\/\/www.lefigaro.fr\/international\/la-premiere-ministre-japonaise-sanae-takaichi-s-installe-dans-une-residence-officielle-reputee-hantee-20251230\" data-fig-type=\"NewsFlash\" data-gtm-custom-categorie=\"navigation\" data-gtm-custom-action=\"crossclick\" data-gtm-custom-label=\"Contextuel\" data-gtm-event=\"customEventSPE\" data-fig-domain=\"LEFIGARO\" target=\"_blank\" rel=\"noopener\">Sanae Takaichi<\/a>\u00a0et le pr\u00e9sident sud-cor\u00e9en\u00a0<a href=\"http:\/\/www.lefigaro.fr\/international\/coree-du-sud-le-president-lee-jae-myung-traite-d-hypocrite-par-la-coree-du-nord-sur-la-denuclearisation-20250827\" data-fig-type=\"NewsFlash\" data-gtm-custom-categorie=\"navigation\" data-gtm-custom-action=\"crossclick\" data-gtm-custom-label=\"Contextuel\" data-gtm-event=\"customEventSPE\" data-fig-domain=\"LEFIGARO\" target=\"_blank\" rel=\"noopener\">Lee Jae Myung<\/a>\u00a0se sont retrouv\u00e9s pour un sommet entre les deux pays dans la pr\u00e9fecture nippone de Nara.<\/p>\n<p class=\"fig-paragraph\">Les deux dirigeants se sont accord\u00e9s pour renforcer leur coop\u00e9ration sur la s\u00e9curit\u00e9 \u00e9conomique et les questions internationales. Sanae Takaichi a insist\u00e9 sur l\u2019importance pour les deux voisins de \u00abtravailler ensemble afin d\u2019assurer la stabilit\u00e9 r\u00e9gionale\u00bb.<\/p>\n<p>                                            <a class=\"fig-a11y-skip\" href=\"#fig-a11y-skip-main-inarticle\" data-module=\"a11y-skip\" data-context=\"was @visible\"><br \/>\n    Passer la publicit\u00e9<br \/>\n<\/a>            <\/p>\n<p class=\"fig-paragraph\">Ils en ont profit\u00e9 pour jouer ensemble \u00e0 la batterie deux titres phares de Kpop estimant que tous deux partageaient le d\u00e9sir de \u00absynchroniser la cadence\u00bb. Apr\u00e8s le sommet, la premi\u00e8re ministre japonaise a racont\u00e9 ce moment sur X\u00a0: <strong>\u00ab<\/strong>J\u2019ai jou\u00e9 de la batterie avec le pr\u00e9sident Lee Jae Myung<strong>\u00bb<\/strong>.<\/p>\n<p>                                            \u00abNous partagions le m\u00eame d\u00e9sir de jouer en harmonie\u00bb<\/p>\n<p class=\"fig-paragraph\">Ancienne batteuse dans un groupe de heavy metal \u00e0 l\u2019universit\u00e9, elle a pr\u00e9cis\u00e9 que, lors de leur rencontre \u00e0 l\u2019APEC l\u2019an dernier, le pr\u00e9sident lui avait confi\u00e9 son r\u00eave de jouer de la batterie. Pour lui faire la surprise, ils ont interpr\u00e9t\u00e9 deux chansons de K-pop\u00a0: \u00ab Dynamite\u00a0\u00bb de BTS et \u00ab Golden\u00a0\u00bb du film d\u2019animation Kpop Demon Hunters.<\/p>\n<p class=\"fig-paragraph\">De son c\u00f4t\u00e9 le pr\u00e9sident sud-cor\u00e9en a confi\u00e9 sur X\u00a0: <strong>\u00ab<\/strong>C\u2019\u00e9tait un peu g\u00eanant au d\u00e9but, mais plus je frappais, plus le son s\u2019accordait<strong>\u00bb<\/strong>. <strong>\u00ab<\/strong>M\u00eame si notre rythme \u00e9tait diff\u00e9rent, nous partagions le m\u00eame d\u00e9sir de jouer en harmonie<strong>\u00bb,<\/strong> a-t-il ajout\u00e9. <strong>\u00ab<\/strong>Nous travaillerons ensemble pour construire une relation Cor\u00e9e-Japon tourn\u00e9e vers l\u2019avenir.<strong>\u00bb<\/strong><\/p>\n","protected":false},"excerpt":{"rendered":"Lee Jae Myung et Sanae Takaichi ont partag\u00e9 un instant musical mardi en marge d\u2019un sommet diplomatique entre&hellip;\n","protected":false},"author":2,"featured_media":662584,"comment_status":"","ping_status":"","sticky":false,"template":"","format":"standard","meta":{"footnotes":""},"categories":[1355],"tags":[5640,58,59,1011,27,2070,7594,1361,873],"class_list":{"0":"post-662583","1":"post","2":"type-post","3":"status-publish","4":"format-standard","5":"has-post-thumbnail","7":"category-musique","8":"tag-coree-du-sud","9":"tag-divertissement","10":"tag-entertainment","11":"tag-fr","12":"tag-france","13":"tag-japon","14":"tag-k-pop","15":"tag-music","16":"tag-musique"},"share_on_mastodon":{"url":"https:\/\/pubeurope.com\/@fr\/115892720951127187","error":""},"_links":{"self":[{"href":"https:\/\/www.europesays.com\/fr\/wp-json\/wp\/v2\/posts\/662583","targetHints":{"allow":["GET"]}}],"collection":[{"href":"https:\/\/www.europesays.com\/fr\/wp-json\/wp\/v2\/posts"}],"about":[{"href":"https:\/\/www.europesays.com\/fr\/wp-json\/wp\/v2\/types\/post"}],"author":[{"embeddable":true,"href":"https:\/\/www.europesays.com\/fr\/wp-json\/wp\/v2\/users\/2"}],"replies":[{"embeddable":true,"href":"https:\/\/www.europesays.com\/fr\/wp-json\/wp\/v2\/comments?post=662583"}],"version-history":[{"count":0,"href":"https:\/\/www.europesays.com\/fr\/wp-json\/wp\/v2\/posts\/662583\/revisions"}],"wp:featuredmedia":[{"embeddable":true,"href":"https:\/\/www.europesays.com\/fr\/wp-json\/wp\/v2\/media\/662584"}],"wp:attachment":[{"href":"https:\/\/www.europesays.com\/fr\/wp-json\/wp\/v2\/media?parent=662583"}],"wp:term":[{"taxonomy":"category","embeddable":true,"href":"https:\/\/www.europesays.com\/fr\/wp-json\/wp\/v2\/categories?post=662583"},{"taxonomy":"post_tag","embeddable":true,"href":"https:\/\/www.europesays.com\/fr\/wp-json\/wp\/v2\/tags?post=662583"}],"curies":[{"name":"wp","href":"https:\/\/api.w.org\/{rel}","templated":true}]}}