{"id":662585,"date":"2026-01-14T09:22:08","date_gmt":"2026-01-14T09:22:08","guid":{"rendered":"https:\/\/www.europesays.com\/fr\/662585\/"},"modified":"2026-01-14T09:22:08","modified_gmt":"2026-01-14T09:22:08","slug":"nos-critiques-des-sorties-cinema-de-la-semaine-jusqua-laube-eleonora-duse-furcy-ne-libre-liberation","status":"publish","type":"post","link":"https:\/\/www.europesays.com\/fr\/662585\/","title":{"rendered":"Nos critiques des sorties cin\u00e9ma de la semaine : \u00abJusqu\u2019\u00e0 l\u2019aube\u00bb, \u00abEleonora Duse\u00bb, \u00abFurcy, n\u00e9 libre\u00bb\u2026 &#8211; Lib\u00e9ration"},"content":{"rendered":"<ol>\n<li><a href=\"https:\/\/news.google.com\/rss\/articles\/CBMi-gFBVV95cUxNU0FnZlBPc1JzR09Ga3pBQTB0VmhvOEpDdDlMc0JpNVRSb0YySll6a1pBQ1laOUhWUmtSSWxLMkNITXpvOGtpUDhocF82UjEzOVRDUG9laVV5OFgyRWNDUmIzeTF2dGZxbTlIY29pZXJKVFkxdmRPaHVDSFd0RldmUXFYWjRsTjlCVWFaRUg2Z2drN2F3TzA4NnE1Y1JuZDdCaHFpSXJaQ0VTUkhJa3NBN0VjdXNZSzZ4TUMxd2k4WVFKcTl0M1JYSlkzUWlZbnQ4ZVNpVzJRSUgzRkI5YXdjNGE0c2JsVUhFdW40ZE1jWU1GajNzdmVha0VB?oc=5\" target=\"_blank\" rel=\"noopener\">Nos critiques des sorties cin\u00e9ma de la semaine : \u00abJusqu\u2019\u00e0 l\u2019aube\u00bb, \u00abEleonora Duse\u00bb, \u00abFurcy, n\u00e9 libre\u00bb\u2026<\/a>&nbsp;&nbsp;Lib\u00e9ration<\/li>\n<li><a href=\"https:\/\/news.google.com\/rss\/articles\/CBMi_wFBVV95cUxOTktHSnNKRU96dkd6dEVtYkxzdzkwQ1c2S3ppZExxZ1NWdnZydEcwYXpzaUMxSlRfdnlseVNVV1MydFhnb19fV2xFeVowVXdxVWJUQXRKSUVTaWxvMGlKbWx1YXItcFNqVEFESnpBRTkzNkw0cXFibll4RHhJT1ZhY1kwQ0F2OVE0M0F3QTdXYUJMeWhvNHJrVTc4QnRxemkySEI3TTVqTGI5OERkM2xIVW1KckJXTDVkMzIzalJDR3N5TG5iNXFYbzFzQ2NVWmMtQkUwZ1htb1l5ZkRWLWtTeE0tXzBLMFNlMFNYZnBrQzRHMjNRT0ZYSlZsdzVWZ1U?oc=5\" target=\"_blank\" rel=\"noopener\">Dans \u00ab L\u2019Affaire Bojarski \u00bb, le cin\u00e9aste Jean-Paul Salom\u00e9 dresse le portrait d\u2019un artiste en faux-monnayeur<\/a>&nbsp;&nbsp;Le Monde.fr<\/li>\n<li><a href=\"https:\/\/news.google.com\/rss\/articles\/CBMi2AFBVV95cUxPSnE4VGw3aXlzUFJVdUwwZVhOc2EtVEVERmJwamEyNll5WEhpY0x4LVIxSEhRMWNuQXlaM25MaWxJMWNLa05rVUdXNTBvNC1SZTJRVmJ3R1NvT0FFNWRPYjRSVkxFMTh0TC1OTThPR3p6NGUzSnU3RkdMT2UzSS1sSHlkX1hLNHo3d2hDYUZMV3lvNmVCb09TLTZHdWxROHVkYmFrN1V5dnVMSGJwUk1acHJiNG4zTmlueDFPQzh2WnRUcDF0RzQwalNxQ19VS1NYejNja211ZmE?oc=5\" target=\"_blank\" rel=\"noopener\">\u00ab L\u2019Affaire Bojarski \u00bb, l\u2019histoire vraie d\u2019un faux-monnayeur virtuose<\/a>&nbsp;&nbsp;20 Minutes<\/li>\n<li><a href=\"https:\/\/news.google.com\/rss\/articles\/CBMiyAFBVV95cUxPRk1BRDN1MEp1aFl1N0VNVGlPN195TVNrSlpfV2lyTFpJemNnVlBCZ1BTOUtubGNmLU9FTXpsVm56WlJJZ0pwSTktQmxDRlVNNTUwVWFDOS1CUTRWdzhJMEp1UGpENWpMQl9jcHZXQS1pUzM3VkN2aFU5RVdyLWdBbjhtQTE1RFNPbzJUdDAybzgwb09jdzVxX0NjSUNIbzlyeXhSTnhwbE5ITnY3NE43Z1p3RVJVc3FBNFZSSXphbHVxQVJNcVZfNA?oc=5\" target=\"_blank\" rel=\"noopener\">Furcy, n\u00e9 libre, L\u2019Affaire Bojarski, Palestine 36&#8230; Les films \u00e0 voir et \u00e0 \u00e9viter cette semaine<\/a>&nbsp;&nbsp;Le Figaro<\/li>\n<li><a href=\"https:\/\/news.google.com\/rss\/articles\/CBMivwFBVV95cUxNLUJnY1lHWGtaTVl5VU4tSXhXNGVOM2pPeUp6UkptcUhfOTNtY0IwTGpHdjZfLV9rSU1CY3lVM0FiejZLZ3NEdXpJYXA1UzVYaVFISG9HdmFVUE05Rm5zcjd1QUo3U092cm0tYmEwNmMyR28xQW5iUi1scTJ0Q2lxdUJLWU9ZMThENDMtLVhwLXE5Tm5fbV9RQWdVSEFXVUt0cTZ1UWZ4cHoyemJKSk5NXzU3S2hMTjkxRzBNRzYyZw?oc=5\" target=\"_blank\" rel=\"noopener\">Les sorties cin\u00e9ma de la semaine : \u201cL\u2019Affaire Bojarski\u201d, \u201cPalestine 36\u201d, \u201cFurcy, n\u00e9 libre\u201d\u2026<\/a>&nbsp;&nbsp;T\u00e9l\u00e9rama<\/li>\n<\/ol>\n","protected":false},"excerpt":{"rendered":"Nos critiques des sorties cin\u00e9ma de la semaine : \u00abJusqu\u2019\u00e0 l\u2019aube\u00bb, \u00abEleonora Duse\u00bb, \u00abFurcy, n\u00e9 libre\u00bb\u2026&nbsp;&nbsp;Lib\u00e9ration Dans \u00ab&hellip;\n","protected":false},"author":2,"featured_media":395849,"comment_status":"","ping_status":"","sticky":false,"template":"","format":"standard","meta":{"footnotes":""},"categories":[1354],"tags":[58,59,1346,1011,27,1360],"class_list":{"0":"post-662585","1":"post","2":"type-post","3":"status-publish","4":"format-standard","5":"has-post-thumbnail","7":"category-films","8":"tag-divertissement","9":"tag-entertainment","10":"tag-films","11":"tag-fr","12":"tag-france","13":"tag-movies"},"share_on_mastodon":{"url":"https:\/\/pubeurope.com\/@fr\/115892724899407721","error":""},"_links":{"self":[{"href":"https:\/\/www.europesays.com\/fr\/wp-json\/wp\/v2\/posts\/662585","targetHints":{"allow":["GET"]}}],"collection":[{"href":"https:\/\/www.europesays.com\/fr\/wp-json\/wp\/v2\/posts"}],"about":[{"href":"https:\/\/www.europesays.com\/fr\/wp-json\/wp\/v2\/types\/post"}],"author":[{"embeddable":true,"href":"https:\/\/www.europesays.com\/fr\/wp-json\/wp\/v2\/users\/2"}],"replies":[{"embeddable":true,"href":"https:\/\/www.europesays.com\/fr\/wp-json\/wp\/v2\/comments?post=662585"}],"version-history":[{"count":0,"href":"https:\/\/www.europesays.com\/fr\/wp-json\/wp\/v2\/posts\/662585\/revisions"}],"wp:featuredmedia":[{"embeddable":true,"href":"https:\/\/www.europesays.com\/fr\/wp-json\/wp\/v2\/media\/395849"}],"wp:attachment":[{"href":"https:\/\/www.europesays.com\/fr\/wp-json\/wp\/v2\/media?parent=662585"}],"wp:term":[{"taxonomy":"category","embeddable":true,"href":"https:\/\/www.europesays.com\/fr\/wp-json\/wp\/v2\/categories?post=662585"},{"taxonomy":"post_tag","embeddable":true,"href":"https:\/\/www.europesays.com\/fr\/wp-json\/wp\/v2\/tags?post=662585"}],"curies":[{"name":"wp","href":"https:\/\/api.w.org\/{rel}","templated":true}]}}