{"id":662605,"date":"2026-01-14T09:35:12","date_gmt":"2026-01-14T09:35:12","guid":{"rendered":"https:\/\/www.europesays.com\/fr\/662605\/"},"modified":"2026-01-14T09:35:12","modified_gmt":"2026-01-14T09:35:12","slug":"a-toulon-de-lor-pour-chalucet-apres-5-ans-dusage","status":"publish","type":"post","link":"https:\/\/www.europesays.com\/fr\/662605\/","title":{"rendered":"\u00c0 Toulon, de l\u2019or pour Chalucet apr\u00e8s 5 ans d\u2019usage"},"content":{"rendered":"<p>                    <img loading=\"lazy\" decoding=\"async\" src=\"https:\/\/www.europesays.com\/fr\/wp-content\/uploads\/2026\/01\/7e3ebcf7757002a7b2858b216e7b6f.png\" class=\"img-responsive post-image\" width=\"680\" height=\"510\" alt=\"\u00c0 Toulon, de l'or pour\" title=\"\u00c0 Toulon, de l'or pour Chalucet apr\u00e8s 5 ans d'usage\"\/><\/p>\n<p class=\"chapo\">La M\u00e9tropole TPM s\u2019appuie sur la d\u00e9marche B\u00e2timents Durables M\u00e9diterran\u00e9ens (BDM) et Quartiers Durables M\u00e9diterran\u00e9ens (QDM) pour la conception des futurs b\u00e2timents et quartiers.<\/p>\n<p>Cette d\u00e9marche exige une qualit\u00e9 environnementale, sociale et \u00e9conomique pens\u00e9e d\u00e8s la conception du projet. Deux sites, engag\u00e9s dans cette d\u00e9marche de certification QDM, sont pass\u00e9s en commission le 7 octobre dernier. Il s\u2019agit du quartier Chalucet \u00e0 Toulon qui a obtenu le label QDM niveau Or en usage et le P\u00f4le d\u2019Echange Multimodal de Hy\u00e8res qui a obtenu le label QMD niveau bronze en conception. Ces deux labellisations viennent r\u00e9compenser une pratique environnementale int\u00e9gr\u00e9e et compl\u00e8te.<br class=\"texte\"\/><br \/>\n<strong>La M\u00e9tropole a pr\u00e9sent\u00e9 le 7 octobre le quartier de la cr\u00e9ativit\u00e9 et la connaissance de Toulon en commission Quartier Durable M\u00e9diterran\u00e9en pour l\u2019\u00e9tape usage et le quartier de Chalucet a eu le niveau Or.<\/strong><br class=\"autobr\"\/><br \/>\n<strong>Cette labellisation r\u00e9compense le quartier en suivant sur 5 ans une grille de crit\u00e8res d\u00e9clin\u00e9s selon 8 objectifs\u00a0: <\/strong> contexte et milieu naturel\u00a0; mobilit\u00e9s\u00a0; mat\u00e9riaux et gestion des d\u00e9chets\u00a0; \u00e9nergie\u00a0; eau\u00a0; qualit\u00e9 de vie et sant\u00e9\u00a0; social et \u00e9conomie\u00a0; et gestion de projet.<br class=\"autobr\"\/><br \/>\nAinsi, dans cet immense jardin urbain, la biodiversit\u00e9 est encourag\u00e9e (nichoirs \u00e0 martinets \u2013 toits v\u00e9g\u00e9talis\u00e9s \u2013 gestion en z\u00e9ro phyto \u2013 essences \u00e9conomes en eau), la mixit\u00e9 sociale, interg\u00e9n\u00e9rationnelle et fonctionnelle est incit\u00e9e, la qualit\u00e9 des espaces publics est remarquable, la mobilit\u00e9 est majoritairement douce et la consommation d\u2019eau est mesur\u00e9e et majoritairement en circuit ferm\u00e9. Et o\u00f9 la gestion de l\u2019\u00e9nergie est mod\u00e9r\u00e9e, notamment dans l\u2019\u00e9clairage public, TPM continue d\u2019appliquer ces principes de conception et \u00e0 les am\u00e9liorer et les d\u00e9velopper dans les usages.<\/p>\n<p><strong>R\u00e9f\u00e9rentiel de qualit\u00e9 environnementale<\/strong><br class=\"autobr\"\/><br \/>\nLa d\u00e9marche B\u00e2timents et Quartiers Durables M\u00e9diterran\u00e9ens (BDM\/QDM) est un r\u00e9f\u00e9rentiel de qualit\u00e9 environnementale ayant pour objectif d\u2019\u00e9valuer les projets de construction et de r\u00e9habilitation des b\u00e2timents et quartiers dans une d\u00e9marche d\u2019am\u00e9lioration continue. Ce r\u00e9f\u00e9rentiel est port\u00e9 en r\u00e9gion Sud par l\u2019association EnvirobatBDM en partenariat avec l\u2019ADEME.<br class=\"autobr\"\/><br \/>\nLa M\u00e9tropole a rejoint en 2025 le r\u00e9seau EnvirobatBDM afin de participer \u00e0 des visites de chantiers de b\u00e2timents exemplaires et \u00e0 des groupes de travail, g\u00e9n\u00e9raliser la d\u00e9marche BDM\/QDM \u00e0 l\u2019ensemble de ses projets, accro\u00eetre sa visibilit\u00e9 dans la g\u00e9n\u00e9ralisation de l\u2019am\u00e9nagement durable, limiter la consommation de ses b\u00e2timents gr\u00e2ce au suivi des consommations et des usages propos\u00e9s par la d\u00e9marche durant deux ans suivant la livraison.<\/p>\n<p>Photo de Une \u00a9Olivier PASTOR<\/p>\n","protected":false},"excerpt":{"rendered":"La M\u00e9tropole TPM s\u2019appuie sur la d\u00e9marche B\u00e2timents Durables M\u00e9diterran\u00e9ens (BDM) et Quartiers Durables M\u00e9diterran\u00e9ens (QDM) pour la&hellip;\n","protected":false},"author":2,"featured_media":662606,"comment_status":"","ping_status":"","sticky":false,"template":"","format":"standard","meta":{"footnotes":""},"categories":[9619],"tags":[1111,11,2408,1777,674,1011,27,12,882,25,2310],"class_list":{"0":"post-662605","1":"post","2":"type-post","3":"status-publish","4":"format-standard","5":"has-post-thumbnail","7":"category-toulon","8":"tag-actu","9":"tag-actualites","10":"tag-appels-d","11":"tag-eu","12":"tag-europe","13":"tag-fr","14":"tag-france","15":"tag-news","16":"tag-provence-alpes-cote-dazur","17":"tag-republique-francaise","18":"tag-toulon"},"share_on_mastodon":{"url":"https:\/\/pubeurope.com\/@fr\/115892776750483387","error":""},"_links":{"self":[{"href":"https:\/\/www.europesays.com\/fr\/wp-json\/wp\/v2\/posts\/662605","targetHints":{"allow":["GET"]}}],"collection":[{"href":"https:\/\/www.europesays.com\/fr\/wp-json\/wp\/v2\/posts"}],"about":[{"href":"https:\/\/www.europesays.com\/fr\/wp-json\/wp\/v2\/types\/post"}],"author":[{"embeddable":true,"href":"https:\/\/www.europesays.com\/fr\/wp-json\/wp\/v2\/users\/2"}],"replies":[{"embeddable":true,"href":"https:\/\/www.europesays.com\/fr\/wp-json\/wp\/v2\/comments?post=662605"}],"version-history":[{"count":0,"href":"https:\/\/www.europesays.com\/fr\/wp-json\/wp\/v2\/posts\/662605\/revisions"}],"wp:featuredmedia":[{"embeddable":true,"href":"https:\/\/www.europesays.com\/fr\/wp-json\/wp\/v2\/media\/662606"}],"wp:attachment":[{"href":"https:\/\/www.europesays.com\/fr\/wp-json\/wp\/v2\/media?parent=662605"}],"wp:term":[{"taxonomy":"category","embeddable":true,"href":"https:\/\/www.europesays.com\/fr\/wp-json\/wp\/v2\/categories?post=662605"},{"taxonomy":"post_tag","embeddable":true,"href":"https:\/\/www.europesays.com\/fr\/wp-json\/wp\/v2\/tags?post=662605"}],"curies":[{"name":"wp","href":"https:\/\/api.w.org\/{rel}","templated":true}]}}