{"id":662609,"date":"2026-01-14T09:37:15","date_gmt":"2026-01-14T09:37:15","guid":{"rendered":"https:\/\/www.europesays.com\/fr\/662609\/"},"modified":"2026-01-14T09:37:15","modified_gmt":"2026-01-14T09:37:15","slug":"sortir-a-montpellier-best-of-idylles-de-montpellier-labo-dacteurs-vespiche-des-idees-pour-ce-jeudi-15-janvier","status":"publish","type":"post","link":"https:\/\/www.europesays.com\/fr\/662609\/","title":{"rendered":"Sortir \u00e0 Montpellier\u00a0: Best of, Idylles de Montpellier, labo d\u2019acteurs, Vespiche\u2026 des id\u00e9es pour ce jeudi 15\u00a0janvier"},"content":{"rendered":"<p>\n                                                                Reprise de \u00ab\u00a0Partir un jour\u00a0\u00bb au cin\u00e9ma Path\u00e9 Com\u00e9die, lecture po\u00e9tique \u00e0 Sauramps, Biz\u2019Arbres \u00e0 la Villa Maguelone, labo d\u2019acteurs et actrices \u00e0 la Bulle Bleue, Loups Garous de Thiercelieux \u00e0 Zola, La Vespiche au Rockstore ou concert des profs du Jam.\n                            <\/p>\n<p>D\u00e9couvrez notre s\u00e9lection de sorties pour ce jeudi 15\u00a0janvier 2026 du c\u00f4t\u00e9 de <a href=\"https:\/\/www.midilibre.fr\/herault\/montpellier\/\" target=\"_blank\" rel=\"noopener\">Montpellier<\/a> et faites le plein d\u2019id\u00e9es avec<a href=\"https:\/\/www.midilibre.fr\/agenda\/?path=&amp;q=&amp;where=herault%3Amontpellier&amp;insee=34172&amp;from=2026-01-15&amp;to=2026-01-15&amp;agendapg=13#4232123\" target=\"_blank\" rel=\"noopener\"> notre agenda en ligne<\/a>.<\/p>\n<p>Best of\u00a0: \u00ab\u00a0Partir un jour\u00a0\u00bb<\/p>\n<p><strong>Cin\u00e9ma. <\/strong>Com\u00e9die dramatique (1h38) d\u2019Am\u00e9lie Bonnin, avec Juliette Armanet, Bastien Bouillon, Fran\u00e7ois Rollin. Alors que C\u00e9cile s\u2019appr\u00eate \u00e0 r\u00e9aliser son r\u00eave, ouvrir son propre restaurant gastronomique, elle doit rentrer dans le village de son enfance \u00e0 la suite de l\u2019infarctus de son p\u00e8re. Loin de l\u2019agitation parisienne, elle recroise son amour de jeunesse. Ses souvenirs ressurgissent et ses certitudes vacillent\u2026<\/p>\n<p>&gt;\u00a0Ce jeudi 15\u00a0janvier \u00e0 <strong>13\u00a0h\u00a015<\/strong> au <a href=\"https:\/\/www.pathe.fr\/cinemas\/cinema-pathe-comedie\" target=\"_blank\" rel=\"noopener\">cin\u00e9ma Path\u00e9 Com\u00e9die<\/a>, 10 place de la Com\u00e9die \u00e0 <a href=\"https:\/\/www.midilibre.fr\/herault\/montpellier\/\" target=\"_blank\" rel=\"noopener\">Montpellier<\/a>. Tarif unique\u00a0: 6\u00a0\u20ac.<\/p>\n<p>Lecture po\u00e9tique de Fran\u00e7ois Szabo<\/p>\n<p><strong>Litt\u00e9rature.<\/strong> Rencontrez\u00a0Fran\u00e7ois Szabo pour une lecture po\u00e9tique de son recueil \u00ab\u00a0Idylles de Montpellier\u00a0\u00bb paru aux \u00e9ditions Cap de l\u2019\u00e9tang. Fran\u00e7ois Szab\u00f3 est po\u00e8te, n\u00e9 en 1967 \u00e0 Montpellier. Auteur de plus de cinquante recueils \u00e9crits en fran\u00e7ais, am\u00e9ricain, catalan, castillan, russe et italien. Il est membre de la Maison de la Po\u00e9sie Jean Joubert.<\/p>\n<p>&gt;\u00a0Ce\u00a0jeudi 15\u00a0janvier \u00e0 <strong>18\u00a0heures<\/strong> \u00e0 la <a href=\"https:\/\/www.sauramps.com\/posts\/30\/Nos-evenements\" target=\"_blank\" rel=\"noopener\">librairie Sauramps <\/a>Com\u00e9die, au Triangle, all\u00e9e Jules-Milhau \u00e0 <a href=\"https:\/\/www.midilibre.fr\/herault\/montpellier\/\" target=\"_blank\" rel=\"noopener\">Montpellier<\/a>. Contact au\u00a004\u00a067\u00a006\u00a078\u00a078.<\/p>\n<p>Biz\u2019Arbres<\/p>\n<p><strong>Conf\u00e9rence.<\/strong> \u00ab\u00a0Ou comment faire face aux traumas de la vie quand on est un arbre\u2026\u00a0\u00bb. Docteure en physiologie v\u00e9g\u00e9tale, Catherine Lenne enseigne la botanique \u00e0 l\u2019universit\u00e9 Clermont Auvergne. Elle est \u00e9galement chercheuse au laboratoire de physique et physiologie int\u00e9gratives de l\u2019arbre en environnement fluctuant o\u00f9 elle \u00e9tudie la sensibilit\u00e9 et les r\u00e9ponses des arbres face aux stimulations m\u00e9caniques. La conf\u00e9rence sera suivie du verre de l\u2019amiti\u00e9 et d\u2019une s\u00e9ance de d\u00e9dicaces.<\/p>\n<p>&gt;\u00a0Ce\u00a0jeudi 15\u00a0janvier \u00e0 <strong>18\u00a0h\u00a030<\/strong> \u00e0 la\u00a0Villa Maguelone, 31 avenue Saint-Lazare \u00e0 <a href=\"https:\/\/www.midilibre.fr\/herault\/montpellier\/\" target=\"_blank\" rel=\"noopener\">Montpellier<\/a>.\u00a0Entr\u00e9e libre, r\u00e9servation par mail \u00e0 contact@nonaubeton.org<\/p>\n<p>Mati\u00e8re premi\u00e8re, labo d\u2019acteurs et actrices<\/p>\n<p><strong>Th\u00e9\u00e2tre.<\/strong> Sous la direction de Marion Coutarel, une quinzaine d\u2019\u00e9tudiants ont rejoint\u00a0les com\u00e9diens et com\u00e9diennes de La Bulle Bleue pour deux\u00a0semaines de labo th\u00e9\u00e2tral.\u00a0Autour de la th\u00e9matique \u00ab\u00a0Mati\u00e8re premi\u00e8re\u00a0\u00bb, tous et toutes vont chercher ensemble, au plateau, les conditions pour favoriser l\u2019\u00e9mergence d\u2019une v\u00e9ritable rencontre artistique. Comment laisser surgir les r\u00e9alit\u00e9s subconscientes lors des improvisations pour cr\u00e9er une forme performative\u00a0?<\/p>\n<p>&gt;\u00a0Ce\u00a0jeudi 15\u00a0janvier \u00e0 <strong>19\u00a0heures<\/strong> \u00e0 la <a href=\"https:\/\/www.labullebleue.fr\/\" target=\"_blank\" rel=\"noopener\">Bulle Bleue<\/a>, 285 rue du Mas-de-Prunet \u00e0 <a href=\"https:\/\/www.midilibre.fr\/herault\/montpellier\/\" target=\"_blank\" rel=\"noopener\">Montpellier<\/a>.\u00a0Gratuit <a href=\"https:\/\/www.labullebleue.fr\/evenements\/2026_labo-masters1_marioncoutarel\" target=\"_blank\" rel=\"noopener\">sur r\u00e9servation<\/a>. Contact au\u00a004\u00a067\u00a042\u00a018\u00a061.<\/p>\n<p>Soir\u00e9e \u00ab\u00a0Loups Garous de Thiercelieux\u00a0\u00bb<\/p>\n<p><strong>Jeu de soci\u00e9t\u00e9.<\/strong>\u00a0Serez-vous capables de sauver le village ou tombera-t-il dans les griffes des loups garous\u00a0? Venez tenter une exp\u00e9rience immersive gr\u00e2ce \u00e0 une ambiance sonore r\u00e9alis\u00e9e pour l\u2019occasion. Tout public d\u00e8s 16 ans.<\/p>\n<p>&gt;\u00a0Ce jeudi 15\u00a0janvier de\u00a0<strong>19\u00a0h \u00e0 21\u00a0heures<\/strong> \u00e0 la <a href=\"https:\/\/mediatheques.montpellier3m.fr\/default\/mediatheque-emile-zola.aspx?_lg=fr-FR\" target=\"_blank\" rel=\"noopener\">m\u00e9diath\u00e8que Emile Zola<\/a>, 218 boulevard de l\u2019A\u00e9roport international \u00e0 <a href=\"https:\/\/www.midilibre.fr\/herault\/montpellier\/\" target=\"_blank\" rel=\"noopener\">Montpellier<\/a>. Gratuit, entr\u00e9e libre dans la limite des places disponibles. Contact au\u00a004\u00a067\u00a034\u00a087\u00a000.<\/p>\n<p>La Vespiche<\/p>\n<blockquote data-instgrm-captioned=\"\" data-instgrm-permalink=\"https:\/\/www.instagram.com\/p\/DRFbz3JjQ8p\/?utm_source=ig_embed&amp;utm_campaign=loading\" data-instgrm-version=\"14\" style=\" background:#FFF; border:0; border-radius:3px; box-shadow:0 0 1px 0 rgba(0,0,0,0.5),0 1px 10px 0 rgba(0,0,0,0.15); margin: 1px; max-width:540px; min-width:326px; padding:0; width:99.375%; width:-webkit-calc(100% - 2px); width:calc(100% - 2px);\" data-class=\"instagram-media\"\/>\n<p><strong>Spectacle.<\/strong> \u00ab\u00a0La Vespiche\u00a0is back\u00a0!\u00a0\u00bb avec au programme\u00a0: show Meet\u00a0&amp; Greet avec Piche\u00a0&amp; Vespi\u00a0; en special guest Miss Victoire\u00a0; DJ set toute la nuit par Julien de Bomerani.<\/p>\n<p>&gt;\u00a0Ce\u00a0jeudi 15\u00a0janvier \u00e0 partir de <strong>19\u00a0heures<\/strong> au <a href=\"https:\/\/www.rockstore.fr\/\" target=\"_blank\" rel=\"noopener\">Rockstore<\/a>, 20 rue de Verdun \u00e0 <a href=\"https:\/\/www.midilibre.fr\/herault\/montpellier\/\" target=\"_blank\" rel=\"noopener\">Montpellier<\/a>. Tarif late 20,99\u00a0\u20ac. Contact au\u00a004\u00a067\u00a006\u00a080\u00a000.<\/p>\n<p>Concert des profs du Jam<\/p>\n<p><strong>Concert.<\/strong> Apr\u00e8s le succ\u00e8s de leur concert pour les 45 ans du Jam, les profs de l\u2019\u00e9cole remontent\u00a0sur sc\u00e8ne pour offrir un nouveau show\u00a0! Voir autant de professeur\u00b7e\u00b7s jouer ensemble, ce n\u2019est pas tous les jours\u00a0!<\/p>\n<p>&gt;\u00a0Ce\u00a0jeudi 15\u00a0janvier \u00e0 <strong>21\u00a0heures<\/strong> au <a href=\"https:\/\/www.lejam.com\/\" target=\"_blank\" rel=\"noopener\">Jam<\/a>, 100\u00a0rue Ferdinand-de-Lesseps \u00e0 <a href=\"https:\/\/www.midilibre.fr\/herault\/montpellier\/\" target=\"_blank\" rel=\"noopener\">Montpellier<\/a>. Gratuit, entr\u00e9e libre. Contact au\u00a004\u00a067\u00a058\u00a030\u00a030.<\/p>\n<p>                                                                                                                                                                                                        <script async src=\"\/\/www.instagram.com\/embed.js\"><\/script><\/p>\n","protected":false},"excerpt":{"rendered":"Reprise de \u00ab\u00a0Partir un jour\u00a0\u00bb au cin\u00e9ma Path\u00e9 Com\u00e9die, lecture po\u00e9tique \u00e0 Sauramps, Biz\u2019Arbres \u00e0 la Villa Maguelone,&hellip;\n","protected":false},"author":2,"featured_media":662610,"comment_status":"","ping_status":"","sticky":false,"template":"","format":"standard","meta":{"footnotes":""},"categories":[9599],"tags":[1111,11,872,1777,674,1011,27,7089,2208,12,2680,25],"class_list":{"0":"post-662609","1":"post","2":"type-post","3":"status-publish","4":"format-standard","5":"has-post-thumbnail","7":"category-montpellier","8":"tag-actu","9":"tag-actualites","10":"tag-culture-et-loisirs","11":"tag-eu","12":"tag-europe","13":"tag-fr","14":"tag-france","15":"tag-herault","16":"tag-montpellier","17":"tag-news","18":"tag-occitanie","19":"tag-republique-francaise"},"share_on_mastodon":{"url":"https:\/\/pubeurope.com\/@fr\/115892783947278198","error":""},"_links":{"self":[{"href":"https:\/\/www.europesays.com\/fr\/wp-json\/wp\/v2\/posts\/662609","targetHints":{"allow":["GET"]}}],"collection":[{"href":"https:\/\/www.europesays.com\/fr\/wp-json\/wp\/v2\/posts"}],"about":[{"href":"https:\/\/www.europesays.com\/fr\/wp-json\/wp\/v2\/types\/post"}],"author":[{"embeddable":true,"href":"https:\/\/www.europesays.com\/fr\/wp-json\/wp\/v2\/users\/2"}],"replies":[{"embeddable":true,"href":"https:\/\/www.europesays.com\/fr\/wp-json\/wp\/v2\/comments?post=662609"}],"version-history":[{"count":0,"href":"https:\/\/www.europesays.com\/fr\/wp-json\/wp\/v2\/posts\/662609\/revisions"}],"wp:featuredmedia":[{"embeddable":true,"href":"https:\/\/www.europesays.com\/fr\/wp-json\/wp\/v2\/media\/662610"}],"wp:attachment":[{"href":"https:\/\/www.europesays.com\/fr\/wp-json\/wp\/v2\/media?parent=662609"}],"wp:term":[{"taxonomy":"category","embeddable":true,"href":"https:\/\/www.europesays.com\/fr\/wp-json\/wp\/v2\/categories?post=662609"},{"taxonomy":"post_tag","embeddable":true,"href":"https:\/\/www.europesays.com\/fr\/wp-json\/wp\/v2\/tags?post=662609"}],"curies":[{"name":"wp","href":"https:\/\/api.w.org\/{rel}","templated":true}]}}