{"id":662611,"date":"2026-01-14T09:38:13","date_gmt":"2026-01-14T09:38:13","guid":{"rendered":"https:\/\/www.europesays.com\/fr\/662611\/"},"modified":"2026-01-14T09:38:13","modified_gmt":"2026-01-14T09:38:13","slug":"vols-a-letalage-un-trio-ecumait-odysseum-et-le-polygone-a-montpellier-le-phenomene-explose","status":"publish","type":"post","link":"https:\/\/www.europesays.com\/fr\/662611\/","title":{"rendered":"Vols \u00e0 l&rsquo;\u00e9talage. Un trio \u00e9cumait Odysseum et le Polygone \u00e0 Montpellier : le ph\u00e9nom\u00e8ne explose"},"content":{"rendered":"<p>                    Par<br \/>\n        <strong><br \/>\n            <a href=\"https:\/\/actu.fr\/auteur\/jm-aubert\" title=\"Consulter tous les articles de Jean-Marc Aubert\" target=\"_blank\" rel=\"noopener\">Jean-Marc Aubert<\/a><br \/>\n                    <\/strong><\/p>\n<p>        Publi\u00e9 le<\/p>\n<p>            14 janv. 2026 \u00e0 10h36        <\/p>\n<p>Des professionnels trahis par les cam\u00e9ras : trois <strong>voleurs \u00e0 l\u2019\u00e9talage<\/strong> ont \u00e9cum\u00e9 en fin de semaine derni\u00e8re, les centres commerciaux d<strong>\u2018Odysseum<\/strong> et du <strong>Polygone<\/strong>, \u00e0 <strong>Montpellier,<\/strong> selon une technique bien rod\u00e9e. Mais ils ont \u00e9t\u00e9 film\u00e9s et ont \u00e9t\u00e9 interpell\u00e9s ce samedi 10 janvier 2026 par les agents de s\u00e9curit\u00e9, gr\u00e2ce au syst\u00e8me de <strong>vid\u00e9osurveillance<\/strong> d\u2019Odysseum.<\/p>\n<p class=\" wall-content\">En quelques heures, de nombreuses boutiques, notamment de v\u00eatements de marque, de lunettes de luxe et de parfums, comme les enseignes Sephora et Nyx, ont \u00e9t\u00e9 pill\u00e9es par le trio pour un montant qui atteignait les 2 000\u20ac. Ces voleurs tr\u00e8s bien organis\u00e9s et qui n\u2019en \u00e9taient pas \u00e0 leur coup d\u2019essai, ont \u00e9t\u00e9 remis aux policiers nationaux et conduits en garde \u00e0 vue au commissariat central.<\/p>\n<p class=\" wall-content\">En 2025, les agents de s\u00e9curit\u00e9 d\u2019Odysseum et du Polygone, alert\u00e9s par les commer\u00e7ants de plus en plus vigilants sur le comportement suspect de ces voleurs ont multipli\u00e9 les saisies des articles qui ont \u00e9t\u00e9 restitu\u00e9s.<\/p>\n<p class=\" wall-content\">Montpellier n\u2019est pas un cas isol\u00e9 de cette d\u00e9linquance d\u2019appropriation : les vols \u00e0 l\u2019\u00e9talage explosent depuis ces derni\u00e8res ann\u00e9es sur tout le territoire. Ainsi, selon le <strong>collectif Ras Le Vol<\/strong> qui a men\u00e9 une enqu\u00eate d\u00e9but 2025\u00a0aupr\u00e8s de plus de 1 300 commer\u00e7ants, 82 % des professionnels ont \u00e9t\u00e9 victimes de vol en 2024, soit une progression de plus de 15 % par rapport \u00e0 l\u2019ann\u00e9e pr\u00e9c\u00e9dente. Et les donn\u00e9es du minist\u00e8re de l\u2019Int\u00e9rieur confirment cette tendance avec une hausse des d\u00e9p\u00f4ts de plainte pour vol \u00e0 l\u2019\u00e9talage, atteignant plus de\u00a042 000 faits recens\u00e9s. Les\u00a0statistiques pour l\u2019ann\u00e9e 2025 ne sont pas encore connues.<\/p>\n<p>Vid\u00e9os : en ce moment sur Actu<\/p>\n<p class=\" wall-content\">Paradoxalement, moins de la moiti\u00e9 des victimes portent plainte, par crainte de proc\u00e9dures inutiles ou du faible taux de condamnation, un sentiment d\u2019impunit\u00e9 qui alimente le ph\u00e9nom\u00e8ne et pousse les voleurs \u00e0 agir avec davantage d\u2019audace : les\u00a0v\u00eatements\u00a0de marque, les\u00a0cosm\u00e9tiques, les parfums\u00a0et soins de\u00a0parapharmacie, les lunettes, ainsi que les\u00a0alcools\u00a0premium sont particuli\u00e8rement pris\u00e9s par des voleurs.<\/p>\n<p class=\" wall-content\">Selon le collectif Ras Le Vol, ils d\u00e9robent des articles g\u00e9n\u00e9ralement petits, l\u00e9gers et\u00a0faciles \u00e0 dissimuler\u00a0dans des sacs, des v\u00eatements ou des accessoires modifi\u00e9s. Ils utilisent des techniques avanc\u00e9es, telles que les sacs doubl\u00e9s d\u2019aluminium ou \u201csacs booster\u201d pour bloquer les portiques, les vols coordonn\u00e9s en groupe pour d\u00e9tourner l\u2019attention du personnel, ou encore en d\u00e9couplant les badges, souvent cach\u00e9s dans les cabines d\u2019essayage.<\/p>\n<p class=\" wall-content\">Personnalisez votre actualit\u00e9 en ajoutant vos villes et m\u00e9dias en favori avec <a href=\"https:\/\/moncompte.actu.fr\" title=\"D\u00e9couvez Mon Actu\" rel=\"nofollow noopener\" data-trk=\"{&quot;cta&quot;:{&quot;action&quot;:&quot;https:\\\/\\\/moncompte.actu.fr&quot;,&quot;category&quot;:&quot;mon compte&quot;,&quot;from&quot;:&quot;article footer&quot;,&quot;name&quot;:&quot;Mon actu&quot;,&quot;type&quot;:&quot;cta&quot;}}\" target=\"_blank\">Mon Actu<\/a>.<\/p>\n","protected":false},"excerpt":{"rendered":"Par Jean-Marc Aubert Publi\u00e9 le 14 janv. 2026 \u00e0 10h36 Des professionnels trahis par les cam\u00e9ras : trois&hellip;\n","protected":false},"author":2,"featured_media":662612,"comment_status":"","ping_status":"","sticky":false,"template":"","format":"standard","meta":{"footnotes":""},"categories":[9599],"tags":[1111,11,215,1777,674,118,1011,27,303,2208,12,2680,1072,25],"class_list":{"0":"post-662611","1":"post","2":"type-post","3":"status-publish","4":"format-standard","5":"has-post-thumbnail","7":"category-montpellier","8":"tag-actu","9":"tag-actualites","10":"tag-commerce","11":"tag-eu","12":"tag-europe","13":"tag-faits-divers","14":"tag-fr","15":"tag-france","16":"tag-justice","17":"tag-montpellier","18":"tag-news","19":"tag-occitanie","20":"tag-police","21":"tag-republique-francaise"},"share_on_mastodon":{"url":"https:\/\/pubeurope.com\/@fr\/115892787831102014","error":""},"_links":{"self":[{"href":"https:\/\/www.europesays.com\/fr\/wp-json\/wp\/v2\/posts\/662611","targetHints":{"allow":["GET"]}}],"collection":[{"href":"https:\/\/www.europesays.com\/fr\/wp-json\/wp\/v2\/posts"}],"about":[{"href":"https:\/\/www.europesays.com\/fr\/wp-json\/wp\/v2\/types\/post"}],"author":[{"embeddable":true,"href":"https:\/\/www.europesays.com\/fr\/wp-json\/wp\/v2\/users\/2"}],"replies":[{"embeddable":true,"href":"https:\/\/www.europesays.com\/fr\/wp-json\/wp\/v2\/comments?post=662611"}],"version-history":[{"count":0,"href":"https:\/\/www.europesays.com\/fr\/wp-json\/wp\/v2\/posts\/662611\/revisions"}],"wp:featuredmedia":[{"embeddable":true,"href":"https:\/\/www.europesays.com\/fr\/wp-json\/wp\/v2\/media\/662612"}],"wp:attachment":[{"href":"https:\/\/www.europesays.com\/fr\/wp-json\/wp\/v2\/media?parent=662611"}],"wp:term":[{"taxonomy":"category","embeddable":true,"href":"https:\/\/www.europesays.com\/fr\/wp-json\/wp\/v2\/categories?post=662611"},{"taxonomy":"post_tag","embeddable":true,"href":"https:\/\/www.europesays.com\/fr\/wp-json\/wp\/v2\/tags?post=662611"}],"curies":[{"name":"wp","href":"https:\/\/api.w.org\/{rel}","templated":true}]}}