{"id":662629,"date":"2026-01-14T09:47:12","date_gmt":"2026-01-14T09:47:12","guid":{"rendered":"https:\/\/www.europesays.com\/fr\/662629\/"},"modified":"2026-01-14T09:47:12","modified_gmt":"2026-01-14T09:47:12","slug":"laccelerateur-boost-cote-dazur-investit-dans-le-groupe-lignage-nouvelle","status":"publish","type":"post","link":"https:\/\/www.europesays.com\/fr\/662629\/","title":{"rendered":"L\u2019acc\u00e9l\u00e9rateur BOOST C\u00f4te d\u2019Azur investit dans le Groupe Lignage, nouvelle (\u2026)"},"content":{"rendered":"<p>                    <img loading=\"lazy\" decoding=\"async\" src=\"https:\/\/www.europesays.com\/fr\/wp-content\/uploads\/2026\/01\/601b330dd08a34685ee3fc8597ef23.png\" class=\"img-responsive post-image\" width=\"680\" height=\"510\" alt=\"L'acc\u00e9l\u00e9rateur BOOST (\u2026)\" title=\"L'acc\u00e9l\u00e9rateur BOOST C\u00f4te d'Azur investit dans le Groupe Lignage, nouvelle r\u00e9f\u00e9rence ni\u00e7oise de l'agencement sur-mesure\"\/><\/p>\n<p class=\"chapo\">Le <a href=\"https:\/\/www.petitesaffiches.fr\/actualites,069\/economie,045\/l-upe06-presente-son-accelerateur,29883.html\" target=\"_blank\" rel=\"noopener\">fonds territorial BOOST C\u00f4te d\u2019Azur<\/a> vient de r\u00e9aliser son premier investissement en accompagnant le d\u00e9veloppement du Groupe Lignage, un nouvel ensemble d\u2019entreprises ni\u00e7oises sp\u00e9cialis\u00e9es dans l\u2019agencement et la menuiserie sur-mesure. Une op\u00e9ration embl\u00e9matique de l\u2019ambition du programme\u00a0: faire grandir les PME locales tout en pr\u00e9servant les savoir-faire, les emplois et les centres de d\u00e9cision sur le territoire.<\/p>\n<p>\u00c0 l\u2019origine de Groupe Lignage,<strong> Julien Bounicaud,<\/strong> entrepreneur ancr\u00e9 dans l\u2019\u00e9conomie locale. En 2019, il reprend la <strong><a href=\"https:\/\/www.petitesaffiches.fr\/actualites,069\/economie,045\/juliane-et-julien-ont-reveille-la,18759.html\" target=\"_blank\" rel=\"noopener\">Maison de la Mousse<\/a>, <\/strong> atelier fond\u00e9 en 1979 et reconnu pour son expertise en sellerie et tapisserie sur mesure. Tr\u00e8s vite, une conviction s\u2019impose\u00a0: le march\u00e9 exprime un besoin croissant pour une offre globale d\u2019am\u00e9nagement, <strong>capable d\u2019associer le bois et le tissu dans une approche artisanale exigeante.<\/strong><br class=\"texte\"\/><br \/>\nCette vision prend forme en 2021 avec la cr\u00e9ation de la <strong>Manufacture de la M\u00e9diterran\u00e9e, <\/strong> atelier d\u2019agencement implant\u00e9 au c\u0153ur de Nice, r\u00e9unissant menuiserie, m\u00e9tallerie, sellerie et tapisserie autour d\u2019un bureau d\u2019\u00e9tudes int\u00e9gr\u00e9. En 2023, le groupe se renforce encore avec l\u2019int\u00e9gration de la <strong>Menuiserie Dalmasso<\/strong>, entreprise ni\u00e7oise reconnue depuis plus de trente ans.<\/p>\n<p>D\u00e9veloppement et croissance externe<\/p>\n<p><strong>Avec l\u2019entr\u00e9e du fonds BOOST C\u00f4te d\u2019Azur \u00e0 son capital, ces trois entit\u00e9s sont d\u00e9sormais r\u00e9unies sous une m\u00eame banni\u00e8re\u00a0: le Groupe Lignage<\/strong>. Le dirigeant demeure majoritaire, mais se dote des moyens n\u00e9cessaires pour acc\u00e9l\u00e9rer son d\u00e9veloppement, notamment par de futures op\u00e9rations de croissance externe.<br class=\"autobr\"\/><br \/>\n\u00ab\u00a0Cette nouvelle \u00e9tape nous permet d\u2019acc\u00e9l\u00e9rer tout en restant fid\u00e8les \u00e0 notre exigence et \u00e0 l\u2019ADN de nos maisons\u00a0\u00bb, explique Julien Bounicaud. <br class=\"autobr\"\/><br \/>\nImplant\u00e9 \u00e0 Nice, le Groupe Lignage intervient aupr\u00e8s d\u2019architectes, d\u2019acteurs de l\u2019h\u00f4tellerie, de franchises, de copropri\u00e9t\u00e9s et de particuliers, en s\u2019appuyant sur une capacit\u00e9 de production int\u00e9gr\u00e9e et des \u00e9quipes pluridisciplinaires. Fort de plus de quarante ans d\u2019histoire cumul\u00e9e, il ambitionne d\u00e9sormais de devenir un acteur de r\u00e9f\u00e9rence de l\u2019am\u00e9nagement sur-mesure en M\u00e9diterran\u00e9e, en conjuguant tradition artisanale et d\u00e9veloppement entrepreneurial.<br class=\"autobr\"\/><br \/>\nDu c\u00f4t\u00e9 des investisseurs, <strong>Thomas Collet<\/strong>, directeur d\u2019investissement du fonds, souligne\u00a0: \u00ab\u00a0Nous sommes tr\u00e8s heureux que le premier investissement du fonds BOOST C\u00f4te d\u2019Azur soit dans le Groupe Lignage. D\u00e8s nos premiers \u00e9changes avec Julien Bounicaud, nous avons \u00e9t\u00e9 convaincus par sa vision du m\u00e9tier, par son positionnement march\u00e9, par la dynamique consolidatrice du secteur sur notre territoire et par le potentiel de croissance.\u00a0\u00bb<\/p>\n<p>BOOST C\u00f4te d\u2019Azur<\/p>\n<p>Initi\u00e9 par l\u2019UPE06 avec l\u2019IRCE et le Groupe Turenne, BOOST C\u00f4te d\u2019Azur est op\u00e9rationnel depuis janvier 2025. Dot\u00e9 de 10 millions d\u2019euros, il vise \u00e0 accompagner la croissance des PME des Alpes-Maritimes et du Var, principalement via des prises de participation minoritaires, en mettant l\u2019accent sur la transmission des savoir-faire et le maintien de la valeur \u00e9conomique locale.<\/p>\n","protected":false},"excerpt":{"rendered":"Le fonds territorial BOOST C\u00f4te d\u2019Azur vient de r\u00e9aliser son premier investissement en accompagnant le d\u00e9veloppement du Groupe&hellip;\n","protected":false},"author":2,"featured_media":662630,"comment_status":"","ping_status":"","sticky":false,"template":"","format":"standard","meta":{"footnotes":""},"categories":[2819],"tags":[1111,11,2408,1777,674,1011,27,12,2401,882,25],"class_list":{"0":"post-662629","1":"post","2":"type-post","3":"status-publish","4":"format-standard","5":"has-post-thumbnail","7":"category-nice","8":"tag-actu","9":"tag-actualites","10":"tag-appels-d","11":"tag-eu","12":"tag-europe","13":"tag-fr","14":"tag-france","15":"tag-news","16":"tag-nice","17":"tag-provence-alpes-cote-dazur","18":"tag-republique-francaise"},"share_on_mastodon":{"url":"https:\/\/pubeurope.com\/@fr\/115892823300630174","error":""},"_links":{"self":[{"href":"https:\/\/www.europesays.com\/fr\/wp-json\/wp\/v2\/posts\/662629","targetHints":{"allow":["GET"]}}],"collection":[{"href":"https:\/\/www.europesays.com\/fr\/wp-json\/wp\/v2\/posts"}],"about":[{"href":"https:\/\/www.europesays.com\/fr\/wp-json\/wp\/v2\/types\/post"}],"author":[{"embeddable":true,"href":"https:\/\/www.europesays.com\/fr\/wp-json\/wp\/v2\/users\/2"}],"replies":[{"embeddable":true,"href":"https:\/\/www.europesays.com\/fr\/wp-json\/wp\/v2\/comments?post=662629"}],"version-history":[{"count":0,"href":"https:\/\/www.europesays.com\/fr\/wp-json\/wp\/v2\/posts\/662629\/revisions"}],"wp:featuredmedia":[{"embeddable":true,"href":"https:\/\/www.europesays.com\/fr\/wp-json\/wp\/v2\/media\/662630"}],"wp:attachment":[{"href":"https:\/\/www.europesays.com\/fr\/wp-json\/wp\/v2\/media?parent=662629"}],"wp:term":[{"taxonomy":"category","embeddable":true,"href":"https:\/\/www.europesays.com\/fr\/wp-json\/wp\/v2\/categories?post=662629"},{"taxonomy":"post_tag","embeddable":true,"href":"https:\/\/www.europesays.com\/fr\/wp-json\/wp\/v2\/tags?post=662629"}],"curies":[{"name":"wp","href":"https:\/\/api.w.org\/{rel}","templated":true}]}}