{"id":662635,"date":"2026-01-14T09:50:16","date_gmt":"2026-01-14T09:50:16","guid":{"rendered":"https:\/\/www.europesays.com\/fr\/662635\/"},"modified":"2026-01-14T09:50:16","modified_gmt":"2026-01-14T09:50:16","slug":"une-des-statues-de-la-fontaine-place-royale-a-ete-volee","status":"publish","type":"post","link":"https:\/\/www.europesays.com\/fr\/662635\/","title":{"rendered":"une des statues de la fontaine place Royale a \u00e9t\u00e9 vol\u00e9e"},"content":{"rendered":"<p>                    Par<br \/>\n        <strong><br \/>\n            <a href=\"https:\/\/actu.fr\/auteur\/laure-gentil\" title=\"Consulter tous les articles de Laure Gentil\" target=\"_blank\" rel=\"noopener\">Laure Gentil<\/a><br \/>\n                    <\/strong><\/p>\n<p>        Publi\u00e9 le<\/p>\n<p>            14 janv. 2026 \u00e0 10h29        <\/p>\n<p>Chaque \u00e9t\u00e9, <b>Le Voyage \u00e0 Nantes (VAN)<\/b> propose de mettre en valeur la ville de\u00a0<b>Nantes<\/b> \u00e0 travers des \u0153uvres d\u2019art dispos\u00e9es dans les rues de la cit\u00e9 des ducs de Bretagne. Cette ann\u00e9e, durant <a href=\"https:\/\/actu.fr\/pays-de-la-loire\/nantes_44109\/voyage-a-nantes-pourquoi-les-statues-de-la-fontaine-place-royale-vont-etre-remplacees_62574787.html\" target=\"_blank\" rel=\"noopener\">la restauration des statues de la fontaine<\/a>, le Voyage \u00e0 Nantes a install\u00e9 d\u2019autres statues, modernes et r\u00e9alistes, pour les remplacer. Les 14 figures, inspir\u00e9es de <b>personnes r\u00e9elles<\/b>, avaient \u00e9t\u00e9 choisies pour leur profession en lien avec Nantes, \u00ab\u2009\u00e0 l\u2019image des figures all\u00e9goriques originales\u2009\u00bb. Il y avait notamment\u2009: une repr\u00e9sentante de l\u2019a\u00e9ronautique, un \u00e9tudiant de l\u2019\u00e9cole de design ou encore \u00ab\u2009un g\u00e9nie de la manifestation\u2009\u00bb pour symboliser l\u2019esprit protestataire de Nantes.<\/p>\n<p class=\" wall-content\">Il s\u2019agit d\u2019une \u0153uvre de <b>Willem de Haan<\/b>, un artiste hollandais.<a href=\"https:\/\/actu.fr\/pays-de-la-loire\/nantes_44109\/nantes-on-connait-la-date-de-retour-des-statues-place-royale_63687179.html\" target=\"_blank\" rel=\"noopener\"> \u00c0 partir du 19\u00a0janvier, les anciennes statues doivent reprendre leur place apr\u00e8s avoir re\u00e7u un coup de jeune<\/a>. Le quotidien Presse Oc\u00e9an a toutefois r\u00e9v\u00e9l\u00e9 qu\u2019une des statues, celle du \u00ab\u2009g\u00e9nie de la manifestation\u2009\u00bb, a \u00e9t\u00e9 vol\u00e9e dans la nuit de vendredi \u00e0 samedi. Une information confirm\u00e9e par le Voyage \u00e0 Nantes, contact\u00e9 par actu Nantes.<\/p>\n<p>    <a href=\"https:\/\/www.facebook.com\/plugins\/post.php?href=https%3A%2F%2Fwww.facebook.com%2Fpermalink.php%3Fstory_fbid%3Dpfbid02TWcWSW4VnPUC8hCNV7SmcQgStMFJJxn6d6voKHpzx3rn47sTb2tCYmqsGtrTiw6Wl%26id%3D100009565541409&amp;show_text=true&amp;width=350\" title=\"Ouvrie le lien\" target=\"_blank\" rel=\"noopener\">Cliquez ici pour visualiser le contenu<\/a><\/p>\n<p>\u00ab\u2009Bande d\u2019incapables\u2009\u00bb<\/p>\n<p class=\" wall-content\">Dans une publication Facebook, l\u2019homme qui a servi de mod\u00e8le, Armel Fa\u00e7on, s\u2019amuse du rapt et accuse \u00ab\u2009les fachos\u2009\u00bb. Celui-ci a \u00e9t\u00e9 mis au courant par le VAN, lundi 12\u00a0janvier. \u00ab\u2009Le ton du message \u00e9tait grave et embarrass\u00e9\u2009\u00bb, raconte-t-il.<\/p>\n<blockquote class=\"ac-article-quote wall-content\">\n<p>Je l\u2019ai vite rassur\u00e9 en lui expliquant que l\u2019id\u00e9e que quelqu\u2019un souhaite monter une lampe de chevet g\u00e9ante \u00e0 mon effigie ou r\u00e9aliser un mausol\u00e9e \u00e0 la gloire de Lionel Richie dans son garage me comblait de flatterie.<\/p>\n<p>Armel Fa\u00e7on<\/p><\/blockquote>\n<p class=\" wall-content\">Le Nantais se moque de plus du timing du vol, quelques jours avant le d\u00e9montage de l\u2019\u0153uvre. \u00ab\u2009Vous auriez pu, si vous n\u2019\u00e9tiez pas une bande de cr\u00e9tins illettr\u00e9s, mener ce chapardage en plein mois d\u2019ao\u00fbt, ce qui aurait au moins eu pour effet de contrarier l\u2019artiste et le Voyage \u00e0 Nantes dans la mesure o\u00f9 la r\u00e9alisation aurait \u00e9t\u00e9 un tant soit peu d\u00e9structur\u00e9e\u2009\u00bb, s\u2019amuse-t-il. \u00ab\u2009Vous \u00eates r\u00e9ellement sensationnels et je tenais \u00e0 vous dire \u00e0 quel point il est jouissif de mener une guerre face \u00e0 une pareille bande d\u2019incapables.\u2009\u00bb<\/p>\n<p>Une autre statue a \u00e9t\u00e9 d\u00e9grad\u00e9e<\/p>\n<p class=\" wall-content\">Le Voyage \u00e0 Nantes indique de son c\u00f4t\u00e9 que \u00ab\u2009l\u2019all\u00e9gorie de la Manifestation\u2009\u00bb a \u00ab\u2009\u00e9t\u00e9 arrach\u00e9e et vol\u00e9e dans la nuit de vendredi \u00e0 samedi\u2009\u00bb et <b>annonce son intention de porter plainte<\/b>. Fin novembre, une autre statue, \u00ab\u2009le g\u00e9nie de la sant\u00e9\u2009\u00bb, a \u00e9t\u00e9 endommag\u00e9e. \u00ab\u2009En raison des d\u00e9gradations importantes constat\u00e9es et afin de garantir la s\u00e9curit\u00e9 du public ainsi que l\u2019int\u00e9grit\u00e9 de l\u2019\u0153uvre, nos \u00e9quipes techniques ont d\u00fb proc\u00e9der au retrait de la statue\u2009\u00bb, explique le VAN. Dans ce cas aussi, le VAN a port\u00e9 plainte\u2009: \u00ab\u2009Le Voyage \u00e0 Nantes <b>condamne fermement cet acte qui porte atteinte \u00e0 une cr\u00e9ation artistique\u2009\u00bb<\/b>. Une enqu\u00eate est en cours.<\/p>\n<p class=\" wall-content\">Personnalisez votre actualit\u00e9 en ajoutant vos villes et m\u00e9dias en favori avec <a href=\"https:\/\/moncompte.actu.fr\" title=\"D\u00e9couvez Mon Actu\" rel=\"nofollow noopener\" data-trk=\"{&quot;cta&quot;:{&quot;action&quot;:&quot;https:\\\/\\\/moncompte.actu.fr&quot;,&quot;category&quot;:&quot;mon compte&quot;,&quot;from&quot;:&quot;article footer&quot;,&quot;name&quot;:&quot;Mon actu&quot;,&quot;type&quot;:&quot;cta&quot;}}\" target=\"_blank\">Mon Actu<\/a>.<\/p>\n","protected":false},"excerpt":{"rendered":"Par Laure Gentil Publi\u00e9 le 14 janv. 2026 \u00e0 10h29 Chaque \u00e9t\u00e9, Le Voyage \u00e0 Nantes (VAN) propose&hellip;\n","protected":false},"author":2,"featured_media":662636,"comment_status":"","ping_status":"","sticky":false,"template":"","format":"standard","meta":{"footnotes":""},"categories":[2818],"tags":[1111,11,1777,674,118,1011,27,766,12,2636,25,34735],"class_list":{"0":"post-662635","1":"post","2":"type-post","3":"status-publish","4":"format-standard","5":"has-post-thumbnail","7":"category-nantes","8":"tag-actu","9":"tag-actualites","10":"tag-eu","11":"tag-europe","12":"tag-faits-divers","13":"tag-fr","14":"tag-france","15":"tag-nantes","16":"tag-news","17":"tag-pays-de-la-loire","18":"tag-republique-francaise","19":"tag-voyage-a-nantes"},"share_on_mastodon":{"url":"https:\/\/pubeurope.com\/@fr\/115892835045628625","error":""},"_links":{"self":[{"href":"https:\/\/www.europesays.com\/fr\/wp-json\/wp\/v2\/posts\/662635","targetHints":{"allow":["GET"]}}],"collection":[{"href":"https:\/\/www.europesays.com\/fr\/wp-json\/wp\/v2\/posts"}],"about":[{"href":"https:\/\/www.europesays.com\/fr\/wp-json\/wp\/v2\/types\/post"}],"author":[{"embeddable":true,"href":"https:\/\/www.europesays.com\/fr\/wp-json\/wp\/v2\/users\/2"}],"replies":[{"embeddable":true,"href":"https:\/\/www.europesays.com\/fr\/wp-json\/wp\/v2\/comments?post=662635"}],"version-history":[{"count":0,"href":"https:\/\/www.europesays.com\/fr\/wp-json\/wp\/v2\/posts\/662635\/revisions"}],"wp:featuredmedia":[{"embeddable":true,"href":"https:\/\/www.europesays.com\/fr\/wp-json\/wp\/v2\/media\/662636"}],"wp:attachment":[{"href":"https:\/\/www.europesays.com\/fr\/wp-json\/wp\/v2\/media?parent=662635"}],"wp:term":[{"taxonomy":"category","embeddable":true,"href":"https:\/\/www.europesays.com\/fr\/wp-json\/wp\/v2\/categories?post=662635"},{"taxonomy":"post_tag","embeddable":true,"href":"https:\/\/www.europesays.com\/fr\/wp-json\/wp\/v2\/tags?post=662635"}],"curies":[{"name":"wp","href":"https:\/\/api.w.org\/{rel}","templated":true}]}}