{"id":662639,"date":"2026-01-14T09:52:14","date_gmt":"2026-01-14T09:52:14","guid":{"rendered":"https:\/\/www.europesays.com\/fr\/662639\/"},"modified":"2026-01-14T09:52:14","modified_gmt":"2026-01-14T09:52:14","slug":"bordeaux-gerard-lopez-reaffirme-son-amour-pour-les-girondins","status":"publish","type":"post","link":"https:\/\/www.europesays.com\/fr\/662639\/","title":{"rendered":"Bordeaux : G\u00e9rard Lopez r\u00e9affirme son amour pour les Girondins"},"content":{"rendered":"<p><strong>Dans un entretien fleuve accord\u00e9 \u00e0 L\u2019Equipe, G\u00e9rard Lopez a pris le temps d\u2019\u00e9voquer un grand nombre de points concernant les Girondins de Bordeaux. L\u2019occasion aussi pour lui de r\u00e9affirmer son amour pour le club, alors qu\u2019il continue d\u2019investir dedans apr\u00e8s avoir d\u00e9j\u00e0 inject\u00e9 57 millions d\u2019euros.<\/strong><\/p>\n<p>Depuis son arriv\u00e9e aux <a href=\"https:\/\/mediafoot.net\/s\/girondins-de-bordeaux\/\" data-type=\"post_tag\" data-id=\"79\" target=\"_blank\" rel=\"noopener\">Girondins de Bordeaux<\/a>, G\u00e9rard Lopez n\u2019a globalement connu aucune r\u00e9ussite, hormis l\u2019\u00e9t\u00e9 dernier devant le Tribunal de commerce gr\u00e2ce \u00e0 son plan de continuation valid\u00e9 par la justice. Lorsqu\u2019il a pris en main le club au scapulaire, endett\u00e9 jusqu\u2019au coup, l\u2019homme d\u2019affaires hispano-luxembourgeois ne l\u2019a pas aid\u00e9 \u00e0 aller mieux : salaires mirobolants, un choix d\u2019entraineur tr\u00e8s discutable (Vladimir Petkovic) pour lancer son projet, tensions en interne\u2026 bref, peu de points positifs \u00e0 relever. Pire, alors que le FCGB \u00e9voluait encore en <a href=\"https:\/\/mediafoot.net\/competition\/ligue-1-2025-2026\/\" data-type=\"anwp_competition\" data-id=\"17521\" target=\"_blank\" rel=\"noopener\">Ligue 1<\/a>  \u00e0 son arriv\u00e9e, le voil\u00e0 qui joue d\u00e9sormais la mont\u00e9e en National en tant que leader de la poule A de National 2, la quatri\u00e8me division. S\u2019il se fait rare dans les m\u00e9dias, G\u00e9rard Lopez a quand m\u00eame tenu \u00e0 r\u00e9pondre aux nombreuses questions de L\u2019Equipe. L\u2019occasion pour lui de r\u00e9affirmer son amour pour les Girondins de Bordeaux, alors qu\u2019il continue d\u2019investir dans un club de N2 qui ne vaut plus rien aujourd\u2019hui.<\/p>\n<p>G\u00e9rard Lopez est \u00e0 fond derri\u00e8re Bordeaux<\/p>\n<p>\u00ab\u00a0Posez la question \u00e0 tous ceux qui critiquent. Moi, je le fais parce que j\u2019ai envie que ce club retrouve sa place. Et, \u00e0 la diff\u00e9rence de ceux qui n\u2019arr\u00eatent pas de critiquer et qui n\u2019investissent pas, je le fais. Quand j\u2019ai dit que nous allions passer par un plan de redressement, je l\u2019ai fait. Je l\u2019ai financ\u00e9, je continue \u00e0 le financer. Quand je suis arriv\u00e9, le club \u00e9tait au tribunal de commerce. Il n\u2019y avait personne pour le sauver, personne pour investir, personne pour faire quoi que ce soit. On doute de l\u2019amour que je peux maintenant avoir pour ce club-l\u00e0, pour les gens, pour les joueurs, pour des supporters dont je re\u00e7ois des messages de remerciements. Je le fais pour ces gens-l\u00e0. Je n\u2019ai rien \u00e0 gagner. J\u2019ai envie de faire l\u2019investissement qu\u2019il faut. Je suis patient\u00ab\u00a0, a d\u00e9clar\u00e9 G\u00e9rard Lopez au quotidien sportif fran\u00e7ais. Reste \u00e0 savoir combien de temps cela durera, et si les r\u00e9sultats sportifs suivent enfin.<\/p>\n","protected":false},"excerpt":{"rendered":"Dans un entretien fleuve accord\u00e9 \u00e0 L\u2019Equipe, G\u00e9rard Lopez a pris le temps d\u2019\u00e9voquer un grand nombre de&hellip;\n","protected":false},"author":2,"featured_media":662640,"comment_status":"","ping_status":"","sticky":false,"template":"","format":"standard","meta":{"footnotes":""},"categories":[2817],"tags":[1111,11,1997,1777,674,1011,27,12,2219,25],"class_list":{"0":"post-662639","1":"post","2":"type-post","3":"status-publish","4":"format-standard","5":"has-post-thumbnail","7":"category-bordeaux","8":"tag-actu","9":"tag-actualites","10":"tag-bordeaux","11":"tag-eu","12":"tag-europe","13":"tag-fr","14":"tag-france","15":"tag-news","16":"tag-nouvelle-aquitaine","17":"tag-republique-francaise"},"share_on_mastodon":{"url":"https:\/\/pubeurope.com\/@fr\/115892842911142289","error":""},"_links":{"self":[{"href":"https:\/\/www.europesays.com\/fr\/wp-json\/wp\/v2\/posts\/662639","targetHints":{"allow":["GET"]}}],"collection":[{"href":"https:\/\/www.europesays.com\/fr\/wp-json\/wp\/v2\/posts"}],"about":[{"href":"https:\/\/www.europesays.com\/fr\/wp-json\/wp\/v2\/types\/post"}],"author":[{"embeddable":true,"href":"https:\/\/www.europesays.com\/fr\/wp-json\/wp\/v2\/users\/2"}],"replies":[{"embeddable":true,"href":"https:\/\/www.europesays.com\/fr\/wp-json\/wp\/v2\/comments?post=662639"}],"version-history":[{"count":0,"href":"https:\/\/www.europesays.com\/fr\/wp-json\/wp\/v2\/posts\/662639\/revisions"}],"wp:featuredmedia":[{"embeddable":true,"href":"https:\/\/www.europesays.com\/fr\/wp-json\/wp\/v2\/media\/662640"}],"wp:attachment":[{"href":"https:\/\/www.europesays.com\/fr\/wp-json\/wp\/v2\/media?parent=662639"}],"wp:term":[{"taxonomy":"category","embeddable":true,"href":"https:\/\/www.europesays.com\/fr\/wp-json\/wp\/v2\/categories?post=662639"},{"taxonomy":"post_tag","embeddable":true,"href":"https:\/\/www.europesays.com\/fr\/wp-json\/wp\/v2\/tags?post=662639"}],"curies":[{"name":"wp","href":"https:\/\/api.w.org\/{rel}","templated":true}]}}