{"id":662648,"date":"2026-01-14T09:58:11","date_gmt":"2026-01-14T09:58:11","guid":{"rendered":"https:\/\/www.europesays.com\/fr\/662648\/"},"modified":"2026-01-14T09:58:11","modified_gmt":"2026-01-14T09:58:11","slug":"au-college-roy-despagne-a-marseille-les-eleves-portent-leur-voix-et-font-face-au-defi","status":"publish","type":"post","link":"https:\/\/www.europesays.com\/fr\/662648\/","title":{"rendered":"au coll\u00e8ge Roy d&rsquo;Espagne \u00e0 Marseille, les \u00e9l\u00e8ves portent leur voix et font face au d\u00e9fi"},"content":{"rendered":"<p>\u00ab\u00a0Dans un monde satur\u00e9 de bruit, le silence peut-il encore parler\u00a0? \u00a0\u00bb Peut-on viser l\u2019excellence sans sacrifier l\u2019essentiel\u00a0? \u00ab\u00a0\u00c0 force de viser la perfection, la danse perd-elle son \u00e2me\u00a0? \u00ab\u00a0<\/p>\n<p>Autant de questions sur lesquelles ces coll\u00e9giens, volontaires et s\u00e9lectionn\u00e9s, ont planch\u00e9 lors d\u2019ateliers pr\u00e9paratoires. \u00c0 l\u2019origine du projet, Philip Moreau, \u00ab\u00a0fascin\u00e9 par l\u2019oralit\u00e9\u00a0\u00bb, et Julie Reymond, tous deux assistants d\u2019\u00e9ducation et convaincus des b\u00e9n\u00e9fices d\u2019un tel exercice <a href=\"https:\/\/www.laprovence.com\/article\/region\/2321456308080914\/cest-un-levier-dascension-sociale-aix-ville-de-leloquence-un-phenomene-toujours-plus-tendance\" target=\"_blank\" rel=\"noopener\">pour pr\u00e9parer au mieux le brevet<\/a>, bien au-del\u00e0 de cette \u00e9ch\u00e9ance. Ce lundi, sur la sc\u00e8ne de l\u2019amphith\u00e9\u00e2tre du coll\u00e8ge, chaque \u00e9l\u00e8ve disposait de cinq minutes maximum pour d\u00e9fendre point de vue. Dans le public, quelques camarades, mais \u00e9galement deux invit\u00e9es de marque\u00a0: ma\u00eetres Lola Zucchelli et Claire Jacquot, avocates au barreau de Marseille et finalistes d\u2019un concours d\u2019\u00e9loquence destin\u00e9 aux jeunes professionnels, venues \u00e9couter, \u00e9valuer et encourager ces orateurs en herbe.<\/p>\n<p>\u00ab\u00a0Quand tu as un blanc, respire profond\u00e9ment \u00ab\u00a0.<\/p>\n<p>Toujours bienveillantes et favorablement surprises par \u00ab\u00a0la qualit\u00e9 globale des interventions\u00a0\u00bb, elles ont distill\u00e9 leurs pr\u00e9cieux conseils aupr\u00e8s des jeunes tr\u00e8s \u00e0 l\u2019\u00e9coute\u00a0: \u00ab\u00a0<a href=\"https:\/\/www.laprovence.com\/article\/region\/2142157332453815\/progresser-a-l-oral-grace-a-un-concours-d-eloquence\" target=\"_blank\" rel=\"noopener\">Occupe l\u2019espace<\/a>, associe les actes \u00e0 la parole, quand tu as un blanc respire profond\u00e9ment, cr\u00e9e l\u2019attente au d\u00e9but de ton intervention &#8211; ou encore &#8211; fais davantage de silences.\u00a0\u00bb Des astuces re\u00e7ues cinq sur cinq par des coll\u00e9giens dont certaines \u00ab\u00a0punchlines\u00a0\u00bb d\u00e9montraient tout le travail d\u00e9j\u00e0 accompli en amont\u00a0: \u00ab\u00a0L\u2019excellence, c\u2019est donner le meilleur de soi sans se perdre soi-m\u00eame. Une excellence qui accepte l\u2019erreur comme un apprentissage, qui accepte nos limites tout en repoussant nos horizons. \u00a0\u00bb Ou encore\u00a0: \u00ab\u00a0La danse ne perd pas son \u00e2me quand elle cherche l\u2019excellence. Elle la perd s\u00fbrement quand elle oublie pourquoi elle danse.\u00a0\u00bb<\/p>\n<p>En attendant la finale qui se d\u00e9roulera le 12\u00a0juin prochain, les coll\u00e9giens sont d\u00e9j\u00e0 conquis par cette formation qui vient pourtant s\u2019ajouter \u00e0 leur planning de cours\u00a0: \u00ab\u00a0Au d\u00e9but j\u2019avais plut\u00f4t envie de rejoindre les copains dans la cour. Mais \u00e7a m\u2019aide \u00e0 mieux faire savoir ce que je ressens. Quand on a des d\u00e9bats, \u00e7a me donne un avantage pour r\u00e9unir mes arguments, pour persuader, avec les bons gestes\u2026 \u00a0\u00bb confie Ibn Quayyim. Quant \u00e0 M\u00efa, qui suis en parall\u00e8le un cursus de danse, elle \u00e9voque \u00ab\u00a0l\u2019int\u00e9r\u00eat de r\u00e9fl\u00e9chir \u00e0 des sujets complexes, le fait de gagner en confiance, d\u2019\u00eatre \u00e0 l\u2019aise sur sc\u00e8ne.\u00a0\u00bb<\/p>\n<p>Et finalement, <a href=\"https:\/\/www.laprovence.com\/article\/societe\/10890891631565\/a-carpentras-le-concours-deloquence-du-lycee-marie-pila-remporte-par-cesar-camacho\" target=\"_blank\" rel=\"noopener\">au milieu de tous ces mots<\/a>, souvent scand\u00e9s avec talent, un coll\u00e9gien rappelle \u00e0 tous avec force que \u00ab\u00a0le silence dit parfois l\u2019essentiel, l\u00e0 o\u00f9 les mots \u00e9chouent. \u00ab\u00a0<\/p>\n","protected":false},"excerpt":{"rendered":"\u00ab\u00a0Dans un monde satur\u00e9 de bruit, le silence peut-il encore parler\u00a0? \u00a0\u00bb Peut-on viser l\u2019excellence sans sacrifier l\u2019essentiel\u00a0?&hellip;\n","protected":false},"author":2,"featured_media":662649,"comment_status":"","ping_status":"","sticky":false,"template":"","format":"standard","meta":{"footnotes":""},"categories":[2814],"tags":[5734,1111,11,1124,903,76400,35715,1777,674,1011,27,151,884,12,882,25,27659,104],"class_list":{"0":"post-662648","1":"post","2":"type-post","3":"status-publish","4":"format-standard","5":"has-post-thumbnail","7":"category-marseille","8":"tag-5734","9":"tag-actu","10":"tag-actualites","11":"tag-college","12":"tag-concours","13":"tag-deloquence","14":"tag-despagne","15":"tag-eu","16":"tag-europe","17":"tag-fr","18":"tag-france","19":"tag-les","20":"tag-marseille","21":"tag-news","22":"tag-provence-alpes-cote-dazur","23":"tag-republique-francaise","24":"tag-roy","25":"tag-societe"},"share_on_mastodon":{"url":"https:\/\/pubeurope.com\/@fr\/115892866847311469","error":""},"_links":{"self":[{"href":"https:\/\/www.europesays.com\/fr\/wp-json\/wp\/v2\/posts\/662648","targetHints":{"allow":["GET"]}}],"collection":[{"href":"https:\/\/www.europesays.com\/fr\/wp-json\/wp\/v2\/posts"}],"about":[{"href":"https:\/\/www.europesays.com\/fr\/wp-json\/wp\/v2\/types\/post"}],"author":[{"embeddable":true,"href":"https:\/\/www.europesays.com\/fr\/wp-json\/wp\/v2\/users\/2"}],"replies":[{"embeddable":true,"href":"https:\/\/www.europesays.com\/fr\/wp-json\/wp\/v2\/comments?post=662648"}],"version-history":[{"count":0,"href":"https:\/\/www.europesays.com\/fr\/wp-json\/wp\/v2\/posts\/662648\/revisions"}],"wp:featuredmedia":[{"embeddable":true,"href":"https:\/\/www.europesays.com\/fr\/wp-json\/wp\/v2\/media\/662649"}],"wp:attachment":[{"href":"https:\/\/www.europesays.com\/fr\/wp-json\/wp\/v2\/media?parent=662648"}],"wp:term":[{"taxonomy":"category","embeddable":true,"href":"https:\/\/www.europesays.com\/fr\/wp-json\/wp\/v2\/categories?post=662648"},{"taxonomy":"post_tag","embeddable":true,"href":"https:\/\/www.europesays.com\/fr\/wp-json\/wp\/v2\/tags?post=662648"}],"curies":[{"name":"wp","href":"https:\/\/api.w.org\/{rel}","templated":true}]}}