{"id":662650,"date":"2026-01-14T09:59:21","date_gmt":"2026-01-14T09:59:21","guid":{"rendered":"https:\/\/www.europesays.com\/fr\/662650\/"},"modified":"2026-01-14T09:59:21","modified_gmt":"2026-01-14T09:59:21","slug":"ces-que-les-habitants-des-4e-5e-attendent-de-leur-future-maire","status":"publish","type":"post","link":"https:\/\/www.europesays.com\/fr\/662650\/","title":{"rendered":"ces que les habitants des 4e-5e attendent de leur futur(e) maire"},"content":{"rendered":"<p>Bazil, 23\u00a0ans, r\u00e9alisateur audiovisuel<\/p>\n<p>\u00ab\u00a0Des dispositifs pour prendre en charge les plus pr\u00e9caires\u00a0\u00bb<\/p>\n<p>\u00ab\u00a0J\u2019aimerais voir sauter tous les dispositifs anti-SDF sur les bancs publics ou devant les vitrines. Et, m\u00eame si \u00e0 Marseille beaucoup d\u2019associations jouent leur r\u00f4le, il faut des dispositifs publics pour une prise en charge des plus pr\u00e9caires. Une r\u00e9flexion sur les logements vacants doit aussi \u00eatre men\u00e9e. On ne peut plus accepter de voir des immeubles vides quand des personnes dorment dehors. Le renforcement de la <a href=\"https:\/\/www.laprovence.com\/article\/region\/33923248949515\/compensation-des-le-premier-bien-a-marseille-quelle-efficacite-pour-la-nouvelle-reglementation-anti-airbnb\" target=\"_blank\" rel=\"noopener\">r\u00e9glementation contre les Airbnb<\/a> est une bonne chose et il faudrait que tout le march\u00e9 locatif soit davantage encadr\u00e9\u00a0: chacun doit pouvoir se loger dignement, notamment les \u00e9tudiants. Sur des aspects plus l\u00e9gers, j\u2019aimerais un meilleur entretien des terrains de basket, notamment \u00e0 Vallier.\u00a0\u00bb<\/p>\n<p>C\u00e9line, 45\u00a0ans, salari\u00e9e d\u2019une association<\/p>\n<p><img alt=\"C\u00e9line, 45 ans, habitante des 4e-5e arrondissements de Marseille.\" loading=\"lazy\" decoding=\"async\" data-nimg=\"fill\" class=\" TwicCore_img__i9TC1 undefined  undefined\" style=\"position:absolute;height:100%;width:100%;left:0;top:0;right:0;bottom:0;color:transparent;background-size:cover;background-position:50% 50%;background-repeat:no-repeat;background-image:url(&quot;data:image\/svg+xml;charset=utf-8,%3Csvg xmlns='http:\/\/www.w3.org\/2000\/svg' %3E%3Cfilter id='b' color-interpolation-filters='sRGB'%3E%3CfeGaussianBlur stdDeviation='20'\/%3E%3CfeColorMatrix values='1 0 0 0 0 0 1 0 0 0 0 0 1 0 0 0 0 0 100 -1' result='s'\/%3E%3CfeFlood x='0' y='0' width='100%25' height='100%25'\/%3E%3CfeComposite operator='out' in='s'\/%3E%3CfeComposite in2='SourceGraphic'\/%3E%3CfeGaussianBlur stdDeviation='20'\/%3E%3C\/filter%3E%3Cimage width='100%25' height='100%25' x='0' y='0' preserveAspectRatio='none' style='filter: url(%23b);' href='data:image\/webp;base64,UklGRjYDAABXRUJQVlA4ICoDAABwOwCdASpYAjMBPkkkkEYipC2hIHHIYbAJCWlu4XY+BNqD18Y8NfsAGklspy5cuXLly5cuXLly5cuXLly5cuXLly5cuXLly5cuXLly5cuXLly5cuXLly5cuXLly5cuXLly5cuXLly5cuXLly5cuXLly5cOmSMpCYAqxrZTly5cuXLlb+kGzWSu8K3E1y5cuXLly5cuXLly586rC9hJ59veBEwBVjWynLly5cuXLug2VFzeerXpFBoE1DzVqRnK9boVWdU5uGOkJgCrGtlOXLl3LvfxUZpxwRcmsj79wb4EbKlE\/r22O42hBnpQFwx0hMAVY1spy4YzRxqGxu6c2HW2qsf0YBKFRSEwBVjWynLly5cuaOzYEbNk92seqt0qoLUhMAVY1spy5crUBhXE756j\/F5H4PuLhYztBdg85f1XvYrGtlOXLly5cuXLly8BqjFLIyVJAdajjWODMD9LlVAXDHSEwBVjWynLly9tbE8pMCyjcR7xcMdITAFWNbKcuXLly+D+fa3VF4N6KxrZTly5cuXLly5cuXLly5cuXLly5cuXLly5cuXLly5cuXLly5cuXLly5cuXLly5cuXLly5cuXLly5cuXLly5cuXLly5cuXLly5cuXLly5cuXLly5cuXLhAAAP7\/oF7\/uk\/U\/0X960XRsIAEB2AAAAAAN70kr1HHyAOX3hkoohV27A67FGK7ZDJxBrJxh4Ojbr\/WDeEfz\/7o3pHj59TQ8XGsQUhr3sN7hFK2Jryx8ktgST6T5ReQQ3\/8iFy18d24oI\/ehYDZRlXUy0Kupe8Eo1oGLy7EtnzszCA7wOSYi2TuBOTEajrI03t4X5RtPEfwApDODep6IxUiWEqwc10ClsN9PiXJYP\/ftxQ4kB\/fvVojv0hPD+UslrCvnBMHKjiIKuNWc2UVssi9Sc7OFkej4bXkVzuyn3wK6aai9cjlMoDj0aFvX1cABgc2Kb52QF9UStQKG7NBnYzqQyNQam2c8hYLfhjPkZw8Wtbagqpsowi5hfki1bc1bmdFsUiBCz012jpiep8diCSRABf4vizRKv35xIIAoAAAAAAAAAAAAAA='\/%3E%3C\/svg%3E&quot;)\"   src=\"https:\/\/www.europesays.com\/fr\/wp-content\/uploads\/2026\/01\/celine-habitante-du-4-5-1768383532_0e73224501696028322450169c5832v_.jpg\"\/>C\u00e9line, 45 ans, habitante des 4e-5e arrondissements de Marseille. \/ Photo P.K..\u00a0\u00bbLes citoyens doivent \u00eatre plus inform\u00e9s et plus impliqu\u00e9s\u00a0\u00bb<\/p>\n<p>\u00ab\u00a0Les choses vont dans le bon sens mais j\u2019aimerais que les citoyens soient davantage inform\u00e9s et impliqu\u00e9s sur les \u00e9volutions du quartier. C\u2019est essentiel pour recr\u00e9er une vie de quartier et tisser des liens entre les habitants. Globalement, je pense qu\u2019il faut davantage d\u2019am\u00e9nagements publics et de v\u00e9g\u00e9talisation, notamment \u00e0 destination des enfants. J\u2019aimerais aussi des mesures pour permettre une <a href=\"https:\/\/www.laprovence.com\/article\/region\/1151946633076415\/crise-de-limmobilier-a-marseille-les-locataires-ne-peuvent-plus-devenir-proprietaires-dans-leur-quartier\" target=\"_blank\" rel=\"noopener\">r\u00e9gulation des loyers et des prix de l\u2019immobilier<\/a>\u00a0: ici, les prix se sont envol\u00e9s et certains n\u2019arrivent plus \u00e0 se loger. Enfin, il faut imaginer une gratuit\u00e9 (au moins partielle) des transports en commun, pour encourager les gens \u00e0 laisser leur voiture dans des parkings relais loin du centre-ville.\u00a0\u00bb<\/p>\n<p>Fran\u00e7ois, 63\u00a0ans, commer\u00e7ant<\/p>\n<p><img alt=\"Fran\u00e7ois, 63 ans, commer\u00e7ant, habitant des 4e-5e arrondissements de Marseille.\" loading=\"lazy\" decoding=\"async\" data-nimg=\"fill\" class=\" TwicCore_img__i9TC1 undefined  undefined\" style=\"position:absolute;height:100%;width:100%;left:0;top:0;right:0;bottom:0;color:transparent;background-size:cover;background-position:50% 50%;background-repeat:no-repeat;background-image:url(&quot;data:image\/svg+xml;charset=utf-8,%3Csvg xmlns='http:\/\/www.w3.org\/2000\/svg' %3E%3Cfilter id='b' color-interpolation-filters='sRGB'%3E%3CfeGaussianBlur stdDeviation='20'\/%3E%3CfeColorMatrix values='1 0 0 0 0 0 1 0 0 0 0 0 1 0 0 0 0 0 100 -1' result='s'\/%3E%3CfeFlood x='0' y='0' width='100%25' height='100%25'\/%3E%3CfeComposite operator='out' in='s'\/%3E%3CfeComposite in2='SourceGraphic'\/%3E%3CfeGaussianBlur stdDeviation='20'\/%3E%3C\/filter%3E%3Cimage width='100%25' height='100%25' x='0' y='0' preserveAspectRatio='none' style='filter: url(%23b);' href='data:image\/webp;base64,UklGRjYDAABXRUJQVlA4ICoDAABwOwCdASpYAjMBPkkkkEYipC2hIHHIYbAJCWlu4XY+BNqD18Y8NfsAGklspy5cuXLly5cuXLly5cuXLly5cuXLly5cuXLly5cuXLly5cuXLly5cuXLly5cuXLly5cuXLly5cuXLly5cuXLly5cuXLly5cOmSMpCYAqxrZTly5cuXLlb+kGzWSu8K3E1y5cuXLly5cuXLly586rC9hJ59veBEwBVjWynLly5cuXLug2VFzeerXpFBoE1DzVqRnK9boVWdU5uGOkJgCrGtlOXLl3LvfxUZpxwRcmsj79wb4EbKlE\/r22O42hBnpQFwx0hMAVY1spy4YzRxqGxu6c2HW2qsf0YBKFRSEwBVjWynLly5cuaOzYEbNk92seqt0qoLUhMAVY1spy5crUBhXE756j\/F5H4PuLhYztBdg85f1XvYrGtlOXLly5cuXLly8BqjFLIyVJAdajjWODMD9LlVAXDHSEwBVjWynLly9tbE8pMCyjcR7xcMdITAFWNbKcuXLly+D+fa3VF4N6KxrZTly5cuXLly5cuXLly5cuXLly5cuXLly5cuXLly5cuXLly5cuXLly5cuXLly5cuXLly5cuXLly5cuXLly5cuXLly5cuXLly5cuXLly5cuXLly5cuXLhAAAP7\/oF7\/uk\/U\/0X960XRsIAEB2AAAAAAN70kr1HHyAOX3hkoohV27A67FGK7ZDJxBrJxh4Ojbr\/WDeEfz\/7o3pHj59TQ8XGsQUhr3sN7hFK2Jryx8ktgST6T5ReQQ3\/8iFy18d24oI\/ehYDZRlXUy0Kupe8Eo1oGLy7EtnzszCA7wOSYi2TuBOTEajrI03t4X5RtPEfwApDODep6IxUiWEqwc10ClsN9PiXJYP\/ftxQ4kB\/fvVojv0hPD+UslrCvnBMHKjiIKuNWc2UVssi9Sc7OFkej4bXkVzuyn3wK6aai9cjlMoDj0aFvX1cABgc2Kb52QF9UStQKG7NBnYzqQyNQam2c8hYLfhjPkZw8Wtbagqpsowi5hfki1bc1bmdFsUiBCz012jpiep8diCSRABf4vizRKv35xIIAoAAAAAAAAAAAAAA='\/%3E%3C\/svg%3E&quot;)\"   src=\"https:\/\/www.europesays.com\/fr\/wp-content\/uploads\/2026\/01\/francois-habitant-du-4-5-1768383533_f0f513e6e0696e4f513e6e069e8f51v_.jpg\"\/>Fran\u00e7ois, 63 ans, commer\u00e7ant, habitant des 4e-5e arrondissements de Marseille. \/ Photo P.K.\u00a0\u00bbOn ne peut pas abandonner ce quartier aux bobos\u00a0\u00bb<\/p>\n<p>\u00ab\u00a0Je dois avouer que je suis assez m\u00e9content de ce qu\u2019est devenu mon quartier, et Marseille en g\u00e9n\u00e9ral. Des nouveaux arrivants, de Paris et d\u2019ailleurs, ont d\u00e9barqu\u00e9 et transforment notre ville. On ne peut pas abandonner ce quartier aux bobos, qui imposent certaines habitudes et font grimper les prix de l\u2019immobilier par exemple. Il n\u2019y a plus de vie de quartier et on perd l\u2019identit\u00e9 marseillaise. Je ne sais pas ce que le futur maire peut faire mais parfois, j\u2019aimerais faire marche arri\u00e8re. <a href=\"https:\/\/www.laprovence.com\/article\/region\/96319049367376\/trottoirs-couverts-de-crasse-poubelles-qui-debordent-retour-sur-un-sale-ete-a-marseille\" target=\"_blank\" rel=\"noopener\">L\u2019autre probl\u00e8me reste la propret\u00e9<\/a>. La collecte est correcte mais il y a beaucoup d\u2019incivisme des Marseillais. Je ne pense pas que la verbalisation soit la r\u00e9ponse, il faut plus d\u2019\u00e9ducation et de sensibilisation sur ce sujet.\u00a0\u00bb<\/p>\n<p><img alt=\"Eulalie, 48 ans, habitante des 4e-5e arrondissements de Marseille.\" loading=\"lazy\" decoding=\"async\" data-nimg=\"fill\" class=\" TwicCore_img__i9TC1 undefined  undefined\" style=\"position:absolute;height:100%;width:100%;left:0;top:0;right:0;bottom:0;color:transparent;background-size:cover;background-position:50% 50%;background-repeat:no-repeat;background-image:url(&quot;data:image\/svg+xml;charset=utf-8,%3Csvg xmlns='http:\/\/www.w3.org\/2000\/svg' %3E%3Cfilter id='b' color-interpolation-filters='sRGB'%3E%3CfeGaussianBlur stdDeviation='20'\/%3E%3CfeColorMatrix values='1 0 0 0 0 0 1 0 0 0 0 0 1 0 0 0 0 0 100 -1' result='s'\/%3E%3CfeFlood x='0' y='0' width='100%25' height='100%25'\/%3E%3CfeComposite operator='out' in='s'\/%3E%3CfeComposite in2='SourceGraphic'\/%3E%3CfeGaussianBlur stdDeviation='20'\/%3E%3C\/filter%3E%3Cimage width='100%25' height='100%25' x='0' y='0' preserveAspectRatio='none' style='filter: url(%23b);' href='data:image\/webp;base64,UklGRjYDAABXRUJQVlA4ICoDAABwOwCdASpYAjMBPkkkkEYipC2hIHHIYbAJCWlu4XY+BNqD18Y8NfsAGklspy5cuXLly5cuXLly5cuXLly5cuXLly5cuXLly5cuXLly5cuXLly5cuXLly5cuXLly5cuXLly5cuXLly5cuXLly5cuXLly5cOmSMpCYAqxrZTly5cuXLlb+kGzWSu8K3E1y5cuXLly5cuXLly586rC9hJ59veBEwBVjWynLly5cuXLug2VFzeerXpFBoE1DzVqRnK9boVWdU5uGOkJgCrGtlOXLl3LvfxUZpxwRcmsj79wb4EbKlE\/r22O42hBnpQFwx0hMAVY1spy4YzRxqGxu6c2HW2qsf0YBKFRSEwBVjWynLly5cuaOzYEbNk92seqt0qoLUhMAVY1spy5crUBhXE756j\/F5H4PuLhYztBdg85f1XvYrGtlOXLly5cuXLly8BqjFLIyVJAdajjWODMD9LlVAXDHSEwBVjWynLly9tbE8pMCyjcR7xcMdITAFWNbKcuXLly+D+fa3VF4N6KxrZTly5cuXLly5cuXLly5cuXLly5cuXLly5cuXLly5cuXLly5cuXLly5cuXLly5cuXLly5cuXLly5cuXLly5cuXLly5cuXLly5cuXLly5cuXLly5cuXLhAAAP7\/oF7\/uk\/U\/0X960XRsIAEB2AAAAAAN70kr1HHyAOX3hkoohV27A67FGK7ZDJxBrJxh4Ojbr\/WDeEfz\/7o3pHj59TQ8XGsQUhr3sN7hFK2Jryx8ktgST6T5ReQQ3\/8iFy18d24oI\/ehYDZRlXUy0Kupe8Eo1oGLy7EtnzszCA7wOSYi2TuBOTEajrI03t4X5RtPEfwApDODep6IxUiWEqwc10ClsN9PiXJYP\/ftxQ4kB\/fvVojv0hPD+UslrCvnBMHKjiIKuNWc2UVssi9Sc7OFkej4bXkVzuyn3wK6aai9cjlMoDj0aFvX1cABgc2Kb52QF9UStQKG7NBnYzqQyNQam2c8hYLfhjPkZw8Wtbagqpsowi5hfki1bc1bmdFsUiBCz012jpiep8diCSRABf4vizRKv35xIIAoAAAAAAAAAAAAAA='\/%3E%3C\/svg%3E&quot;)\"   src=\"https:\/\/www.europesays.com\/fr\/wp-content\/uploads\/2026\/01\/eulalie-48-ans-habitante-des-4-5-1768383533_f127331301696d52733130169b9273v_.jpg\"\/>Eulalie, 48 ans, habitante des 4e-5e arrondissements de Marseille. \/ Photo P.K.\u00a0\u00bbS\u00e9curiser les abords des \u00e9coles et les cheminements pi\u00e9tons\u00a0\u00bb<\/p>\n<p>\u00ab\u00a0On a une offre en transports en commun exemplaire dans le quartier, ce qui doit permettre de r\u00e9duire la place de la voiture. Cela permettrait de s\u00e9curiser les cheminements des pi\u00e9tons. Beaucoup de pistes cyclables sont sur le trottoir et \u00e7a ne marche pas, il faudrait les remettre sur la route. Quand on a des enfants, la cohabitation v\u00e9lo-pi\u00e9tons est dangereuse. Je pense qu\u2019un effort doit \u00eatre fait aux abords des \u00e9coles : devant Michelet-Foch, on a le tram, les voitures et les v\u00e9los qui passent sans v\u00e9ritable espace d\u00e9di\u00e9 pour la sortie des enfants. On manque \u00e9galement de v\u00e9ritables espaces verts, le <a href=\"https:\/\/www.laprovence.com\/article\/region\/2243608278938514\/marseille-dans-le-parc-longchamp-nouvelle-generation-la-nature-reprend-ses-droits\" target=\"_blank\" rel=\"noopener\">parc Longchamp<\/a> \u00e9tant l\u2019unique carr\u00e9 de verdure du quartier. Enfin, la propret\u00e9 reste un probl\u00e8me et il faudrait davantage de collectes.\u00a0\u00bb<\/p>\n<p>Fr\u00e9d\u00e9ric, 55\u00a0ans, \u00e9ducateur<\/p>\n<p><img alt=\"Fr\u00e9d\u00e9ric, 55 ans, habitant des 4e-5e arrondissements \u00e0 Marseille et \u00e9ducateur.\" loading=\"lazy\" decoding=\"async\" data-nimg=\"fill\" class=\" TwicCore_img__i9TC1 undefined  undefined\" style=\"position:absolute;height:100%;width:100%;left:0;top:0;right:0;bottom:0;color:transparent;background-size:cover;background-position:50% 50%;background-repeat:no-repeat;background-image:url(&quot;data:image\/svg+xml;charset=utf-8,%3Csvg xmlns='http:\/\/www.w3.org\/2000\/svg' %3E%3Cfilter id='b' color-interpolation-filters='sRGB'%3E%3CfeGaussianBlur stdDeviation='20'\/%3E%3CfeColorMatrix values='1 0 0 0 0 0 1 0 0 0 0 0 1 0 0 0 0 0 100 -1' result='s'\/%3E%3CfeFlood x='0' y='0' width='100%25' height='100%25'\/%3E%3CfeComposite operator='out' in='s'\/%3E%3CfeComposite in2='SourceGraphic'\/%3E%3CfeGaussianBlur stdDeviation='20'\/%3E%3C\/filter%3E%3Cimage width='100%25' height='100%25' x='0' y='0' preserveAspectRatio='none' style='filter: url(%23b);' href='data:image\/webp;base64,UklGRjYDAABXRUJQVlA4ICoDAABwOwCdASpYAjMBPkkkkEYipC2hIHHIYbAJCWlu4XY+BNqD18Y8NfsAGklspy5cuXLly5cuXLly5cuXLly5cuXLly5cuXLly5cuXLly5cuXLly5cuXLly5cuXLly5cuXLly5cuXLly5cuXLly5cuXLly5cOmSMpCYAqxrZTly5cuXLlb+kGzWSu8K3E1y5cuXLly5cuXLly586rC9hJ59veBEwBVjWynLly5cuXLug2VFzeerXpFBoE1DzVqRnK9boVWdU5uGOkJgCrGtlOXLl3LvfxUZpxwRcmsj79wb4EbKlE\/r22O42hBnpQFwx0hMAVY1spy4YzRxqGxu6c2HW2qsf0YBKFRSEwBVjWynLly5cuaOzYEbNk92seqt0qoLUhMAVY1spy5crUBhXE756j\/F5H4PuLhYztBdg85f1XvYrGtlOXLly5cuXLly8BqjFLIyVJAdajjWODMD9LlVAXDHSEwBVjWynLly9tbE8pMCyjcR7xcMdITAFWNbKcuXLly+D+fa3VF4N6KxrZTly5cuXLly5cuXLly5cuXLly5cuXLly5cuXLly5cuXLly5cuXLly5cuXLly5cuXLly5cuXLly5cuXLly5cuXLly5cuXLly5cuXLly5cuXLly5cuXLhAAAP7\/oF7\/uk\/U\/0X960XRsIAEB2AAAAAAN70kr1HHyAOX3hkoohV27A67FGK7ZDJxBrJxh4Ojbr\/WDeEfz\/7o3pHj59TQ8XGsQUhr3sN7hFK2Jryx8ktgST6T5ReQQ3\/8iFy18d24oI\/ehYDZRlXUy0Kupe8Eo1oGLy7EtnzszCA7wOSYi2TuBOTEajrI03t4X5RtPEfwApDODep6IxUiWEqwc10ClsN9PiXJYP\/ftxQ4kB\/fvVojv0hPD+UslrCvnBMHKjiIKuNWc2UVssi9Sc7OFkej4bXkVzuyn3wK6aai9cjlMoDj0aFvX1cABgc2Kb52QF9UStQKG7NBnYzqQyNQam2c8hYLfhjPkZw8Wtbagqpsowi5hfki1bc1bmdFsUiBCz012jpiep8diCSRABf4vizRKv35xIIAoAAAAAAAAAAAAAA='\/%3E%3C\/svg%3E&quot;)\"   src=\"https:\/\/www.europesays.com\/fr\/wp-content\/uploads\/2026\/01\/frederic-55-ans-habitant-des-4e-5e-arrondissements-a-marseille-et-educateur-1768383533_513c3efd56696.jpeg\"\/>Fr\u00e9d\u00e9ric, 55 ans, habitant des 4e-5e arrondissements \u00e0 Marseille et \u00e9ducateur. \/ Photo PK\u00a0\u00bbOn a besoin d\u2019entretien sur les nouveaux am\u00e9nagements\u00a0\u00bb<\/p>\n<p>\u00ab\u00a0De bonnes choses ont \u00e9t\u00e9 faites, comme l\u2019am\u00e9nagement de la place S\u00e9bastopol o\u00f9 les gens avaient envie de pouvoir se poser. Mais on a besoin d\u2019entretien sur ces nouveaux am\u00e9nagements pour ne pas en perdre les b\u00e9n\u00e9fices. Les zones v\u00e9g\u00e9talis\u00e9es sont jonch\u00e9es de d\u00e9tritus et il faut donc un suivi et sensibiliser des usagers. La propret\u00e9 s\u2019est un peu am\u00e9lior\u00e9e mais l\u2019incivisme des Marseillais reste probl\u00e9matique et s\u2019il faut taper au portefeuille\u2026 Par ailleurs, si avoir lib\u00e9r\u00e9 en partie la <a href=\"https:\/\/www.laprovence.com\/article\/region\/4773100667910314\/a-marseille-les-places-providence-et-sebastopol-en-transition-laissent-les-riverains-dubitatifs\" target=\"_blank\" rel=\"noopener\">place S\u00e9bastopol<\/a> des voitures est une bonne chose, on a besoin de places de stationnement dans le secteur. Face \u00e0 des transports en commun qui ne sont pas parfaits dans toute la ville, beaucoup d\u2019habitants ont encore besoin de leur voiture.\u00a0\u00bb<\/p>\n<p>Morgane, 33\u00a0ans, charg\u00e9e de communication<\/p>\n<p><img alt=\"Morgane, 33 ans, habitante des 4e-5e arrondissements de Marseille.\" loading=\"lazy\" decoding=\"async\" data-nimg=\"fill\" class=\" TwicCore_img__i9TC1 undefined  undefined\" style=\"position:absolute;height:100%;width:100%;left:0;top:0;right:0;bottom:0;color:transparent;background-size:cover;background-position:50% 50%;background-repeat:no-repeat;background-image:url(&quot;data:image\/svg+xml;charset=utf-8,%3Csvg xmlns='http:\/\/www.w3.org\/2000\/svg' %3E%3Cfilter id='b' color-interpolation-filters='sRGB'%3E%3CfeGaussianBlur stdDeviation='20'\/%3E%3CfeColorMatrix values='1 0 0 0 0 0 1 0 0 0 0 0 1 0 0 0 0 0 100 -1' result='s'\/%3E%3CfeFlood x='0' y='0' width='100%25' height='100%25'\/%3E%3CfeComposite operator='out' in='s'\/%3E%3CfeComposite in2='SourceGraphic'\/%3E%3CfeGaussianBlur stdDeviation='20'\/%3E%3C\/filter%3E%3Cimage width='100%25' height='100%25' x='0' y='0' preserveAspectRatio='none' style='filter: url(%23b);' href='data:image\/webp;base64,UklGRjYDAABXRUJQVlA4ICoDAABwOwCdASpYAjMBPkkkkEYipC2hIHHIYbAJCWlu4XY+BNqD18Y8NfsAGklspy5cuXLly5cuXLly5cuXLly5cuXLly5cuXLly5cuXLly5cuXLly5cuXLly5cuXLly5cuXLly5cuXLly5cuXLly5cuXLly5cOmSMpCYAqxrZTly5cuXLlb+kGzWSu8K3E1y5cuXLly5cuXLly586rC9hJ59veBEwBVjWynLly5cuXLug2VFzeerXpFBoE1DzVqRnK9boVWdU5uGOkJgCrGtlOXLl3LvfxUZpxwRcmsj79wb4EbKlE\/r22O42hBnpQFwx0hMAVY1spy4YzRxqGxu6c2HW2qsf0YBKFRSEwBVjWynLly5cuaOzYEbNk92seqt0qoLUhMAVY1spy5crUBhXE756j\/F5H4PuLhYztBdg85f1XvYrGtlOXLly5cuXLly8BqjFLIyVJAdajjWODMD9LlVAXDHSEwBVjWynLly9tbE8pMCyjcR7xcMdITAFWNbKcuXLly+D+fa3VF4N6KxrZTly5cuXLly5cuXLly5cuXLly5cuXLly5cuXLly5cuXLly5cuXLly5cuXLly5cuXLly5cuXLly5cuXLly5cuXLly5cuXLly5cuXLly5cuXLly5cuXLhAAAP7\/oF7\/uk\/U\/0X960XRsIAEB2AAAAAAN70kr1HHyAOX3hkoohV27A67FGK7ZDJxBrJxh4Ojbr\/WDeEfz\/7o3pHj59TQ8XGsQUhr3sN7hFK2Jryx8ktgST6T5ReQQ3\/8iFy18d24oI\/ehYDZRlXUy0Kupe8Eo1oGLy7EtnzszCA7wOSYi2TuBOTEajrI03t4X5RtPEfwApDODep6IxUiWEqwc10ClsN9PiXJYP\/ftxQ4kB\/fvVojv0hPD+UslrCvnBMHKjiIKuNWc2UVssi9Sc7OFkej4bXkVzuyn3wK6aai9cjlMoDj0aFvX1cABgc2Kb52QF9UStQKG7NBnYzqQyNQam2c8hYLfhjPkZw8Wtbagqpsowi5hfki1bc1bmdFsUiBCz012jpiep8diCSRABf4vizRKv35xIIAoAAAAAAAAAAAAAA='\/%3E%3C\/svg%3E&quot;)\"   src=\"https:\/\/www.europesays.com\/fr\/wp-content\/uploads\/2026\/01\/morgan-habitante-des-4-5-1768383534_cac08600116963ce086001169c1f08v_.jpg\"\/>Morgane, 33 ans, habitante des 4e-5e arrondissements de Marseille. \/ Photo P.K.\u00a0\u00bbIl n\u2019y a pas eu de v\u00e9ritable \u00e9volution sur les transports\u00a0\u00bb<\/p>\n<p>\u00ab\u00a0J\u2019habite <a href=\"https:\/\/www.laprovence.com\/article\/region\/1039541044231215\/quartiers-de-marseille-le-camas-un-village-branche\" target=\"_blank\" rel=\"noopener\">le Camas<\/a> depuis six ans et il n\u2019y a pas eu de v\u00e9ritable \u00e9volution sur les transports depuis. Si le quartier est plut\u00f4t bien dot\u00e9, il est difficile de rejoindre certaines parties de la ville en transports en commun. Aller vers le littoral ou le nord de la ville sans voiture est un parcours du combattant et il faudrait un d\u00e9veloppement des transports \u00e0 la hauteur de la ville. Le logement constitue aussi une priorit\u00e9, avec des loyers qui ont flamb\u00e9 depuis le Covid. J\u2019attends aussi de vraies mesures en faveur de l\u2019\u00e9cologie, notamment de v\u00e9ritables sanctions pour les grandes entreprises ou les bateaux de croisi\u00e8res, qui polluent \u00e9norm\u00e9ment et rendent d\u00e9risoires les efforts individuels des petits citoyens.\u00a0\u00bb<\/p>\n","protected":false},"excerpt":{"rendered":"Bazil, 23\u00a0ans, r\u00e9alisateur audiovisuel \u00ab\u00a0Des dispositifs pour prendre en charge les plus pr\u00e9caires\u00a0\u00bb \u00ab\u00a0J\u2019aimerais voir sauter tous les&hellip;\n","protected":false},"author":2,"featured_media":662651,"comment_status":"","ping_status":"","sticky":false,"template":"","format":"standard","meta":{"footnotes":""},"categories":[2814],"tags":[5734,1111,11,154,1777,674,1011,27,4021,151,884,3554,12,882,746,16,25],"class_list":{"0":"post-662650","1":"post","2":"type-post","3":"status-publish","4":"format-standard","5":"has-post-thumbnail","7":"category-marseille","8":"tag-5734","9":"tag-actu","10":"tag-actualites","11":"tag-des","12":"tag-eu","13":"tag-europe","14":"tag-fr","15":"tag-france","16":"tag-habitants","17":"tag-les","18":"tag-marseille","19":"tag-municipales","20":"tag-news","21":"tag-provence-alpes-cote-dazur","22":"tag-que","23":"tag-region","24":"tag-republique-francaise"},"share_on_mastodon":{"url":"https:\/\/pubeurope.com\/@fr\/115892870655235631","error":""},"_links":{"self":[{"href":"https:\/\/www.europesays.com\/fr\/wp-json\/wp\/v2\/posts\/662650","targetHints":{"allow":["GET"]}}],"collection":[{"href":"https:\/\/www.europesays.com\/fr\/wp-json\/wp\/v2\/posts"}],"about":[{"href":"https:\/\/www.europesays.com\/fr\/wp-json\/wp\/v2\/types\/post"}],"author":[{"embeddable":true,"href":"https:\/\/www.europesays.com\/fr\/wp-json\/wp\/v2\/users\/2"}],"replies":[{"embeddable":true,"href":"https:\/\/www.europesays.com\/fr\/wp-json\/wp\/v2\/comments?post=662650"}],"version-history":[{"count":0,"href":"https:\/\/www.europesays.com\/fr\/wp-json\/wp\/v2\/posts\/662650\/revisions"}],"wp:featuredmedia":[{"embeddable":true,"href":"https:\/\/www.europesays.com\/fr\/wp-json\/wp\/v2\/media\/662651"}],"wp:attachment":[{"href":"https:\/\/www.europesays.com\/fr\/wp-json\/wp\/v2\/media?parent=662650"}],"wp:term":[{"taxonomy":"category","embeddable":true,"href":"https:\/\/www.europesays.com\/fr\/wp-json\/wp\/v2\/categories?post=662650"},{"taxonomy":"post_tag","embeddable":true,"href":"https:\/\/www.europesays.com\/fr\/wp-json\/wp\/v2\/tags?post=662650"}],"curies":[{"name":"wp","href":"https:\/\/api.w.org\/{rel}","templated":true}]}}