{"id":662655,"date":"2026-01-14T10:03:11","date_gmt":"2026-01-14T10:03:11","guid":{"rendered":"https:\/\/www.europesays.com\/fr\/662655\/"},"modified":"2026-01-14T10:03:11","modified_gmt":"2026-01-14T10:03:11","slug":"emerige-paris-75","status":"publish","type":"post","link":"https:\/\/www.europesays.com\/fr\/662655\/","title":{"rendered":"Emerige (Paris, 75)"},"content":{"rendered":"<p class=\"c-paragraph\"><b>Pr\u00e9sent en Ile-de-France et sur le territoire de Nice C\u00f4te d\u2019Azur, le groupe ouvre un nouveau chapitre en se d\u00e9veloppant dans les territoires en 2026. Parmi les projets exceptionnels, le programme de la Pointe des Arts sur l\u2019\u00eele Seguin (Hauts-de-Seine) d\u00e9ploy\u00e9, d\u2019ici fin 2026, sur 53 000 m2 avec un centre d\u2019art, un cin\u00e9ma Path\u00e9, un h\u00f4tel 4 \u00e9toiles, des commerces et le futur si\u00e8ge social d\u2019Emerige. Secteur d\u2019activit\u00e9 :<\/b> promotion immobili\u00e8re. <b>Zone d\u2019intervention : <\/b>Ile-de-France, Nice C\u00f4te d\u2019Azur. CA 2024 : 433,5 M\u20ac. <b>Projet<\/b> : \u00ab C\u0153ur de Carnol\u00e8s \u00bb \u00e0 Roquebrune-Cap-Martin (06) avec 363 logements, des commerces, des bureaux et des \u00e9quipements publics. <b>D\u00e9cideur <\/b>: Laurent Dumas (pr\u00e9sident).<\/p>\n<p class=\"c-paragraph\"><b>Contact <\/b>: communication@emerige.com, t\u00e9l. : 01.47.03.48.63.<\/p>\n","protected":false},"excerpt":{"rendered":"Pr\u00e9sent en Ile-de-France et sur le territoire de Nice C\u00f4te d\u2019Azur, le groupe ouvre un nouveau chapitre en&hellip;\n","protected":false},"author":2,"featured_media":662656,"comment_status":"","ping_status":"","sticky":false,"template":"","format":"standard","meta":{"footnotes":""},"categories":[1592],"tags":[1111,11,1777,674,1011,27,662,58877,12,626,25],"class_list":{"0":"post-662655","1":"post","2":"type-post","3":"status-publish","4":"format-standard","5":"has-post-thumbnail","7":"category-ile-de-france","8":"tag-actu","9":"tag-actualites","10":"tag-eu","11":"tag-europe","12":"tag-fr","13":"tag-france","14":"tag-ile-de-france","15":"tag-le-maitre-douvrage-de-la-semaine","16":"tag-news","17":"tag-paris","18":"tag-republique-francaise"},"share_on_mastodon":{"url":"https:\/\/pubeurope.com\/@fr\/115892886449316108","error":""},"_links":{"self":[{"href":"https:\/\/www.europesays.com\/fr\/wp-json\/wp\/v2\/posts\/662655","targetHints":{"allow":["GET"]}}],"collection":[{"href":"https:\/\/www.europesays.com\/fr\/wp-json\/wp\/v2\/posts"}],"about":[{"href":"https:\/\/www.europesays.com\/fr\/wp-json\/wp\/v2\/types\/post"}],"author":[{"embeddable":true,"href":"https:\/\/www.europesays.com\/fr\/wp-json\/wp\/v2\/users\/2"}],"replies":[{"embeddable":true,"href":"https:\/\/www.europesays.com\/fr\/wp-json\/wp\/v2\/comments?post=662655"}],"version-history":[{"count":0,"href":"https:\/\/www.europesays.com\/fr\/wp-json\/wp\/v2\/posts\/662655\/revisions"}],"wp:featuredmedia":[{"embeddable":true,"href":"https:\/\/www.europesays.com\/fr\/wp-json\/wp\/v2\/media\/662656"}],"wp:attachment":[{"href":"https:\/\/www.europesays.com\/fr\/wp-json\/wp\/v2\/media?parent=662655"}],"wp:term":[{"taxonomy":"category","embeddable":true,"href":"https:\/\/www.europesays.com\/fr\/wp-json\/wp\/v2\/categories?post=662655"},{"taxonomy":"post_tag","embeddable":true,"href":"https:\/\/www.europesays.com\/fr\/wp-json\/wp\/v2\/tags?post=662655"}],"curies":[{"name":"wp","href":"https:\/\/api.w.org\/{rel}","templated":true}]}}