{"id":662657,"date":"2026-01-14T10:04:10","date_gmt":"2026-01-14T10:04:10","guid":{"rendered":"https:\/\/www.europesays.com\/fr\/662657\/"},"modified":"2026-01-14T10:04:10","modified_gmt":"2026-01-14T10:04:10","slug":"apres-avoir-passe-la-nuit-a-paris-les-tracteurs-ont-quitte-la-capitale","status":"publish","type":"post","link":"https:\/\/www.europesays.com\/fr\/662657\/","title":{"rendered":"apr\u00e8s avoir pass\u00e9 la nuit \u00e0 Paris, les tracteurs ont quitt\u00e9 la capitale"},"content":{"rendered":"<p>                    Par<br \/>\n        <strong><br \/>\n            <a href=\"https:\/\/actu.fr\/auteur\/redaction-paris\" title=\"Consulter tous les articles de R\u00e9daction Paris\" target=\"_blank\" rel=\"noopener\">R\u00e9daction Paris<\/a><br \/>\n                    <\/strong><\/p>\n<p>        Publi\u00e9 le<\/p>\n<p>            14 janv. 2026 \u00e0 8h33        <\/p>\n<p>Ils avaient <a href=\"https:\/\/actu.fr\/ile-de-france\/paris_75056\/colere-des-agriculteurs-la-fnsea-va-passer-la-nuit-devant-l-assemblee-nationale-a-paris_63694426.html\" target=\"_blank\" rel=\"noopener\">prolong\u00e9 leur s\u00e9jour \u00e0 Paris d\u2019une nuit<\/a> mais ont finalement quitt\u00e9 la capitale ce jeudi 14 janvier 2026, en tout d\u00e9but de matin\u00e9e. Les <a href=\"https:\/\/actu.fr\/ile-de-france\/paris_75056\/colere-des-agriculteurs-les-tracteurs-de-retour-a-paris-voici-leur-parcours-dans-la-capitale_63689363.html\" target=\"_blank\" rel=\"noopener\">350 tracteurs et agriculteurs<\/a> de la FNSEA et des Jeunes Agriculteurs \u00e9taient venus dans la capitale pour <strong>\u00ab se faire entendre \u00bb<\/strong> par le gouvernement et exposer leurs revendications. Dans l\u2019apr\u00e8s-midi, le Premier ministre S\u00e9bastien Lecornu a annonc\u00e9 un \u00ab projet de loi d\u2019urgence \u00bb qui sera pr\u00e9sent\u00e9 dans la foul\u00e9e du Salon de l\u2019agriculture, en mars 2026.<\/p>\n<p>Les demandes entendues<\/p>\n<p class=\" wall-content\">\u00ab\u00a0Une d\u00e9l\u00e9gation a \u00e9t\u00e9 re\u00e7ue vers minuit par la ministre de l\u2019Agriculture Annie Genevard qui nous a donn\u00e9 des pr\u00e9cisions et des engagements sur les <strong>pr\u00eats de tr\u00e9sorerie<\/strong> et de restructuration pour les agriculteurs les plus endett\u00e9s\u00a0\u00bb, a confi\u00e9 \u00e0 l\u2019AFP le vice-pr\u00e9sident de la FNSEA Luc Smessaert, avant de repartir dans l\u2019Oise.<\/p>\n<p class=\" wall-content\">Obtenir des avanc\u00e9es sur le sujet de la tr\u00e9sorerie avait \u00e9t\u00e9 mentionn\u00e9 mardi soir par Damien Greffin, autre vice-pr\u00e9sident de la FNSEA, au moment de <strong>justifier la poursuite<\/strong> de la mobilisation \u00ab\u00a0pour la nuit\u00a0\u00bb devant l\u2019Assembl\u00e9e nationale.<\/p>\n<p class=\" wall-content\">Satisfaits de la r\u00e9ponse du gouvernement, les premiers tracteurs ont commenc\u00e9 \u00e0 d\u00e9serter la capitale vers 4 heures. \u00ab\u00a0\u00c0 6h20, l\u2019ensemble des engins agricoles avaient <strong>quitt\u00e9 Paris<\/strong>\u00ab\u00a0, selon la pr\u00e9fecture de police.<\/p>\n<p>Prochaine mobilisation : Strasbourg<\/p>\n<p class=\" wall-content\">Les annonces de ce mardi r\u00e9pondaient quasiment <strong>point par point<\/strong> \u00e0 des demandes de la FNSEA et des JA, alliance qui domine le syndicalisme agricole et dont les sections locales du grand bassin parisien. Le chef du gouvernement a enfin \u00e9voqu\u00e9 des r\u00e9unions pour \u00e9tudier \u00ab\u00a0les possibilit\u00e9s de d\u00e9rogation\u00a0\u00bb \u00e0 la directive europ\u00e9enne sur les nitrates, qui encadre notamment les \u00e9pandages d\u2019engrais par les agriculteurs.<\/p>\n<p>    <a href=\"https:\/\/www.facebook.com\/plugins\/post.php?href=https%3A%2F%2Fwww.facebook.com%2Flafnsea%2Fposts%2Fpfbid0czGW8WuFrh8dq3PsLn7182aSTWjao7n8nf931DbnqR82kY8dyNs7nh1QU9GknVw3l&amp;show_text=true&amp;width=350\" title=\"Ouvrie le lien\" target=\"_blank\" rel=\"noopener\">Cliquez ici pour visualiser le contenu<\/a><\/p>\n<p class=\" wall-content\">Cela s\u2019ajoute \u00e0 un paquet de <strong>\u00ab\u00a0300 millions d\u2019euros\u00a0\u00bb<\/strong> annonc\u00e9 vendredi et qui contient des mesures pr\u00e9vues \u00e0 la fois dans le budget, et donc soumises au vote des parlementaires, et d\u2019autres d\u00e9j\u00e0 \u00e9gren\u00e9es ces derni\u00e8res semaines par le gouvernement pour r\u00e9pondre \u00e0 la crise agricole.<\/p>\n<p>Votre r\u00e9gion, votre actu !<\/p>\n<p>Recevez chaque jour les infos qui comptent pour vous.<\/p>\n<p>\t<a href=\"https:\/\/actu.fr\/newsletter\" class=\"ac-btn ac-btn--corner ac-btn--medium ac-btn--blue800\" target=\"_blank\" rel=\"noopener\">S&rsquo;incrire<\/a><\/p>\n<p class=\" wall-content\">Prochaine \u00e9tape pour les agriculteurs : la mobilisation pr\u00e9vue le 20 janvier 2026 \u00e0 <strong>Strasbourg<\/strong> aux c\u00f4t\u00e9s de l\u2019ensemble des organisations europ\u00e9ennes d\u2019agriculteurs, pour interpeller les d\u00e9put\u00e9s europ\u00e9ens sur le Mercosur.<\/p>\n<p class=\" wall-content\">Avec AFP.<\/p>\n<p class=\" wall-content\">Personnalisez votre actualit\u00e9 en ajoutant vos villes et m\u00e9dias en favori avec <a href=\"https:\/\/moncompte.actu.fr\" title=\"D\u00e9couvez Mon Actu\" rel=\"nofollow noopener\" data-trk=\"{&quot;cta&quot;:{&quot;action&quot;:&quot;https:\\\/\\\/moncompte.actu.fr&quot;,&quot;category&quot;:&quot;mon compte&quot;,&quot;from&quot;:&quot;article footer&quot;,&quot;name&quot;:&quot;Mon actu&quot;,&quot;type&quot;:&quot;cta&quot;}}\" target=\"_blank\">Mon Actu<\/a>.<\/p>\n","protected":false},"excerpt":{"rendered":"Par R\u00e9daction Paris Publi\u00e9 le 14 janv. 2026 \u00e0 8h33 Ils avaient prolong\u00e9 leur s\u00e9jour \u00e0 Paris d\u2019une&hellip;\n","protected":false},"author":2,"featured_media":662658,"comment_status":"","ping_status":"","sticky":false,"template":"","format":"standard","meta":{"footnotes":""},"categories":[1888],"tags":[1111,1928,11,1927,327,1777,674,1011,27,1272,12,1926,626,1925,25,104],"class_list":{"0":"post-662657","1":"post","2":"type-post","3":"status-publish","4":"format-standard","5":"has-post-thumbnail","7":"category-paris","8":"tag-actu","9":"tag-actu-paris","10":"tag-actualites","11":"tag-actualites-paris","12":"tag-agriculture","13":"tag-eu","14":"tag-europe","15":"tag-fr","16":"tag-france","17":"tag-manifestations","18":"tag-news","19":"tag-news-paris","20":"tag-paris","21":"tag-paris-news","22":"tag-republique-francaise","23":"tag-societe"},"share_on_mastodon":{"url":"https:\/\/pubeurope.com\/@fr\/115892890067798324","error":""},"_links":{"self":[{"href":"https:\/\/www.europesays.com\/fr\/wp-json\/wp\/v2\/posts\/662657","targetHints":{"allow":["GET"]}}],"collection":[{"href":"https:\/\/www.europesays.com\/fr\/wp-json\/wp\/v2\/posts"}],"about":[{"href":"https:\/\/www.europesays.com\/fr\/wp-json\/wp\/v2\/types\/post"}],"author":[{"embeddable":true,"href":"https:\/\/www.europesays.com\/fr\/wp-json\/wp\/v2\/users\/2"}],"replies":[{"embeddable":true,"href":"https:\/\/www.europesays.com\/fr\/wp-json\/wp\/v2\/comments?post=662657"}],"version-history":[{"count":0,"href":"https:\/\/www.europesays.com\/fr\/wp-json\/wp\/v2\/posts\/662657\/revisions"}],"wp:featuredmedia":[{"embeddable":true,"href":"https:\/\/www.europesays.com\/fr\/wp-json\/wp\/v2\/media\/662658"}],"wp:attachment":[{"href":"https:\/\/www.europesays.com\/fr\/wp-json\/wp\/v2\/media?parent=662657"}],"wp:term":[{"taxonomy":"category","embeddable":true,"href":"https:\/\/www.europesays.com\/fr\/wp-json\/wp\/v2\/categories?post=662657"},{"taxonomy":"post_tag","embeddable":true,"href":"https:\/\/www.europesays.com\/fr\/wp-json\/wp\/v2\/tags?post=662657"}],"curies":[{"name":"wp","href":"https:\/\/api.w.org\/{rel}","templated":true}]}}